{"id":1031,"date":"2020-04-08T17:41:14","date_gmt":"2020-04-08T17:41:14","guid":{"rendered":"http:\/\/retoelajorge.es\/?p=1031"},"modified":"2020-04-08T17:41:19","modified_gmt":"2020-04-08T17:41:19","slug":"yomequedoencasaperoactuo","status":"publish","type":"post","link":"https:\/\/retoelajorge.es\/index.php\/2020\/04\/08\/yomequedoencasaperoactuo\/","title":{"rendered":"#YoMeQuedoEnCasaPeroAct\u00fao"},"content":{"rendered":"\n<p class=\"has-medium-font-size\"><strong>Holaaa chicosss que tall <\/strong><\/p>\n\n\n\n<p>La ELA me tiene confinado en mi cuerpo y el coronavirus en mi casa, cuando a\u00fan puedo salir algo. <br>La ELA me tiene sentenciado a muerte y el coronavirus puede adelantar la fecha. <br>Es duro que te priven de tu libertad, de los abrazos, besos , o del aislamiento social . Esto para vosotros ser\u00e1 pasajero, pero para muchos no. Los enfermos de ELA, adem\u00e1s de estar viviendo todo esto, vivimos con el miedo a no sufrir un contratiempo por la enfermedad y tener que salir por una urgencia al hospital. Sabemos que un contagio ser\u00eda muerte segura. O \u00bfqu\u00e9 tendr\u00e9 que hacer una vez pase el confinamiento, pero el virus siga? \u00bfDejar de tener contacto con mi hija y mujer ? \u00bfNo acercarme a nadie? Porque mi familia tiene que seguir con su vida y yo no dejar\u00e9 de pedirles abrazos y besos. <br>Espero que todo esto nos haga entender la importancia de los cient\u00edficos\/as y que gracias a ellos, junto a nuestros sanitarios, son los \u00fanicos que dan lo que de verdad importa, esperanza de vida. Yo lo tengo clar\u00edsimo y por eso llevo todos estos a\u00f1os denunciando y apoyando la situaci\u00f3n que tenemos. Hagamos lo que est\u00e9 en nuestras manos por cambiarlo. Ahora s\u00ed nos acordamos de ellos, pero mientras un pol\u00edtico gana de 50.000\u20ac hacia arriba un cient\u00edfico, si tiene la suerte de trabajar, es mileurista, como muchos sanitarios. <\/p>\n\n\n\n<hr class=\"wp-block-separator is-style-dots\"\/>\n\n\n\n<h4 class=\"wp-block-heading\">Act\u00faa<\/h4>\n\n\n\n<p>Ay\u00fadanos y colabora en esta <a href=\"https:\/\/iniciativassolidarias.msf.es\/fundraisers\/yomequedoencasaperoactuo\" target=\"_blank\" rel=\"noreferrer noopener\">iniciativa solidaria<\/a> encaminada a prestar un peque\u00f1o apoyo econ\u00f3mico a la organizaci\u00f3n no gubernamental, M\u00e9dicos sin Fronteras para afrontar la emergencia sanitaria que estamos viviendo estos d\u00edas.<\/p>\n\n\n\n<figure class=\"wp-block-embed-youtube wp-block-embed is-type-video is-provider-youtube wp-embed-aspect-16-9 wp-has-aspect-ratio\"><div class=\"wp-block-embed__wrapper\">\n<iframe loading=\"lazy\" title=\"#YoMeQuedoEnCasaPeroAct\u00fao\" width=\"640\" height=\"360\" src=\"https:\/\/www.youtube.com\/embed\/bR51IU96e5A?feature=oembed\" frameborder=\"0\" allow=\"accelerometer; autoplay; clipboard-write; encrypted-media; gyroscope; picture-in-picture; web-share\" referrerpolicy=\"strict-origin-when-cross-origin\" allowfullscreen><\/iframe>\n<\/div><\/figure>\n\n\n\n<p><\/p>\n\n\n\n<h4 class=\"wp-block-heading\">V\u00eddeos de apoyo<\/h4>\n\n\n\n<figure class=\"wp-block-embed-youtube wp-block-embed is-type-video is-provider-youtube wp-embed-aspect-16-9 wp-has-aspect-ratio\"><div class=\"wp-block-embed__wrapper\">\n<iframe loading=\"lazy\" title=\"#YoMeQuedoEnCasaPeroAct\u00fao\" width=\"640\" height=\"360\" src=\"https:\/\/www.youtube.com\/embed\/LtgzpIkswrc?feature=oembed\" frameborder=\"0\" allow=\"accelerometer; autoplay; clipboard-write; encrypted-media; gyroscope; picture-in-picture; web-share\" referrerpolicy=\"strict-origin-when-cross-origin\" allowfullscreen><\/iframe>\n<\/div><figcaption>Chelo act\u00faa<\/figcaption><\/figure>\n\n\n\n<p><\/p>\n","protected":false},"excerpt":{"rendered":"<p>Holaaa chicosss que tall La ELA me tiene confinado en mi cuerpo y el coronavirus en mi casa, cuando a\u00fan puedo salir algo. La ELA me tiene sentenciado a muerte y el coronavirus puede&#8230;<\/p>\n","protected":false},"author":1,"featured_media":1039,"comment_status":"open","ping_status":"open","sticky":false,"template":"","format":"standard","meta":{"footnotes":""},"categories":[41],"tags":[66,65,67],"class_list":["post-1031","post","type-post","status-publish","format-standard","has-post-thumbnail","hentry","category-solidaridad","tag-coronavirus","tag-covid-19","tag-medicos-sin-fronteras"],"yoast_head":"<!-- This site is optimized with the Yoast SEO plugin v26.7 - https:\/\/yoast.com\/wordpress\/plugins\/seo\/ -->\n<title>#YoMeQuedoEnCasaPeroAct\u00fao - Mis retos por la ELA<\/title>\n<meta name=\"robots\" content=\"index, follow, max-snippet:-1, max-image-preview:large, max-video-preview:-1\" \/>\n<link rel=\"canonical\" href=\"https:\/\/retoelajorge.es\/index.php\/2020\/04\/08\/yomequedoencasaperoactuo\/\" \/>\n<meta property=\"og:locale\" content=\"es_ES\" \/>\n<meta property=\"og:type\" content=\"article\" \/>\n<meta property=\"og:title\" content=\"#YoMeQuedoEnCasaPeroAct\u00fao - Mis retos por la ELA\" \/>\n<meta property=\"og:description\" content=\"Holaaa chicosss que tall La ELA me tiene confinado en mi cuerpo y el coronavirus en mi casa, cuando a\u00fan puedo salir algo. La ELA me tiene sentenciado a muerte y el coronavirus puede...\" \/>\n<meta property=\"og:url\" content=\"https:\/\/retoelajorge.es\/index.php\/2020\/04\/08\/yomequedoencasaperoactuo\/\" \/>\n<meta property=\"og:site_name\" content=\"Mis retos por la ELA\" \/>\n<meta property=\"article:published_time\" content=\"2020-04-08T17:41:14+00:00\" \/>\n<meta property=\"article:modified_time\" content=\"2020-04-08T17:41:19+00:00\" \/>\n<meta property=\"og:image\" content=\"https:\/\/retoelajorge.es\/wp-content\/uploads\/2020\/04\/msf.jpg\" \/>\n\t<meta property=\"og:image:width\" content=\"996\" \/>\n\t<meta property=\"og:image:height\" content=\"559\" \/>\n\t<meta property=\"og:image:type\" content=\"image\/jpeg\" \/>\n<meta name=\"author\" content=\"retoelajorge\" \/>\n<meta name=\"twitter:card\" content=\"summary_large_image\" \/>\n<meta name=\"twitter:label1\" content=\"Escrito por\" \/>\n\t<meta name=\"twitter:data1\" content=\"retoelajorge\" \/>\n\t<meta name=\"twitter:label2\" content=\"Tiempo de lectura\" \/>\n\t<meta name=\"twitter:data2\" content=\"2 minutos\" \/>\n<script type=\"application\/ld+json\" class=\"yoast-schema-graph\">{\"@context\":\"https:\/\/schema.org\",\"@graph\":[{\"@type\":\"Article\",\"@id\":\"https:\/\/retoelajorge.es\/index.php\/2020\/04\/08\/yomequedoencasaperoactuo\/#article\",\"isPartOf\":{\"@id\":\"https:\/\/retoelajorge.es\/index.php\/2020\/04\/08\/yomequedoencasaperoactuo\/\"},\"author\":{\"name\":\"retoelajorge\",\"@id\":\"https:\/\/retoelajorge.es\/#\/schema\/person\/0e209413f2de4fe381eda14e12288b7d\"},\"headline\":\"#YoMeQuedoEnCasaPeroAct\u00fao\",\"datePublished\":\"2020-04-08T17:41:14+00:00\",\"dateModified\":\"2020-04-08T17:41:19+00:00\",\"mainEntityOfPage\":{\"@id\":\"https:\/\/retoelajorge.es\/index.php\/2020\/04\/08\/yomequedoencasaperoactuo\/\"},\"wordCount\":303,\"commentCount\":0,\"publisher\":{\"@id\":\"https:\/\/retoelajorge.es\/#organization\"},\"image\":{\"@id\":\"https:\/\/retoelajorge.es\/index.php\/2020\/04\/08\/yomequedoencasaperoactuo\/#primaryimage\"},\"thumbnailUrl\":\"https:\/\/retoelajorge.es\/wp-content\/uploads\/2020\/04\/msf.jpg\",\"keywords\":[\"Coronavirus\",\"COVID-19\",\"M\u00e9dicos sin fronteras\"],\"articleSection\":[\"Solidaridad\"],\"inLanguage\":\"es\",\"potentialAction\":[{\"@type\":\"CommentAction\",\"name\":\"Comment\",\"target\":[\"https:\/\/retoelajorge.es\/index.php\/2020\/04\/08\/yomequedoencasaperoactuo\/#respond\"]}]},{\"@type\":\"WebPage\",\"@id\":\"https:\/\/retoelajorge.es\/index.php\/2020\/04\/08\/yomequedoencasaperoactuo\/\",\"url\":\"https:\/\/retoelajorge.es\/index.php\/2020\/04\/08\/yomequedoencasaperoactuo\/\",\"name\":\"#YoMeQuedoEnCasaPeroAct\u00fao - Mis retos por la ELA\",\"isPartOf\":{\"@id\":\"https:\/\/retoelajorge.es\/#website\"},\"primaryImageOfPage\":{\"@id\":\"https:\/\/retoelajorge.es\/index.php\/2020\/04\/08\/yomequedoencasaperoactuo\/#primaryimage\"},\"image\":{\"@id\":\"https:\/\/retoelajorge.es\/index.php\/2020\/04\/08\/yomequedoencasaperoactuo\/#primaryimage\"},\"thumbnailUrl\":\"https:\/\/retoelajorge.es\/wp-content\/uploads\/2020\/04\/msf.jpg\",\"datePublished\":\"2020-04-08T17:41:14+00:00\",\"dateModified\":\"2020-04-08T17:41:19+00:00\",\"breadcrumb\":{\"@id\":\"https:\/\/retoelajorge.es\/index.php\/2020\/04\/08\/yomequedoencasaperoactuo\/#breadcrumb\"},\"inLanguage\":\"es\",\"potentialAction\":[{\"@type\":\"ReadAction\",\"target\":[\"https:\/\/retoelajorge.es\/index.php\/2020\/04\/08\/yomequedoencasaperoactuo\/\"]}]},{\"@type\":\"ImageObject\",\"inLanguage\":\"es\",\"@id\":\"https:\/\/retoelajorge.es\/index.php\/2020\/04\/08\/yomequedoencasaperoactuo\/#primaryimage\",\"url\":\"https:\/\/retoelajorge.es\/wp-content\/uploads\/2020\/04\/msf.jpg\",\"contentUrl\":\"https:\/\/retoelajorge.es\/wp-content\/uploads\/2020\/04\/msf.jpg\",\"width\":996,\"height\":559},{\"@type\":\"BreadcrumbList\",\"@id\":\"https:\/\/retoelajorge.es\/index.php\/2020\/04\/08\/yomequedoencasaperoactuo\/#breadcrumb\",\"itemListElement\":[{\"@type\":\"ListItem\",\"position\":1,\"name\":\"Portada\",\"item\":\"https:\/\/retoelajorge.es\/\"},{\"@type\":\"ListItem\",\"position\":2,\"name\":\"#YoMeQuedoEnCasaPeroAct\u00fao\"}]},{\"@type\":\"WebSite\",\"@id\":\"https:\/\/retoelajorge.es\/#website\",\"url\":\"https:\/\/retoelajorge.es\/\",\"name\":\"Mis retos por la ELA\",\"description\":\"Blog de un afectado de ELA\",\"publisher\":{\"@id\":\"https:\/\/retoelajorge.es\/#organization\"},\"potentialAction\":[{\"@type\":\"SearchAction\",\"target\":{\"@type\":\"EntryPoint\",\"urlTemplate\":\"https:\/\/retoelajorge.es\/?s={search_term_string}\"},\"query-input\":{\"@type\":\"PropertyValueSpecification\",\"valueRequired\":true,\"valueName\":\"search_term_string\"}}],\"inLanguage\":\"es\"},{\"@type\":\"Organization\",\"@id\":\"https:\/\/retoelajorge.es\/#organization\",\"name\":\"Mis retos por la ELA\",\"url\":\"https:\/\/retoelajorge.es\/\",\"logo\":{\"@type\":\"ImageObject\",\"inLanguage\":\"es\",\"@id\":\"https:\/\/retoelajorge.es\/#\/schema\/logo\/image\/\",\"url\":\"https:\/\/retoelajorge.es\/wp-content\/uploads\/2020\/02\/Jorge-scaled-e1583395872979.jpg\",\"contentUrl\":\"https:\/\/retoelajorge.es\/wp-content\/uploads\/2020\/02\/Jorge-scaled-e1583395872979.jpg\",\"width\":1900,\"height\":1045,\"caption\":\"Mis retos por la ELA\"},\"image\":{\"@id\":\"https:\/\/retoelajorge.es\/#\/schema\/logo\/image\/\"}},{\"@type\":\"Person\",\"@id\":\"https:\/\/retoelajorge.es\/#\/schema\/person\/0e209413f2de4fe381eda14e12288b7d\",\"name\":\"retoelajorge\",\"image\":{\"@type\":\"ImageObject\",\"inLanguage\":\"es\",\"@id\":\"https:\/\/retoelajorge.es\/#\/schema\/person\/image\/\",\"url\":\"https:\/\/secure.gravatar.com\/avatar\/bdd30a868985f69f97d362fc89c201f7860ec568aa2b42cb67e1ab7857b91971?s=96&d=mm&r=g\",\"contentUrl\":\"https:\/\/secure.gravatar.com\/avatar\/bdd30a868985f69f97d362fc89c201f7860ec568aa2b42cb67e1ab7857b91971?s=96&d=mm&r=g\",\"caption\":\"retoelajorge\"},\"url\":\"https:\/\/retoelajorge.es\/index.php\/author\/admin\/\"}]}<\/script>\n<!-- \/ Yoast SEO plugin. -->","yoast_head_json":{"title":"#YoMeQuedoEnCasaPeroAct\u00fao - Mis retos por la ELA","robots":{"index":"index","follow":"follow","max-snippet":"max-snippet:-1","max-image-preview":"max-image-preview:large","max-video-preview":"max-video-preview:-1"},"canonical":"https:\/\/retoelajorge.es\/index.php\/2020\/04\/08\/yomequedoencasaperoactuo\/","og_locale":"es_ES","og_type":"article","og_title":"#YoMeQuedoEnCasaPeroAct\u00fao - Mis retos por la ELA","og_description":"Holaaa chicosss que tall La ELA me tiene confinado en mi cuerpo y el coronavirus en mi casa, cuando a\u00fan puedo salir algo. La ELA me tiene sentenciado a muerte y el coronavirus puede...","og_url":"https:\/\/retoelajorge.es\/index.php\/2020\/04\/08\/yomequedoencasaperoactuo\/","og_site_name":"Mis retos por la ELA","article_published_time":"2020-04-08T17:41:14+00:00","article_modified_time":"2020-04-08T17:41:19+00:00","og_image":[{"width":996,"height":559,"url":"https:\/\/retoelajorge.es\/wp-content\/uploads\/2020\/04\/msf.jpg","type":"image\/jpeg"}],"author":"retoelajorge","twitter_card":"summary_large_image","twitter_misc":{"Escrito por":"retoelajorge","Tiempo de lectura":"2 minutos"},"schema":{"@context":"https:\/\/schema.org","@graph":[{"@type":"Article","@id":"https:\/\/retoelajorge.es\/index.php\/2020\/04\/08\/yomequedoencasaperoactuo\/#article","isPartOf":{"@id":"https:\/\/retoelajorge.es\/index.php\/2020\/04\/08\/yomequedoencasaperoactuo\/"},"author":{"name":"retoelajorge","@id":"https:\/\/retoelajorge.es\/#\/schema\/person\/0e209413f2de4fe381eda14e12288b7d"},"headline":"#YoMeQuedoEnCasaPeroAct\u00fao","datePublished":"2020-04-08T17:41:14+00:00","dateModified":"2020-04-08T17:41:19+00:00","mainEntityOfPage":{"@id":"https:\/\/retoelajorge.es\/index.php\/2020\/04\/08\/yomequedoencasaperoactuo\/"},"wordCount":303,"commentCount":0,"publisher":{"@id":"https:\/\/retoelajorge.es\/#organization"},"image":{"@id":"https:\/\/retoelajorge.es\/index.php\/2020\/04\/08\/yomequedoencasaperoactuo\/#primaryimage"},"thumbnailUrl":"https:\/\/retoelajorge.es\/wp-content\/uploads\/2020\/04\/msf.jpg","keywords":["Coronavirus","COVID-19","M\u00e9dicos sin fronteras"],"articleSection":["Solidaridad"],"inLanguage":"es","potentialAction":[{"@type":"CommentAction","name":"Comment","target":["https:\/\/retoelajorge.es\/index.php\/2020\/04\/08\/yomequedoencasaperoactuo\/#respond"]}]},{"@type":"WebPage","@id":"https:\/\/retoelajorge.es\/index.php\/2020\/04\/08\/yomequedoencasaperoactuo\/","url":"https:\/\/retoelajorge.es\/index.php\/2020\/04\/08\/yomequedoencasaperoactuo\/","name":"#YoMeQuedoEnCasaPeroAct\u00fao - Mis retos por la ELA","isPartOf":{"@id":"https:\/\/retoelajorge.es\/#website"},"primaryImageOfPage":{"@id":"https:\/\/retoelajorge.es\/index.php\/2020\/04\/08\/yomequedoencasaperoactuo\/#primaryimage"},"image":{"@id":"https:\/\/retoelajorge.es\/index.php\/2020\/04\/08\/yomequedoencasaperoactuo\/#primaryimage"},"thumbnailUrl":"https:\/\/retoelajorge.es\/wp-content\/uploads\/2020\/04\/msf.jpg","datePublished":"2020-04-08T17:41:14+00:00","dateModified":"2020-04-08T17:41:19+00:00","breadcrumb":{"@id":"https:\/\/retoelajorge.es\/index.php\/2020\/04\/08\/yomequedoencasaperoactuo\/#breadcrumb"},"inLanguage":"es","potentialAction":[{"@type":"ReadAction","target":["https:\/\/retoelajorge.es\/index.php\/2020\/04\/08\/yomequedoencasaperoactuo\/"]}]},{"@type":"ImageObject","inLanguage":"es","@id":"https:\/\/retoelajorge.es\/index.php\/2020\/04\/08\/yomequedoencasaperoactuo\/#primaryimage","url":"https:\/\/retoelajorge.es\/wp-content\/uploads\/2020\/04\/msf.jpg","contentUrl":"https:\/\/retoelajorge.es\/wp-content\/uploads\/2020\/04\/msf.jpg","width":996,"height":559},{"@type":"BreadcrumbList","@id":"https:\/\/retoelajorge.es\/index.php\/2020\/04\/08\/yomequedoencasaperoactuo\/#breadcrumb","itemListElement":[{"@type":"ListItem","position":1,"name":"Portada","item":"https:\/\/retoelajorge.es\/"},{"@type":"ListItem","position":2,"name":"#YoMeQuedoEnCasaPeroAct\u00fao"}]},{"@type":"WebSite","@id":"https:\/\/retoelajorge.es\/#website","url":"https:\/\/retoelajorge.es\/","name":"Mis retos por la ELA","description":"Blog de un afectado de ELA","publisher":{"@id":"https:\/\/retoelajorge.es\/#organization"},"potentialAction":[{"@type":"SearchAction","target":{"@type":"EntryPoint","urlTemplate":"https:\/\/retoelajorge.es\/?s={search_term_string}"},"query-input":{"@type":"PropertyValueSpecification","valueRequired":true,"valueName":"search_term_string"}}],"inLanguage":"es"},{"@type":"Organization","@id":"https:\/\/retoelajorge.es\/#organization","name":"Mis retos por la ELA","url":"https:\/\/retoelajorge.es\/","logo":{"@type":"ImageObject","inLanguage":"es","@id":"https:\/\/retoelajorge.es\/#\/schema\/logo\/image\/","url":"https:\/\/retoelajorge.es\/wp-content\/uploads\/2020\/02\/Jorge-scaled-e1583395872979.jpg","contentUrl":"https:\/\/retoelajorge.es\/wp-content\/uploads\/2020\/02\/Jorge-scaled-e1583395872979.jpg","width":1900,"height":1045,"caption":"Mis retos por la ELA"},"image":{"@id":"https:\/\/retoelajorge.es\/#\/schema\/logo\/image\/"}},{"@type":"Person","@id":"https:\/\/retoelajorge.es\/#\/schema\/person\/0e209413f2de4fe381eda14e12288b7d","name":"retoelajorge","image":{"@type":"ImageObject","inLanguage":"es","@id":"https:\/\/retoelajorge.es\/#\/schema\/person\/image\/","url":"https:\/\/secure.gravatar.com\/avatar\/bdd30a868985f69f97d362fc89c201f7860ec568aa2b42cb67e1ab7857b91971?s=96&d=mm&r=g","contentUrl":"https:\/\/secure.gravatar.com\/avatar\/bdd30a868985f69f97d362fc89c201f7860ec568aa2b42cb67e1ab7857b91971?s=96&d=mm&r=g","caption":"retoelajorge"},"url":"https:\/\/retoelajorge.es\/index.php\/author\/admin\/"}]}},"_links":{"self":[{"href":"https:\/\/retoelajorge.es\/index.php\/wp-json\/wp\/v2\/posts\/1031","targetHints":{"allow":["GET"]}}],"collection":[{"href":"https:\/\/retoelajorge.es\/index.php\/wp-json\/wp\/v2\/posts"}],"about":[{"href":"https:\/\/retoelajorge.es\/index.php\/wp-json\/wp\/v2\/types\/post"}],"author":[{"embeddable":true,"href":"https:\/\/retoelajorge.es\/index.php\/wp-json\/wp\/v2\/users\/1"}],"replies":[{"embeddable":true,"href":"https:\/\/retoelajorge.es\/index.php\/wp-json\/wp\/v2\/comments?post=1031"}],"version-history":[{"count":7,"href":"https:\/\/retoelajorge.es\/index.php\/wp-json\/wp\/v2\/posts\/1031\/revisions"}],"predecessor-version":[{"id":1040,"href":"https:\/\/retoelajorge.es\/index.php\/wp-json\/wp\/v2\/posts\/1031\/revisions\/1040"}],"wp:featuredmedia":[{"embeddable":true,"href":"https:\/\/retoelajorge.es\/index.php\/wp-json\/wp\/v2\/media\/1039"}],"wp:attachment":[{"href":"https:\/\/retoelajorge.es\/index.php\/wp-json\/wp\/v2\/media?parent=1031"}],"wp:term":[{"taxonomy":"category","embeddable":true,"href":"https:\/\/retoelajorge.es\/index.php\/wp-json\/wp\/v2\/categories?post=1031"},{"taxonomy":"post_tag","embeddable":true,"href":"https:\/\/retoelajorge.es\/index.php\/wp-json\/wp\/v2\/tags?post=1031"}],"curies":[{"name":"wp","href":"https:\/\/api.w.org\/{rel}","templated":true}]}}