{"id":1085,"date":"2020-09-18T08:23:42","date_gmt":"2020-09-18T08:23:42","guid":{"rendered":"http:\/\/retoelajorge.es\/?p=1085"},"modified":"2020-09-18T14:27:19","modified_gmt":"2020-09-18T14:27:19","slug":"el-ultimo-reto-del-guerrero","status":"publish","type":"post","link":"https:\/\/retoelajorge.es\/index.php\/2020\/09\/18\/el-ultimo-reto-del-guerrero\/","title":{"rendered":"El \u00faltimo reto del guerrero"},"content":{"rendered":"\n<h4 class=\"wp-block-heading\">Pues s\u00ed, lleg\u00f3 el momento de su \u00faltimo gran reto. <\/h4>\n\n\n\n<figure class=\"wp-block-image size-large\"><img loading=\"lazy\" decoding=\"async\" width=\"1024\" height=\"683\" src=\"http:\/\/retoelajorge.es\/wp-content\/uploads\/2020\/09\/Fiordos_435-1024x683.jpg\" alt=\"\" class=\"wp-image-1086\" srcset=\"https:\/\/retoelajorge.es\/wp-content\/uploads\/2020\/09\/Fiordos_435-1024x683.jpg 1024w, https:\/\/retoelajorge.es\/wp-content\/uploads\/2020\/09\/Fiordos_435-300x200.jpg 300w, https:\/\/retoelajorge.es\/wp-content\/uploads\/2020\/09\/Fiordos_435-768x512.jpg 768w, https:\/\/retoelajorge.es\/wp-content\/uploads\/2020\/09\/Fiordos_435-1536x1024.jpg 1536w, https:\/\/retoelajorge.es\/wp-content\/uploads\/2020\/09\/Fiordos_435-2048x1365.jpg 2048w\" sizes=\"auto, (max-width: 1024px) 100vw, 1024px\" \/><\/figure>\n\n\n\n<p><\/p>\n\n\n\n<p>Tras m\u00e1s de siete a\u00f1os luchando contra la ELA, sabiendo desde el principio que llegar\u00eda el final mas pronto que tarde, mostrando a la ciudadan\u00eda la crueldad de esta enfermedad, realizando retos incre\u00edbles para colaborar en proyectos de investigaci\u00f3n, viviendo sin poder vivir.<br>Hoy viernes, 18 de septiembre de 2020, ser\u00e1 el d\u00eda en que nos certifiquen el fallecimiento de Jorge y, como no pod\u00eda ser de otro modo, se marcha realizando su \u00faltimo gran reto: intentar\u00e1 salvar o mejorar la vida de las personas que sean beneficiarias de sus \u00f3rganos. Estas personas ser\u00e1n muy afortunadas de tener parte de este h\u00e9roe.<\/p>\n\n\n\n<h3 class=\"has-text-align-center wp-block-heading\">\u00a1Siempre estar\u00e1s en nuestros corazones!<\/h3>\n\n\n\n<figure class=\"wp-block-image size-large\"><img loading=\"lazy\" decoding=\"async\" width=\"1024\" height=\"768\" src=\"http:\/\/retoelajorge.es\/wp-content\/uploads\/2020\/09\/26022011-P1010081-1024x768.jpg\" alt=\"\" class=\"wp-image-1089\" srcset=\"https:\/\/retoelajorge.es\/wp-content\/uploads\/2020\/09\/26022011-P1010081-1024x768.jpg 1024w, https:\/\/retoelajorge.es\/wp-content\/uploads\/2020\/09\/26022011-P1010081-300x225.jpg 300w, https:\/\/retoelajorge.es\/wp-content\/uploads\/2020\/09\/26022011-P1010081-768x576.jpg 768w, https:\/\/retoelajorge.es\/wp-content\/uploads\/2020\/09\/26022011-P1010081-1536x1152.jpg 1536w, https:\/\/retoelajorge.es\/wp-content\/uploads\/2020\/09\/26022011-P1010081.jpg 2048w\" sizes=\"auto, (max-width: 1024px) 100vw, 1024px\" \/><\/figure>\n\n\n\n<p><\/p>\n\n\n\n<hr class=\"wp-block-separator\"\/>\n\n\n\n<p><\/p>\n","protected":false},"excerpt":{"rendered":"<p>Pues s\u00ed, lleg\u00f3 el momento de su \u00faltimo gran reto. Tras m\u00e1s de siete a\u00f1os luchando contra la ELA, sabiendo desde el principio que llegar\u00eda el final mas pronto que tarde, mostrando a la&#8230;<\/p>\n","protected":false},"author":3,"featured_media":1091,"comment_status":"open","ping_status":"open","sticky":false,"template":"","format":"standard","meta":{"footnotes":""},"categories":[39,40],"tags":[],"class_list":["post-1085","post","type-post","status-publish","format-standard","has-post-thumbnail","hentry","category-retos","category-vivencias"],"yoast_head":"<!-- This site is optimized with the Yoast SEO plugin v26.7 - https:\/\/yoast.com\/wordpress\/plugins\/seo\/ -->\n<title>El \u00faltimo reto del guerrero - Mis retos por la ELA<\/title>\n<meta name=\"robots\" content=\"index, follow, max-snippet:-1, max-image-preview:large, max-video-preview:-1\" \/>\n<link rel=\"canonical\" href=\"https:\/\/retoelajorge.es\/index.php\/2020\/09\/18\/el-ultimo-reto-del-guerrero\/\" \/>\n<meta property=\"og:locale\" content=\"es_ES\" \/>\n<meta property=\"og:type\" content=\"article\" \/>\n<meta property=\"og:title\" content=\"El \u00faltimo reto del guerrero - Mis retos por la ELA\" \/>\n<meta property=\"og:description\" content=\"Pues s\u00ed, lleg\u00f3 el momento de su \u00faltimo gran reto. Tras m\u00e1s de siete a\u00f1os luchando contra la ELA, sabiendo desde el principio que llegar\u00eda el final mas pronto que tarde, mostrando a la...\" \/>\n<meta property=\"og:url\" content=\"https:\/\/retoelajorge.es\/index.php\/2020\/09\/18\/el-ultimo-reto-del-guerrero\/\" \/>\n<meta property=\"og:site_name\" content=\"Mis retos por la ELA\" \/>\n<meta property=\"article:published_time\" content=\"2020-09-18T08:23:42+00:00\" \/>\n<meta property=\"article:modified_time\" content=\"2020-09-18T14:27:19+00:00\" \/>\n<meta property=\"og:image\" content=\"https:\/\/retoelajorge.es\/wp-content\/uploads\/2020\/09\/lazo-negro.jpg\" \/>\n\t<meta property=\"og:image:width\" content=\"474\" \/>\n\t<meta property=\"og:image:height\" content=\"296\" \/>\n\t<meta property=\"og:image:type\" content=\"image\/jpeg\" \/>\n<meta name=\"author\" content=\"Miguel Angel Abarca\" \/>\n<meta name=\"twitter:card\" content=\"summary_large_image\" \/>\n<meta name=\"twitter:label1\" content=\"Escrito por\" \/>\n\t<meta name=\"twitter:data1\" content=\"Miguel Angel Abarca\" \/>\n\t<meta name=\"twitter:label2\" content=\"Tiempo de lectura\" \/>\n\t<meta name=\"twitter:data2\" content=\"1 minuto\" \/>\n<script type=\"application\/ld+json\" class=\"yoast-schema-graph\">{\"@context\":\"https:\/\/schema.org\",\"@graph\":[{\"@type\":\"Article\",\"@id\":\"https:\/\/retoelajorge.es\/index.php\/2020\/09\/18\/el-ultimo-reto-del-guerrero\/#article\",\"isPartOf\":{\"@id\":\"https:\/\/retoelajorge.es\/index.php\/2020\/09\/18\/el-ultimo-reto-del-guerrero\/\"},\"author\":{\"name\":\"Miguel Angel Abarca\",\"@id\":\"https:\/\/retoelajorge.es\/#\/schema\/person\/779230a8663323e448879c156646e8ba\"},\"headline\":\"El \u00faltimo reto del guerrero\",\"datePublished\":\"2020-09-18T08:23:42+00:00\",\"dateModified\":\"2020-09-18T14:27:19+00:00\",\"mainEntityOfPage\":{\"@id\":\"https:\/\/retoelajorge.es\/index.php\/2020\/09\/18\/el-ultimo-reto-del-guerrero\/\"},\"wordCount\":131,\"commentCount\":22,\"publisher\":{\"@id\":\"https:\/\/retoelajorge.es\/#organization\"},\"image\":{\"@id\":\"https:\/\/retoelajorge.es\/index.php\/2020\/09\/18\/el-ultimo-reto-del-guerrero\/#primaryimage\"},\"thumbnailUrl\":\"https:\/\/retoelajorge.es\/wp-content\/uploads\/2020\/09\/lazo-negro.jpg\",\"articleSection\":[\"Retos\",\"Vivencias\"],\"inLanguage\":\"es\",\"potentialAction\":[{\"@type\":\"CommentAction\",\"name\":\"Comment\",\"target\":[\"https:\/\/retoelajorge.es\/index.php\/2020\/09\/18\/el-ultimo-reto-del-guerrero\/#respond\"]}]},{\"@type\":\"WebPage\",\"@id\":\"https:\/\/retoelajorge.es\/index.php\/2020\/09\/18\/el-ultimo-reto-del-guerrero\/\",\"url\":\"https:\/\/retoelajorge.es\/index.php\/2020\/09\/18\/el-ultimo-reto-del-guerrero\/\",\"name\":\"El \u00faltimo reto del guerrero - Mis retos por la ELA\",\"isPartOf\":{\"@id\":\"https:\/\/retoelajorge.es\/#website\"},\"primaryImageOfPage\":{\"@id\":\"https:\/\/retoelajorge.es\/index.php\/2020\/09\/18\/el-ultimo-reto-del-guerrero\/#primaryimage\"},\"image\":{\"@id\":\"https:\/\/retoelajorge.es\/index.php\/2020\/09\/18\/el-ultimo-reto-del-guerrero\/#primaryimage\"},\"thumbnailUrl\":\"https:\/\/retoelajorge.es\/wp-content\/uploads\/2020\/09\/lazo-negro.jpg\",\"datePublished\":\"2020-09-18T08:23:42+00:00\",\"dateModified\":\"2020-09-18T14:27:19+00:00\",\"breadcrumb\":{\"@id\":\"https:\/\/retoelajorge.es\/index.php\/2020\/09\/18\/el-ultimo-reto-del-guerrero\/#breadcrumb\"},\"inLanguage\":\"es\",\"potentialAction\":[{\"@type\":\"ReadAction\",\"target\":[\"https:\/\/retoelajorge.es\/index.php\/2020\/09\/18\/el-ultimo-reto-del-guerrero\/\"]}]},{\"@type\":\"ImageObject\",\"inLanguage\":\"es\",\"@id\":\"https:\/\/retoelajorge.es\/index.php\/2020\/09\/18\/el-ultimo-reto-del-guerrero\/#primaryimage\",\"url\":\"https:\/\/retoelajorge.es\/wp-content\/uploads\/2020\/09\/lazo-negro.jpg\",\"contentUrl\":\"https:\/\/retoelajorge.es\/wp-content\/uploads\/2020\/09\/lazo-negro.jpg\",\"width\":474,\"height\":296},{\"@type\":\"BreadcrumbList\",\"@id\":\"https:\/\/retoelajorge.es\/index.php\/2020\/09\/18\/el-ultimo-reto-del-guerrero\/#breadcrumb\",\"itemListElement\":[{\"@type\":\"ListItem\",\"position\":1,\"name\":\"Portada\",\"item\":\"https:\/\/retoelajorge.es\/\"},{\"@type\":\"ListItem\",\"position\":2,\"name\":\"El \u00faltimo reto del guerrero\"}]},{\"@type\":\"WebSite\",\"@id\":\"https:\/\/retoelajorge.es\/#website\",\"url\":\"https:\/\/retoelajorge.es\/\",\"name\":\"Mis retos por la ELA\",\"description\":\"Blog de un afectado de ELA\",\"publisher\":{\"@id\":\"https:\/\/retoelajorge.es\/#organization\"},\"potentialAction\":[{\"@type\":\"SearchAction\",\"target\":{\"@type\":\"EntryPoint\",\"urlTemplate\":\"https:\/\/retoelajorge.es\/?s={search_term_string}\"},\"query-input\":{\"@type\":\"PropertyValueSpecification\",\"valueRequired\":true,\"valueName\":\"search_term_string\"}}],\"inLanguage\":\"es\"},{\"@type\":\"Organization\",\"@id\":\"https:\/\/retoelajorge.es\/#organization\",\"name\":\"Mis retos por la ELA\",\"url\":\"https:\/\/retoelajorge.es\/\",\"logo\":{\"@type\":\"ImageObject\",\"inLanguage\":\"es\",\"@id\":\"https:\/\/retoelajorge.es\/#\/schema\/logo\/image\/\",\"url\":\"https:\/\/retoelajorge.es\/wp-content\/uploads\/2020\/02\/Jorge-scaled-e1583395872979.jpg\",\"contentUrl\":\"https:\/\/retoelajorge.es\/wp-content\/uploads\/2020\/02\/Jorge-scaled-e1583395872979.jpg\",\"width\":1900,\"height\":1045,\"caption\":\"Mis retos por la ELA\"},\"image\":{\"@id\":\"https:\/\/retoelajorge.es\/#\/schema\/logo\/image\/\"}},{\"@type\":\"Person\",\"@id\":\"https:\/\/retoelajorge.es\/#\/schema\/person\/779230a8663323e448879c156646e8ba\",\"name\":\"Miguel Angel Abarca\",\"image\":{\"@type\":\"ImageObject\",\"inLanguage\":\"es\",\"@id\":\"https:\/\/retoelajorge.es\/#\/schema\/person\/image\/\",\"url\":\"https:\/\/secure.gravatar.com\/avatar\/40a5b8bd2655dc693b8099a80eae0fc0b9a6f30f11378ebb30aac7680cd84994?s=96&d=mm&r=g\",\"contentUrl\":\"https:\/\/secure.gravatar.com\/avatar\/40a5b8bd2655dc693b8099a80eae0fc0b9a6f30f11378ebb30aac7680cd84994?s=96&d=mm&r=g\",\"caption\":\"Miguel Angel Abarca\"},\"url\":\"https:\/\/retoelajorge.es\/index.php\/author\/migue3110\/\"}]}<\/script>\n<!-- \/ Yoast SEO plugin. -->","yoast_head_json":{"title":"El \u00faltimo reto del guerrero - Mis retos por la ELA","robots":{"index":"index","follow":"follow","max-snippet":"max-snippet:-1","max-image-preview":"max-image-preview:large","max-video-preview":"max-video-preview:-1"},"canonical":"https:\/\/retoelajorge.es\/index.php\/2020\/09\/18\/el-ultimo-reto-del-guerrero\/","og_locale":"es_ES","og_type":"article","og_title":"El \u00faltimo reto del guerrero - Mis retos por la ELA","og_description":"Pues s\u00ed, lleg\u00f3 el momento de su \u00faltimo gran reto. Tras m\u00e1s de siete a\u00f1os luchando contra la ELA, sabiendo desde el principio que llegar\u00eda el final mas pronto que tarde, mostrando a la...","og_url":"https:\/\/retoelajorge.es\/index.php\/2020\/09\/18\/el-ultimo-reto-del-guerrero\/","og_site_name":"Mis retos por la ELA","article_published_time":"2020-09-18T08:23:42+00:00","article_modified_time":"2020-09-18T14:27:19+00:00","og_image":[{"width":474,"height":296,"url":"https:\/\/retoelajorge.es\/wp-content\/uploads\/2020\/09\/lazo-negro.jpg","type":"image\/jpeg"}],"author":"Miguel Angel Abarca","twitter_card":"summary_large_image","twitter_misc":{"Escrito por":"Miguel Angel Abarca","Tiempo de lectura":"1 minuto"},"schema":{"@context":"https:\/\/schema.org","@graph":[{"@type":"Article","@id":"https:\/\/retoelajorge.es\/index.php\/2020\/09\/18\/el-ultimo-reto-del-guerrero\/#article","isPartOf":{"@id":"https:\/\/retoelajorge.es\/index.php\/2020\/09\/18\/el-ultimo-reto-del-guerrero\/"},"author":{"name":"Miguel Angel Abarca","@id":"https:\/\/retoelajorge.es\/#\/schema\/person\/779230a8663323e448879c156646e8ba"},"headline":"El \u00faltimo reto del guerrero","datePublished":"2020-09-18T08:23:42+00:00","dateModified":"2020-09-18T14:27:19+00:00","mainEntityOfPage":{"@id":"https:\/\/retoelajorge.es\/index.php\/2020\/09\/18\/el-ultimo-reto-del-guerrero\/"},"wordCount":131,"commentCount":22,"publisher":{"@id":"https:\/\/retoelajorge.es\/#organization"},"image":{"@id":"https:\/\/retoelajorge.es\/index.php\/2020\/09\/18\/el-ultimo-reto-del-guerrero\/#primaryimage"},"thumbnailUrl":"https:\/\/retoelajorge.es\/wp-content\/uploads\/2020\/09\/lazo-negro.jpg","articleSection":["Retos","Vivencias"],"inLanguage":"es","potentialAction":[{"@type":"CommentAction","name":"Comment","target":["https:\/\/retoelajorge.es\/index.php\/2020\/09\/18\/el-ultimo-reto-del-guerrero\/#respond"]}]},{"@type":"WebPage","@id":"https:\/\/retoelajorge.es\/index.php\/2020\/09\/18\/el-ultimo-reto-del-guerrero\/","url":"https:\/\/retoelajorge.es\/index.php\/2020\/09\/18\/el-ultimo-reto-del-guerrero\/","name":"El \u00faltimo reto del guerrero - Mis retos por la ELA","isPartOf":{"@id":"https:\/\/retoelajorge.es\/#website"},"primaryImageOfPage":{"@id":"https:\/\/retoelajorge.es\/index.php\/2020\/09\/18\/el-ultimo-reto-del-guerrero\/#primaryimage"},"image":{"@id":"https:\/\/retoelajorge.es\/index.php\/2020\/09\/18\/el-ultimo-reto-del-guerrero\/#primaryimage"},"thumbnailUrl":"https:\/\/retoelajorge.es\/wp-content\/uploads\/2020\/09\/lazo-negro.jpg","datePublished":"2020-09-18T08:23:42+00:00","dateModified":"2020-09-18T14:27:19+00:00","breadcrumb":{"@id":"https:\/\/retoelajorge.es\/index.php\/2020\/09\/18\/el-ultimo-reto-del-guerrero\/#breadcrumb"},"inLanguage":"es","potentialAction":[{"@type":"ReadAction","target":["https:\/\/retoelajorge.es\/index.php\/2020\/09\/18\/el-ultimo-reto-del-guerrero\/"]}]},{"@type":"ImageObject","inLanguage":"es","@id":"https:\/\/retoelajorge.es\/index.php\/2020\/09\/18\/el-ultimo-reto-del-guerrero\/#primaryimage","url":"https:\/\/retoelajorge.es\/wp-content\/uploads\/2020\/09\/lazo-negro.jpg","contentUrl":"https:\/\/retoelajorge.es\/wp-content\/uploads\/2020\/09\/lazo-negro.jpg","width":474,"height":296},{"@type":"BreadcrumbList","@id":"https:\/\/retoelajorge.es\/index.php\/2020\/09\/18\/el-ultimo-reto-del-guerrero\/#breadcrumb","itemListElement":[{"@type":"ListItem","position":1,"name":"Portada","item":"https:\/\/retoelajorge.es\/"},{"@type":"ListItem","position":2,"name":"El \u00faltimo reto del guerrero"}]},{"@type":"WebSite","@id":"https:\/\/retoelajorge.es\/#website","url":"https:\/\/retoelajorge.es\/","name":"Mis retos por la ELA","description":"Blog de un afectado de ELA","publisher":{"@id":"https:\/\/retoelajorge.es\/#organization"},"potentialAction":[{"@type":"SearchAction","target":{"@type":"EntryPoint","urlTemplate":"https:\/\/retoelajorge.es\/?s={search_term_string}"},"query-input":{"@type":"PropertyValueSpecification","valueRequired":true,"valueName":"search_term_string"}}],"inLanguage":"es"},{"@type":"Organization","@id":"https:\/\/retoelajorge.es\/#organization","name":"Mis retos por la ELA","url":"https:\/\/retoelajorge.es\/","logo":{"@type":"ImageObject","inLanguage":"es","@id":"https:\/\/retoelajorge.es\/#\/schema\/logo\/image\/","url":"https:\/\/retoelajorge.es\/wp-content\/uploads\/2020\/02\/Jorge-scaled-e1583395872979.jpg","contentUrl":"https:\/\/retoelajorge.es\/wp-content\/uploads\/2020\/02\/Jorge-scaled-e1583395872979.jpg","width":1900,"height":1045,"caption":"Mis retos por la ELA"},"image":{"@id":"https:\/\/retoelajorge.es\/#\/schema\/logo\/image\/"}},{"@type":"Person","@id":"https:\/\/retoelajorge.es\/#\/schema\/person\/779230a8663323e448879c156646e8ba","name":"Miguel Angel Abarca","image":{"@type":"ImageObject","inLanguage":"es","@id":"https:\/\/retoelajorge.es\/#\/schema\/person\/image\/","url":"https:\/\/secure.gravatar.com\/avatar\/40a5b8bd2655dc693b8099a80eae0fc0b9a6f30f11378ebb30aac7680cd84994?s=96&d=mm&r=g","contentUrl":"https:\/\/secure.gravatar.com\/avatar\/40a5b8bd2655dc693b8099a80eae0fc0b9a6f30f11378ebb30aac7680cd84994?s=96&d=mm&r=g","caption":"Miguel Angel Abarca"},"url":"https:\/\/retoelajorge.es\/index.php\/author\/migue3110\/"}]}},"_links":{"self":[{"href":"https:\/\/retoelajorge.es\/index.php\/wp-json\/wp\/v2\/posts\/1085","targetHints":{"allow":["GET"]}}],"collection":[{"href":"https:\/\/retoelajorge.es\/index.php\/wp-json\/wp\/v2\/posts"}],"about":[{"href":"https:\/\/retoelajorge.es\/index.php\/wp-json\/wp\/v2\/types\/post"}],"author":[{"embeddable":true,"href":"https:\/\/retoelajorge.es\/index.php\/wp-json\/wp\/v2\/users\/3"}],"replies":[{"embeddable":true,"href":"https:\/\/retoelajorge.es\/index.php\/wp-json\/wp\/v2\/comments?post=1085"}],"version-history":[{"count":4,"href":"https:\/\/retoelajorge.es\/index.php\/wp-json\/wp\/v2\/posts\/1085\/revisions"}],"predecessor-version":[{"id":1093,"href":"https:\/\/retoelajorge.es\/index.php\/wp-json\/wp\/v2\/posts\/1085\/revisions\/1093"}],"wp:featuredmedia":[{"embeddable":true,"href":"https:\/\/retoelajorge.es\/index.php\/wp-json\/wp\/v2\/media\/1091"}],"wp:attachment":[{"href":"https:\/\/retoelajorge.es\/index.php\/wp-json\/wp\/v2\/media?parent=1085"}],"wp:term":[{"taxonomy":"category","embeddable":true,"href":"https:\/\/retoelajorge.es\/index.php\/wp-json\/wp\/v2\/categories?post=1085"},{"taxonomy":"post_tag","embeddable":true,"href":"https:\/\/retoelajorge.es\/index.php\/wp-json\/wp\/v2\/tags?post=1085"}],"curies":[{"name":"wp","href":"https:\/\/api.w.org\/{rel}","templated":true}]}}