{"id":1095,"date":"2020-10-06T10:44:46","date_gmt":"2020-10-06T10:44:46","guid":{"rendered":"http:\/\/retoelajorge.es\/?p=1095"},"modified":"2020-10-06T10:44:51","modified_gmt":"2020-10-06T10:44:51","slug":"y-ahora-que","status":"publish","type":"post","link":"https:\/\/retoelajorge.es\/index.php\/2020\/10\/06\/y-ahora-que\/","title":{"rendered":"Y ahora qu\u00e9??"},"content":{"rendered":"\n<div class=\"wp-block-image\"><figure class=\"alignleft size-large is-resized\"><img loading=\"lazy\" decoding=\"async\" src=\"http:\/\/retoelajorge.es\/wp-content\/uploads\/2020\/09\/morir.jpg\" alt=\"\" class=\"wp-image-1097\" width=\"564\" height=\"314\"\/><\/figure><\/div>\n\n\n\n<p><\/p>\n\n\n\n<p class=\"has-medium-font-size\">Pues ahora toca seguir dando continuidad a la incansable lucha de Jorge contra la fat\u00eddica ELA que pudo con \u00e9l tras m\u00e1s de siete a\u00f1os muriendo por vivir.<\/p>\n\n\n\n<div style=\"height:58px\" aria-hidden=\"true\" class=\"wp-block-spacer\"><\/div>\n\n\n\n<div class=\"wp-block-image\"><figure class=\"alignleft size-large is-resized\"><img loading=\"lazy\" decoding=\"async\" src=\"http:\/\/retoelajorge.es\/wp-content\/uploads\/2020\/10\/chapa1.png\" alt=\"\" class=\"wp-image-1103\" width=\"379\" height=\"307\" srcset=\"https:\/\/retoelajorge.es\/wp-content\/uploads\/2020\/10\/chapa1.png 696w, https:\/\/retoelajorge.es\/wp-content\/uploads\/2020\/10\/chapa1-300x243.png 300w\" sizes=\"auto, (max-width: 379px) 100vw, 379px\" \/><\/figure><\/div>\n\n\n\n<p>En nuestro primer reto sin la presencia f\u00edsica de Jorge, pretendemos llevar su esp\u00edritu guerrero por todo el territorio espa\u00f1ol. Para ello nos vamos a proponer subir la cima m\u00e1s alta de cada Comunidad Aut\u00f3noma para dejar su recuerdo lo m\u00e1s cerca del cielo posible y poder sentirlo una vez m\u00e1s entre nosotros.<\/p>\n\n\n\n<p>Aprovecharemos para seguir dando visibilidad a esta terrible enfermedad por lo que iremos anunciando cada una de nuestras salidas hacia cada una de las 16 cimas que corresponden a las 17 CCAA, puesto que Asturias y Castilla y Le\u00f3n comparten techo.<\/p>\n\n\n\n<h4 class=\"wp-block-heading\">Nuestras metas<\/h4>\n\n\n\n<div class=\"wp-block-group\"><div class=\"wp-block-group__inner-container is-layout-flow wp-block-group-is-layout-flow\">\n<div class=\"wp-block-group\"><div class=\"wp-block-group__inner-container is-layout-flow wp-block-group-is-layout-flow\">\n<div class=\"wp-block-group is-layout-flow wp-block-group-is-layout-flow\"><div class=\"wp-block-group__inner-container\"><\/div><\/div>\n<\/div><\/div>\n\n\n\n<figure class=\"wp-block-table is-style-stripes\"><table><thead><tr><th>Comunidad Aut\u00f3noma<\/th><th>M\u00e1xima altura<\/th><th>Observaciones<\/th><\/tr><\/thead><tbody><tr><td>Andaluc\u00eda<\/td><td>Mulhac\u00e9n (3.479m)<\/td><td>Por ser la cima de nuestra ciudad, intentaremos que sea un d\u00eda grande su subida<\/td><\/tr><tr><td>Arag\u00f3n<\/td><td>Aneto (3.404m)<\/td><td><\/td><\/tr><tr><td>Canarias<\/td><td>Teide (3.715m)<\/td><td>Es el techo de Espa\u00f1a<\/td><\/tr><tr><td>Cantabria<\/td><td>Torre Blanca (3.619m)<\/td><td><\/td><\/tr><tr><td>Castilla y Le\u00f3n<\/td><td>Torrecerredo (2.648m)<\/td><td><\/td><\/tr><tr><td>Castilla-La Mancha<\/td><td>Pico del Lobo (2.274m)<\/td><td><\/td><\/tr><tr><td>Catalu\u00f1a<\/td><td>Pica d&#8217;Estats (3.143m)<\/td><td><\/td><\/tr><tr><td>Comunidad de Madrid<\/td><td>Pe\u00f1alara (2.428m)<\/td><td><\/td><\/tr><tr><td>Comunidad Valenciana<\/td><td>Cerro Calder\u00f3n (1.838m)<\/td><td><\/td><\/tr><tr><td>Extremadura<\/td><td>Calvitero (2.399m)<\/td><td><\/td><\/tr><tr><td>Galicia<\/td><td>Pe\u00f1a Trevinca (2.127m)<\/td><td><\/td><\/tr><tr><td>Islas Baleares<\/td><td>Puig Major (1.445m)<\/td><td><\/td><\/tr><tr><td>La Rioja<\/td><td>Monte San Lorenzo (2.271m)<\/td><td><\/td><\/tr><tr><td>Navarra<\/td><td>Mesa de los Tres Reyes (2.444m)<\/td><td><\/td><\/tr><tr><td>Pais Vasco<\/td><td>Aketegui (1.551m)<\/td><td><\/td><\/tr><tr><td>Principado de Asturias<\/td><td>Torrecerredo (2.648m)<\/td><td><\/td><\/tr><tr><td>Regi\u00f3n de Murcia<\/td><td>Pico de los Obispos (2.014m)<\/td><td><\/td><\/tr><\/tbody><\/table><\/figure>\n\n\n\n<div class=\"wp-block-group\"><div class=\"wp-block-group__inner-container is-layout-flow wp-block-group-is-layout-flow\">\n<div class=\"wp-block-group\"><div class=\"wp-block-group__inner-container is-layout-flow wp-block-group-is-layout-flow\">\n<div class=\"wp-block-group\"><div class=\"wp-block-group__inner-container is-layout-flow wp-block-group-is-layout-flow\">\n<h4 class=\"wp-block-heading\">Primera cumbre<\/h4>\n<\/div><\/div>\n<\/div><\/div>\n<\/div><\/div>\n<\/div><\/div>\n\n\n\n<div class=\"wp-block-image\"><figure class=\"alignleft size-large is-resized\"><img loading=\"lazy\" decoding=\"async\" src=\"http:\/\/retoelajorge.es\/wp-content\/uploads\/2020\/10\/Pico-de-los-Obispos.jpeg\" alt=\"\" class=\"wp-image-1125\" width=\"558\" height=\"406\" srcset=\"https:\/\/retoelajorge.es\/wp-content\/uploads\/2020\/10\/Pico-de-los-Obispos.jpeg 788w, https:\/\/retoelajorge.es\/wp-content\/uploads\/2020\/10\/Pico-de-los-Obispos-300x218.jpeg 300w, https:\/\/retoelajorge.es\/wp-content\/uploads\/2020\/10\/Pico-de-los-Obispos-768x558.jpeg 768w\" sizes=\"auto, (max-width: 558px) 100vw, 558px\" \/><figcaption>Pico de los Obispos<\/figcaption><\/figure><\/div>\n\n\n\n<p><br><br><\/p>\n\n\n\n<p><\/p>\n\n\n\n<p>Aunque en el listado aparece en \u00faltimo lugar, ser\u00e1 la primera que intentemos alcanzar por temas organizativos. <br>Debido a la pandemia de COVID-19, no podemos hacer una convocatoria abierta a todas aquellas personas interesadas en acompa\u00f1arnos a esta primera subida. Esperemos que en pr\u00f3ximas salidas estemos en mejor situaci\u00f3n sanitaria.<\/p>\n\n\n\n<p>La semana pr\u00f3xima, despu\u00e9s del puente del 12 de octubre, esperamos poder relataros c\u00f3mo fue el inicio de este nuevo RETO, y volveremos al <\/p>\n\n\n\n<p class=\"has-medium-font-size\"><strong>Holaaaaaa chicosssss que tal<\/strong><\/p>\n\n\n\n<hr class=\"wp-block-separator\"\/>\n","protected":false},"excerpt":{"rendered":"<p>Pues ahora toca seguir dando continuidad a la incansable lucha de Jorge contra la fat\u00eddica ELA que pudo con \u00e9l tras m\u00e1s de siete a\u00f1os muriendo por vivir. En nuestro primer reto sin la&#8230;<\/p>\n","protected":false},"author":1,"featured_media":1135,"comment_status":"open","ping_status":"open","sticky":false,"template":"","format":"standard","meta":{"footnotes":""},"categories":[39],"tags":[],"class_list":["post-1095","post","type-post","status-publish","format-standard","has-post-thumbnail","hentry","category-retos"],"yoast_head":"<!-- This site is optimized with the Yoast SEO plugin v26.7 - https:\/\/yoast.com\/wordpress\/plugins\/seo\/ -->\n<title>Y ahora qu\u00e9?? - Mis retos por la ELA<\/title>\n<meta name=\"robots\" content=\"index, follow, max-snippet:-1, max-image-preview:large, max-video-preview:-1\" \/>\n<link rel=\"canonical\" href=\"https:\/\/retoelajorge.es\/index.php\/2020\/10\/06\/y-ahora-que\/\" \/>\n<meta property=\"og:locale\" content=\"es_ES\" \/>\n<meta property=\"og:type\" content=\"article\" \/>\n<meta property=\"og:title\" content=\"Y ahora qu\u00e9?? - Mis retos por la ELA\" \/>\n<meta property=\"og:description\" content=\"Pues ahora toca seguir dando continuidad a la incansable lucha de Jorge contra la fat\u00eddica ELA que pudo con \u00e9l tras m\u00e1s de siete a\u00f1os muriendo por vivir. En nuestro primer reto sin la...\" \/>\n<meta property=\"og:url\" content=\"https:\/\/retoelajorge.es\/index.php\/2020\/10\/06\/y-ahora-que\/\" \/>\n<meta property=\"og:site_name\" content=\"Mis retos por la ELA\" \/>\n<meta property=\"article:published_time\" content=\"2020-10-06T10:44:46+00:00\" \/>\n<meta property=\"article:modified_time\" content=\"2020-10-06T10:44:51+00:00\" \/>\n<meta property=\"og:image\" content=\"https:\/\/retoelajorge.es\/wp-content\/uploads\/2020\/10\/Torumalet.jpg\" \/>\n\t<meta property=\"og:image:width\" content=\"1205\" \/>\n\t<meta property=\"og:image:height\" content=\"705\" \/>\n\t<meta property=\"og:image:type\" content=\"image\/jpeg\" \/>\n<meta name=\"author\" content=\"retoelajorge\" \/>\n<meta name=\"twitter:card\" content=\"summary_large_image\" \/>\n<meta name=\"twitter:label1\" content=\"Escrito por\" \/>\n\t<meta name=\"twitter:data1\" content=\"retoelajorge\" \/>\n\t<meta name=\"twitter:label2\" content=\"Tiempo de lectura\" \/>\n\t<meta name=\"twitter:data2\" content=\"2 minutos\" \/>\n<script type=\"application\/ld+json\" class=\"yoast-schema-graph\">{\"@context\":\"https:\/\/schema.org\",\"@graph\":[{\"@type\":\"Article\",\"@id\":\"https:\/\/retoelajorge.es\/index.php\/2020\/10\/06\/y-ahora-que\/#article\",\"isPartOf\":{\"@id\":\"https:\/\/retoelajorge.es\/index.php\/2020\/10\/06\/y-ahora-que\/\"},\"author\":{\"name\":\"retoelajorge\",\"@id\":\"https:\/\/retoelajorge.es\/#\/schema\/person\/0e209413f2de4fe381eda14e12288b7d\"},\"headline\":\"Y ahora qu\u00e9??\",\"datePublished\":\"2020-10-06T10:44:46+00:00\",\"dateModified\":\"2020-10-06T10:44:51+00:00\",\"mainEntityOfPage\":{\"@id\":\"https:\/\/retoelajorge.es\/index.php\/2020\/10\/06\/y-ahora-que\/\"},\"wordCount\":343,\"commentCount\":0,\"publisher\":{\"@id\":\"https:\/\/retoelajorge.es\/#organization\"},\"image\":{\"@id\":\"https:\/\/retoelajorge.es\/index.php\/2020\/10\/06\/y-ahora-que\/#primaryimage\"},\"thumbnailUrl\":\"https:\/\/retoelajorge.es\/wp-content\/uploads\/2020\/10\/Torumalet.jpg\",\"articleSection\":[\"Retos\"],\"inLanguage\":\"es\",\"potentialAction\":[{\"@type\":\"CommentAction\",\"name\":\"Comment\",\"target\":[\"https:\/\/retoelajorge.es\/index.php\/2020\/10\/06\/y-ahora-que\/#respond\"]}]},{\"@type\":\"WebPage\",\"@id\":\"https:\/\/retoelajorge.es\/index.php\/2020\/10\/06\/y-ahora-que\/\",\"url\":\"https:\/\/retoelajorge.es\/index.php\/2020\/10\/06\/y-ahora-que\/\",\"name\":\"Y ahora qu\u00e9?? - Mis retos por la ELA\",\"isPartOf\":{\"@id\":\"https:\/\/retoelajorge.es\/#website\"},\"primaryImageOfPage\":{\"@id\":\"https:\/\/retoelajorge.es\/index.php\/2020\/10\/06\/y-ahora-que\/#primaryimage\"},\"image\":{\"@id\":\"https:\/\/retoelajorge.es\/index.php\/2020\/10\/06\/y-ahora-que\/#primaryimage\"},\"thumbnailUrl\":\"https:\/\/retoelajorge.es\/wp-content\/uploads\/2020\/10\/Torumalet.jpg\",\"datePublished\":\"2020-10-06T10:44:46+00:00\",\"dateModified\":\"2020-10-06T10:44:51+00:00\",\"breadcrumb\":{\"@id\":\"https:\/\/retoelajorge.es\/index.php\/2020\/10\/06\/y-ahora-que\/#breadcrumb\"},\"inLanguage\":\"es\",\"potentialAction\":[{\"@type\":\"ReadAction\",\"target\":[\"https:\/\/retoelajorge.es\/index.php\/2020\/10\/06\/y-ahora-que\/\"]}]},{\"@type\":\"ImageObject\",\"inLanguage\":\"es\",\"@id\":\"https:\/\/retoelajorge.es\/index.php\/2020\/10\/06\/y-ahora-que\/#primaryimage\",\"url\":\"https:\/\/retoelajorge.es\/wp-content\/uploads\/2020\/10\/Torumalet.jpg\",\"contentUrl\":\"https:\/\/retoelajorge.es\/wp-content\/uploads\/2020\/10\/Torumalet.jpg\",\"width\":1205,\"height\":705},{\"@type\":\"BreadcrumbList\",\"@id\":\"https:\/\/retoelajorge.es\/index.php\/2020\/10\/06\/y-ahora-que\/#breadcrumb\",\"itemListElement\":[{\"@type\":\"ListItem\",\"position\":1,\"name\":\"Portada\",\"item\":\"https:\/\/retoelajorge.es\/\"},{\"@type\":\"ListItem\",\"position\":2,\"name\":\"Y ahora qu\u00e9??\"}]},{\"@type\":\"WebSite\",\"@id\":\"https:\/\/retoelajorge.es\/#website\",\"url\":\"https:\/\/retoelajorge.es\/\",\"name\":\"Mis retos por la ELA\",\"description\":\"Blog de un afectado de ELA\",\"publisher\":{\"@id\":\"https:\/\/retoelajorge.es\/#organization\"},\"potentialAction\":[{\"@type\":\"SearchAction\",\"target\":{\"@type\":\"EntryPoint\",\"urlTemplate\":\"https:\/\/retoelajorge.es\/?s={search_term_string}\"},\"query-input\":{\"@type\":\"PropertyValueSpecification\",\"valueRequired\":true,\"valueName\":\"search_term_string\"}}],\"inLanguage\":\"es\"},{\"@type\":\"Organization\",\"@id\":\"https:\/\/retoelajorge.es\/#organization\",\"name\":\"Mis retos por la ELA\",\"url\":\"https:\/\/retoelajorge.es\/\",\"logo\":{\"@type\":\"ImageObject\",\"inLanguage\":\"es\",\"@id\":\"https:\/\/retoelajorge.es\/#\/schema\/logo\/image\/\",\"url\":\"https:\/\/retoelajorge.es\/wp-content\/uploads\/2020\/02\/Jorge-scaled-e1583395872979.jpg\",\"contentUrl\":\"https:\/\/retoelajorge.es\/wp-content\/uploads\/2020\/02\/Jorge-scaled-e1583395872979.jpg\",\"width\":1900,\"height\":1045,\"caption\":\"Mis retos por la ELA\"},\"image\":{\"@id\":\"https:\/\/retoelajorge.es\/#\/schema\/logo\/image\/\"}},{\"@type\":\"Person\",\"@id\":\"https:\/\/retoelajorge.es\/#\/schema\/person\/0e209413f2de4fe381eda14e12288b7d\",\"name\":\"retoelajorge\",\"image\":{\"@type\":\"ImageObject\",\"inLanguage\":\"es\",\"@id\":\"https:\/\/retoelajorge.es\/#\/schema\/person\/image\/\",\"url\":\"https:\/\/secure.gravatar.com\/avatar\/bdd30a868985f69f97d362fc89c201f7860ec568aa2b42cb67e1ab7857b91971?s=96&d=mm&r=g\",\"contentUrl\":\"https:\/\/secure.gravatar.com\/avatar\/bdd30a868985f69f97d362fc89c201f7860ec568aa2b42cb67e1ab7857b91971?s=96&d=mm&r=g\",\"caption\":\"retoelajorge\"},\"url\":\"https:\/\/retoelajorge.es\/index.php\/author\/admin\/\"}]}<\/script>\n<!-- \/ Yoast SEO plugin. -->","yoast_head_json":{"title":"Y ahora qu\u00e9?? - Mis retos por la ELA","robots":{"index":"index","follow":"follow","max-snippet":"max-snippet:-1","max-image-preview":"max-image-preview:large","max-video-preview":"max-video-preview:-1"},"canonical":"https:\/\/retoelajorge.es\/index.php\/2020\/10\/06\/y-ahora-que\/","og_locale":"es_ES","og_type":"article","og_title":"Y ahora qu\u00e9?? - Mis retos por la ELA","og_description":"Pues ahora toca seguir dando continuidad a la incansable lucha de Jorge contra la fat\u00eddica ELA que pudo con \u00e9l tras m\u00e1s de siete a\u00f1os muriendo por vivir. En nuestro primer reto sin la...","og_url":"https:\/\/retoelajorge.es\/index.php\/2020\/10\/06\/y-ahora-que\/","og_site_name":"Mis retos por la ELA","article_published_time":"2020-10-06T10:44:46+00:00","article_modified_time":"2020-10-06T10:44:51+00:00","og_image":[{"width":1205,"height":705,"url":"https:\/\/retoelajorge.es\/wp-content\/uploads\/2020\/10\/Torumalet.jpg","type":"image\/jpeg"}],"author":"retoelajorge","twitter_card":"summary_large_image","twitter_misc":{"Escrito por":"retoelajorge","Tiempo de lectura":"2 minutos"},"schema":{"@context":"https:\/\/schema.org","@graph":[{"@type":"Article","@id":"https:\/\/retoelajorge.es\/index.php\/2020\/10\/06\/y-ahora-que\/#article","isPartOf":{"@id":"https:\/\/retoelajorge.es\/index.php\/2020\/10\/06\/y-ahora-que\/"},"author":{"name":"retoelajorge","@id":"https:\/\/retoelajorge.es\/#\/schema\/person\/0e209413f2de4fe381eda14e12288b7d"},"headline":"Y ahora qu\u00e9??","datePublished":"2020-10-06T10:44:46+00:00","dateModified":"2020-10-06T10:44:51+00:00","mainEntityOfPage":{"@id":"https:\/\/retoelajorge.es\/index.php\/2020\/10\/06\/y-ahora-que\/"},"wordCount":343,"commentCount":0,"publisher":{"@id":"https:\/\/retoelajorge.es\/#organization"},"image":{"@id":"https:\/\/retoelajorge.es\/index.php\/2020\/10\/06\/y-ahora-que\/#primaryimage"},"thumbnailUrl":"https:\/\/retoelajorge.es\/wp-content\/uploads\/2020\/10\/Torumalet.jpg","articleSection":["Retos"],"inLanguage":"es","potentialAction":[{"@type":"CommentAction","name":"Comment","target":["https:\/\/retoelajorge.es\/index.php\/2020\/10\/06\/y-ahora-que\/#respond"]}]},{"@type":"WebPage","@id":"https:\/\/retoelajorge.es\/index.php\/2020\/10\/06\/y-ahora-que\/","url":"https:\/\/retoelajorge.es\/index.php\/2020\/10\/06\/y-ahora-que\/","name":"Y ahora qu\u00e9?? - Mis retos por la ELA","isPartOf":{"@id":"https:\/\/retoelajorge.es\/#website"},"primaryImageOfPage":{"@id":"https:\/\/retoelajorge.es\/index.php\/2020\/10\/06\/y-ahora-que\/#primaryimage"},"image":{"@id":"https:\/\/retoelajorge.es\/index.php\/2020\/10\/06\/y-ahora-que\/#primaryimage"},"thumbnailUrl":"https:\/\/retoelajorge.es\/wp-content\/uploads\/2020\/10\/Torumalet.jpg","datePublished":"2020-10-06T10:44:46+00:00","dateModified":"2020-10-06T10:44:51+00:00","breadcrumb":{"@id":"https:\/\/retoelajorge.es\/index.php\/2020\/10\/06\/y-ahora-que\/#breadcrumb"},"inLanguage":"es","potentialAction":[{"@type":"ReadAction","target":["https:\/\/retoelajorge.es\/index.php\/2020\/10\/06\/y-ahora-que\/"]}]},{"@type":"ImageObject","inLanguage":"es","@id":"https:\/\/retoelajorge.es\/index.php\/2020\/10\/06\/y-ahora-que\/#primaryimage","url":"https:\/\/retoelajorge.es\/wp-content\/uploads\/2020\/10\/Torumalet.jpg","contentUrl":"https:\/\/retoelajorge.es\/wp-content\/uploads\/2020\/10\/Torumalet.jpg","width":1205,"height":705},{"@type":"BreadcrumbList","@id":"https:\/\/retoelajorge.es\/index.php\/2020\/10\/06\/y-ahora-que\/#breadcrumb","itemListElement":[{"@type":"ListItem","position":1,"name":"Portada","item":"https:\/\/retoelajorge.es\/"},{"@type":"ListItem","position":2,"name":"Y ahora qu\u00e9??"}]},{"@type":"WebSite","@id":"https:\/\/retoelajorge.es\/#website","url":"https:\/\/retoelajorge.es\/","name":"Mis retos por la ELA","description":"Blog de un afectado de ELA","publisher":{"@id":"https:\/\/retoelajorge.es\/#organization"},"potentialAction":[{"@type":"SearchAction","target":{"@type":"EntryPoint","urlTemplate":"https:\/\/retoelajorge.es\/?s={search_term_string}"},"query-input":{"@type":"PropertyValueSpecification","valueRequired":true,"valueName":"search_term_string"}}],"inLanguage":"es"},{"@type":"Organization","@id":"https:\/\/retoelajorge.es\/#organization","name":"Mis retos por la ELA","url":"https:\/\/retoelajorge.es\/","logo":{"@type":"ImageObject","inLanguage":"es","@id":"https:\/\/retoelajorge.es\/#\/schema\/logo\/image\/","url":"https:\/\/retoelajorge.es\/wp-content\/uploads\/2020\/02\/Jorge-scaled-e1583395872979.jpg","contentUrl":"https:\/\/retoelajorge.es\/wp-content\/uploads\/2020\/02\/Jorge-scaled-e1583395872979.jpg","width":1900,"height":1045,"caption":"Mis retos por la ELA"},"image":{"@id":"https:\/\/retoelajorge.es\/#\/schema\/logo\/image\/"}},{"@type":"Person","@id":"https:\/\/retoelajorge.es\/#\/schema\/person\/0e209413f2de4fe381eda14e12288b7d","name":"retoelajorge","image":{"@type":"ImageObject","inLanguage":"es","@id":"https:\/\/retoelajorge.es\/#\/schema\/person\/image\/","url":"https:\/\/secure.gravatar.com\/avatar\/bdd30a868985f69f97d362fc89c201f7860ec568aa2b42cb67e1ab7857b91971?s=96&d=mm&r=g","contentUrl":"https:\/\/secure.gravatar.com\/avatar\/bdd30a868985f69f97d362fc89c201f7860ec568aa2b42cb67e1ab7857b91971?s=96&d=mm&r=g","caption":"retoelajorge"},"url":"https:\/\/retoelajorge.es\/index.php\/author\/admin\/"}]}},"_links":{"self":[{"href":"https:\/\/retoelajorge.es\/index.php\/wp-json\/wp\/v2\/posts\/1095","targetHints":{"allow":["GET"]}}],"collection":[{"href":"https:\/\/retoelajorge.es\/index.php\/wp-json\/wp\/v2\/posts"}],"about":[{"href":"https:\/\/retoelajorge.es\/index.php\/wp-json\/wp\/v2\/types\/post"}],"author":[{"embeddable":true,"href":"https:\/\/retoelajorge.es\/index.php\/wp-json\/wp\/v2\/users\/1"}],"replies":[{"embeddable":true,"href":"https:\/\/retoelajorge.es\/index.php\/wp-json\/wp\/v2\/comments?post=1095"}],"version-history":[{"count":35,"href":"https:\/\/retoelajorge.es\/index.php\/wp-json\/wp\/v2\/posts\/1095\/revisions"}],"predecessor-version":[{"id":1278,"href":"https:\/\/retoelajorge.es\/index.php\/wp-json\/wp\/v2\/posts\/1095\/revisions\/1278"}],"wp:featuredmedia":[{"embeddable":true,"href":"https:\/\/retoelajorge.es\/index.php\/wp-json\/wp\/v2\/media\/1135"}],"wp:attachment":[{"href":"https:\/\/retoelajorge.es\/index.php\/wp-json\/wp\/v2\/media?parent=1095"}],"wp:term":[{"taxonomy":"category","embeddable":true,"href":"https:\/\/retoelajorge.es\/index.php\/wp-json\/wp\/v2\/categories?post=1095"},{"taxonomy":"post_tag","embeddable":true,"href":"https:\/\/retoelajorge.es\/index.php\/wp-json\/wp\/v2\/tags?post=1095"}],"curies":[{"name":"wp","href":"https:\/\/api.w.org\/{rel}","templated":true}]}}