{"id":1207,"date":"2021-04-14T09:22:35","date_gmt":"2021-04-14T09:22:35","guid":{"rendered":"https:\/\/retoelajorge.es\/?p=1207"},"modified":"2021-04-14T09:22:41","modified_gmt":"2021-04-14T09:22:41","slug":"ultra-ela","status":"publish","type":"post","link":"https:\/\/retoelajorge.es\/index.php\/2021\/04\/14\/ultra-ela\/","title":{"rendered":"Ultra ELA"},"content":{"rendered":"\n<div class=\"wp-block-image\"><figure class=\"alignleft size-medium is-resized\"><img loading=\"lazy\" decoding=\"async\" src=\"https:\/\/retoelajorge.es\/wp-content\/uploads\/2021\/04\/Gran-embolao-300x183.jpg\" alt=\"\" class=\"wp-image-1218\" width=\"558\" height=\"340\" srcset=\"https:\/\/retoelajorge.es\/wp-content\/uploads\/2021\/04\/Gran-embolao-300x183.jpg 300w, https:\/\/retoelajorge.es\/wp-content\/uploads\/2021\/04\/Gran-embolao-1024x625.jpg 1024w, https:\/\/retoelajorge.es\/wp-content\/uploads\/2021\/04\/Gran-embolao-768x469.jpg 768w, https:\/\/retoelajorge.es\/wp-content\/uploads\/2021\/04\/Gran-embolao.jpg 1475w\" sizes=\"auto, (max-width: 558px) 100vw, 558px\" \/><figcaption>Kiki, representante del \u00abGran Embolao\u00bb<\/figcaption><\/figure><\/div>\n\n\n\n<p>El grupo de amigos del \u00ab<a href=\"https:\/\/www.facebook.com\/granembolao\" target=\"_blank\" rel=\"noreferrer noopener\">Gran Embolao<\/a>\u00bb han llevado a cabo este evento para continuar la labor que impuls\u00f3 <a href=\"https:\/\/retoelajorge.es\/index.php\/sobre-mi\/\">Jorge Abarca<\/a> con sus retos contra la ELA. <\/p>\n\n\n\n<p>El objetivo es el mismo, seguir dando visibilidad de esta cruel enfermedad a la vez que se invita a todas las personas a colaborar con las distintas asociaciones sin \u00e1nimo de lucro dedicas a paliar m\u00ednimamente el sufrimiento tanto f\u00edsico como s\u00edquico de afectados y familiares. <\/p>\n\n\n\n<p>Por supuesto que, en esta ocasi\u00f3n, esa colaboraci\u00f3n se solicita principalmente para nuestra asociaci\u00f3n, <a href=\"https:\/\/agraela.org\" target=\"_blank\" rel=\"noreferrer noopener\">AGRAELA<\/a>, por estar ubicada en el \u00e1mbito de realizaci\u00f3n de este reto y porque los participantes del mismo han querido rendir un homenaje p\u00f3stumo a <a href=\"https:\/\/retoelajorge.es\/index.php\/sobre-mi\/\">Jorge Abarca<\/a>, principal impulsor de la creaci\u00f3n de <a href=\"https:\/\/agraela.org\" target=\"_blank\" rel=\"noreferrer noopener\">AGRAELA<\/a>.<\/p>\n\n\n\n<p><\/p>\n\n\n\n<h2 class=\"wp-block-heading\">El Reto<\/h2>\n\n\n\n<p>La Ultra ELA organizada por este fant\u00e1stico grupo de personas consist\u00eda, en tres etapas consecutivas, coronar el Mulhac\u00e9n, es el pico m\u00e1s alta de la pen\u00ednsula ib\u00e9rica y descender hasta el nivel del mar, tanto a pie, los primeros kil\u00f3metros, como en bicicleta desde la hoya del Portillo, situada por encima de la localidad granadina de Capileira. Una vez alcanzado el nivel del mar en Salobre\u00f1a, recorrer en kayak una distancia aproximada de 20 km hasta La Herradura, donde el \u00faltimo d\u00eda, har\u00e1n una inmersi\u00f3n en la que pretenden alcanzar una profundidad de 30 m.<\/p>\n\n\n\n<p>Familiares y amigos de Jorge Abarca y representantes de la asociaci\u00f3n AGRAELA, quisimos aportar nuestro granito de arena acompa\u00f1ando a estos fen\u00f3menos en el descenso en bicicleta de Capileira a Salobre\u00f1a, que se realiz\u00f3 en el segundo d\u00eda.<\/p>\n\n\n\n<h4 class=\"wp-block-heading\"><strong>Primera jornada<\/strong> (viernes, 2 de abril)<\/h4>\n\n\n\n<p>Una primera parte que consisti\u00f3 en una marcha hasta el refugio del Poqueira para, desde all\u00ed, iniciar el ascenso al Mulhac\u00e9n. Pincha <a href=\"https:\/\/www.facebook.com\/granembolao\/posts\/1635374086652221\" target=\"_blank\" rel=\"noreferrer noopener\">aqu\u00ed<\/a> si quieres ver la publicaci\u00f3n de sus autores.<\/p>\n\n\n\n<figure class=\"wp-block-gallery columns-3 is-cropped wp-block-gallery-1 is-layout-flex wp-block-gallery-is-layout-flex\"><ul class=\"blocks-gallery-grid\"><li class=\"blocks-gallery-item\"><figure><img loading=\"lazy\" decoding=\"async\" width=\"1024\" height=\"603\" src=\"https:\/\/retoelajorge.es\/wp-content\/uploads\/2021\/04\/168917511_1634990320023931_2096699714127185295_n-1024x603.jpg\" alt=\"\" data-id=\"1236\" data-full-url=\"https:\/\/retoelajorge.es\/wp-content\/uploads\/2021\/04\/168917511_1634990320023931_2096699714127185295_n.jpg\" data-link=\"https:\/\/retoelajorge.es\/?attachment_id=1236\" class=\"wp-image-1236\" srcset=\"https:\/\/retoelajorge.es\/wp-content\/uploads\/2021\/04\/168917511_1634990320023931_2096699714127185295_n-1024x603.jpg 1024w, https:\/\/retoelajorge.es\/wp-content\/uploads\/2021\/04\/168917511_1634990320023931_2096699714127185295_n-300x177.jpg 300w, https:\/\/retoelajorge.es\/wp-content\/uploads\/2021\/04\/168917511_1634990320023931_2096699714127185295_n-768x452.jpg 768w, https:\/\/retoelajorge.es\/wp-content\/uploads\/2021\/04\/168917511_1634990320023931_2096699714127185295_n.jpg 1446w\" sizes=\"auto, (max-width: 1024px) 100vw, 1024px\" \/><\/figure><\/li><li class=\"blocks-gallery-item\"><figure><img loading=\"lazy\" decoding=\"async\" width=\"1024\" height=\"576\" src=\"https:\/\/retoelajorge.es\/wp-content\/uploads\/2021\/04\/169088431_1634987970024166_1030266164833955753_n-1024x576.jpg\" alt=\"\" data-id=\"1235\" data-full-url=\"https:\/\/retoelajorge.es\/wp-content\/uploads\/2021\/04\/169088431_1634987970024166_1030266164833955753_n.jpg\" data-link=\"https:\/\/retoelajorge.es\/?attachment_id=1235\" class=\"wp-image-1235\" srcset=\"https:\/\/retoelajorge.es\/wp-content\/uploads\/2021\/04\/169088431_1634987970024166_1030266164833955753_n-1024x576.jpg 1024w, https:\/\/retoelajorge.es\/wp-content\/uploads\/2021\/04\/169088431_1634987970024166_1030266164833955753_n-300x169.jpg 300w, https:\/\/retoelajorge.es\/wp-content\/uploads\/2021\/04\/169088431_1634987970024166_1030266164833955753_n-768x432.jpg 768w, https:\/\/retoelajorge.es\/wp-content\/uploads\/2021\/04\/169088431_1634987970024166_1030266164833955753_n-1536x864.jpg 1536w, https:\/\/retoelajorge.es\/wp-content\/uploads\/2021\/04\/169088431_1634987970024166_1030266164833955753_n-800x450.jpg 800w, https:\/\/retoelajorge.es\/wp-content\/uploads\/2021\/04\/169088431_1634987970024166_1030266164833955753_n.jpg 1600w\" sizes=\"auto, (max-width: 1024px) 100vw, 1024px\" \/><\/figure><\/li><li class=\"blocks-gallery-item\"><figure><img loading=\"lazy\" decoding=\"async\" width=\"1024\" height=\"522\" src=\"https:\/\/retoelajorge.es\/wp-content\/uploads\/2021\/04\/169654767_1634987903357506_2668156462423454879_n-1024x522.jpg\" alt=\"\" data-id=\"1238\" data-full-url=\"https:\/\/retoelajorge.es\/wp-content\/uploads\/2021\/04\/169654767_1634987903357506_2668156462423454879_n.jpg\" data-link=\"https:\/\/retoelajorge.es\/?attachment_id=1238\" class=\"wp-image-1238\" srcset=\"https:\/\/retoelajorge.es\/wp-content\/uploads\/2021\/04\/169654767_1634987903357506_2668156462423454879_n-1024x522.jpg 1024w, https:\/\/retoelajorge.es\/wp-content\/uploads\/2021\/04\/169654767_1634987903357506_2668156462423454879_n-300x153.jpg 300w, https:\/\/retoelajorge.es\/wp-content\/uploads\/2021\/04\/169654767_1634987903357506_2668156462423454879_n-768x391.jpg 768w, https:\/\/retoelajorge.es\/wp-content\/uploads\/2021\/04\/169654767_1634987903357506_2668156462423454879_n.jpg 1189w\" sizes=\"auto, (max-width: 1024px) 100vw, 1024px\" \/><\/figure><\/li><li class=\"blocks-gallery-item\"><figure><img loading=\"lazy\" decoding=\"async\" width=\"1024\" height=\"576\" src=\"https:\/\/retoelajorge.es\/wp-content\/uploads\/2021\/04\/WhatsApp-Image-2021-04-04-at-19.05.45-1024x576.jpeg\" alt=\"\" data-id=\"1240\" data-full-url=\"https:\/\/retoelajorge.es\/wp-content\/uploads\/2021\/04\/WhatsApp-Image-2021-04-04-at-19.05.45.jpeg\" data-link=\"https:\/\/retoelajorge.es\/?attachment_id=1240\" class=\"wp-image-1240\" srcset=\"https:\/\/retoelajorge.es\/wp-content\/uploads\/2021\/04\/WhatsApp-Image-2021-04-04-at-19.05.45-1024x576.jpeg 1024w, https:\/\/retoelajorge.es\/wp-content\/uploads\/2021\/04\/WhatsApp-Image-2021-04-04-at-19.05.45-300x169.jpeg 300w, https:\/\/retoelajorge.es\/wp-content\/uploads\/2021\/04\/WhatsApp-Image-2021-04-04-at-19.05.45-768x432.jpeg 768w, https:\/\/retoelajorge.es\/wp-content\/uploads\/2021\/04\/WhatsApp-Image-2021-04-04-at-19.05.45-1536x864.jpeg 1536w, https:\/\/retoelajorge.es\/wp-content\/uploads\/2021\/04\/WhatsApp-Image-2021-04-04-at-19.05.45-800x450.jpeg 800w, https:\/\/retoelajorge.es\/wp-content\/uploads\/2021\/04\/WhatsApp-Image-2021-04-04-at-19.05.45.jpeg 1920w\" sizes=\"auto, (max-width: 1024px) 100vw, 1024px\" \/><\/figure><\/li><li class=\"blocks-gallery-item\"><figure><img loading=\"lazy\" decoding=\"async\" width=\"1024\" height=\"576\" src=\"https:\/\/retoelajorge.es\/wp-content\/uploads\/2021\/04\/169063678_1634987963357500_4003265631003214283_n-1024x576.jpg\" alt=\"\" data-id=\"1237\" data-full-url=\"https:\/\/retoelajorge.es\/wp-content\/uploads\/2021\/04\/169063678_1634987963357500_4003265631003214283_n.jpg\" data-link=\"https:\/\/retoelajorge.es\/?attachment_id=1237\" class=\"wp-image-1237\" srcset=\"https:\/\/retoelajorge.es\/wp-content\/uploads\/2021\/04\/169063678_1634987963357500_4003265631003214283_n-1024x576.jpg 1024w, https:\/\/retoelajorge.es\/wp-content\/uploads\/2021\/04\/169063678_1634987963357500_4003265631003214283_n-300x169.jpg 300w, https:\/\/retoelajorge.es\/wp-content\/uploads\/2021\/04\/169063678_1634987963357500_4003265631003214283_n-768x432.jpg 768w, https:\/\/retoelajorge.es\/wp-content\/uploads\/2021\/04\/169063678_1634987963357500_4003265631003214283_n-1536x864.jpg 1536w, https:\/\/retoelajorge.es\/wp-content\/uploads\/2021\/04\/169063678_1634987963357500_4003265631003214283_n-800x450.jpg 800w, https:\/\/retoelajorge.es\/wp-content\/uploads\/2021\/04\/169063678_1634987963357500_4003265631003214283_n.jpg 1600w\" sizes=\"auto, (max-width: 1024px) 100vw, 1024px\" \/><\/figure><\/li><li class=\"blocks-gallery-item\"><figure><img loading=\"lazy\" decoding=\"async\" width=\"1024\" height=\"768\" src=\"https:\/\/retoelajorge.es\/wp-content\/uploads\/2021\/04\/WhatsApp-Image-2021-04-04-at-19.05.44.jpeg\" alt=\"\" data-id=\"1241\" data-full-url=\"https:\/\/retoelajorge.es\/wp-content\/uploads\/2021\/04\/WhatsApp-Image-2021-04-04-at-19.05.44.jpeg\" data-link=\"https:\/\/retoelajorge.es\/?attachment_id=1241\" class=\"wp-image-1241\" srcset=\"https:\/\/retoelajorge.es\/wp-content\/uploads\/2021\/04\/WhatsApp-Image-2021-04-04-at-19.05.44.jpeg 1024w, https:\/\/retoelajorge.es\/wp-content\/uploads\/2021\/04\/WhatsApp-Image-2021-04-04-at-19.05.44-300x225.jpeg 300w, https:\/\/retoelajorge.es\/wp-content\/uploads\/2021\/04\/WhatsApp-Image-2021-04-04-at-19.05.44-768x576.jpeg 768w\" sizes=\"auto, (max-width: 1024px) 100vw, 1024px\" \/><\/figure><\/li><li class=\"blocks-gallery-item\"><figure><img loading=\"lazy\" decoding=\"async\" width=\"769\" height=\"1024\" src=\"https:\/\/retoelajorge.es\/wp-content\/uploads\/2021\/04\/WhatsApp-Image-2021-04-04-at-19.05.45-1-769x1024.jpeg\" alt=\"\" data-id=\"1239\" data-full-url=\"https:\/\/retoelajorge.es\/wp-content\/uploads\/2021\/04\/WhatsApp-Image-2021-04-04-at-19.05.45-1.jpeg\" data-link=\"https:\/\/retoelajorge.es\/?attachment_id=1239\" class=\"wp-image-1239\" srcset=\"https:\/\/retoelajorge.es\/wp-content\/uploads\/2021\/04\/WhatsApp-Image-2021-04-04-at-19.05.45-1-769x1024.jpeg 769w, https:\/\/retoelajorge.es\/wp-content\/uploads\/2021\/04\/WhatsApp-Image-2021-04-04-at-19.05.45-1-225x300.jpeg 225w, https:\/\/retoelajorge.es\/wp-content\/uploads\/2021\/04\/WhatsApp-Image-2021-04-04-at-19.05.45-1-768x1022.jpeg 768w, https:\/\/retoelajorge.es\/wp-content\/uploads\/2021\/04\/WhatsApp-Image-2021-04-04-at-19.05.45-1-1154x1536.jpeg 1154w, https:\/\/retoelajorge.es\/wp-content\/uploads\/2021\/04\/WhatsApp-Image-2021-04-04-at-19.05.45-1.jpeg 1202w\" sizes=\"auto, (max-width: 769px) 100vw, 769px\" \/><figcaption class=\"blocks-gallery-item__caption\">Coronando el Mulhac\u00e9n<\/figcaption><\/figure><\/li><\/ul><\/figure>\n\n\n\n<h4 class=\"wp-block-heading\"><strong>Segunda jornada<\/strong> (s\u00e1bado, 3 de abril)<\/h4>\n\n\n\n<p>Tras descender y pasar la noche en la Hoya del Portillo, tocaba enfundarse el equipo de ciclismo para acometer el descenso hasta Salobre\u00f1a. Parte del equipo de retoELAjorge acompa\u00f1amos en este d\u00eda al grupo hasta la llegada a Salobre\u00f1a. Fue un descenso muy r\u00e1pido con s\u00f3lo alguna dificultad tras atravesar \u00d3rgiva y por el fuerte aire que hac\u00eda al recorrer el Azud de V\u00e9lez.<\/p>\n\n\n\n<p>En Salobre\u00f1a nos despedimos de este estupendo grupo de personas que tras avituallarse un poco, todav\u00eda le restaba una dura traves\u00eda por mar de unos 20 km, y con el mar algo revuelto. Os dejo a continuaci\u00f3n una peque\u00f1a galer\u00eda fotogr\u00e1fica y si quer\u00e9is ojear la publicaci\u00f3n suya en Facebook, pinchar <a href=\"https:\/\/www.facebook.com\/granembolao\/posts\/1636430133213283\" target=\"_blank\" rel=\"noreferrer noopener\">aqu\u00ed<\/a>. <\/p>\n\n\n\n<figure class=\"wp-block-gallery columns-3 is-cropped wp-block-gallery-2 is-layout-flex wp-block-gallery-is-layout-flex\"><ul class=\"blocks-gallery-grid\"><li class=\"blocks-gallery-item\"><figure><img loading=\"lazy\" decoding=\"async\" width=\"1024\" height=\"768\" src=\"https:\/\/retoelajorge.es\/wp-content\/uploads\/2021\/04\/2_1-1024x768.jpg\" alt=\"\" data-id=\"1251\" data-link=\"https:\/\/retoelajorge.es\/?attachment_id=1251\" class=\"wp-image-1251\" srcset=\"https:\/\/retoelajorge.es\/wp-content\/uploads\/2021\/04\/2_1-1024x768.jpg 1024w, https:\/\/retoelajorge.es\/wp-content\/uploads\/2021\/04\/2_1-300x225.jpg 300w, https:\/\/retoelajorge.es\/wp-content\/uploads\/2021\/04\/2_1-768x576.jpg 768w, https:\/\/retoelajorge.es\/wp-content\/uploads\/2021\/04\/2_1-1536x1152.jpg 1536w, https:\/\/retoelajorge.es\/wp-content\/uploads\/2021\/04\/2_1.jpg 2000w\" sizes=\"auto, (max-width: 1024px) 100vw, 1024px\" \/><\/figure><\/li><li class=\"blocks-gallery-item\"><figure><img loading=\"lazy\" decoding=\"async\" width=\"1024\" height=\"576\" src=\"https:\/\/retoelajorge.es\/wp-content\/uploads\/2021\/04\/2_15-1024x576.jpg\" alt=\"\" data-id=\"1257\" data-link=\"https:\/\/retoelajorge.es\/?attachment_id=1257\" class=\"wp-image-1257\" srcset=\"https:\/\/retoelajorge.es\/wp-content\/uploads\/2021\/04\/2_15-1024x576.jpg 1024w, https:\/\/retoelajorge.es\/wp-content\/uploads\/2021\/04\/2_15-300x169.jpg 300w, https:\/\/retoelajorge.es\/wp-content\/uploads\/2021\/04\/2_15-768x432.jpg 768w, https:\/\/retoelajorge.es\/wp-content\/uploads\/2021\/04\/2_15-1536x864.jpg 1536w, https:\/\/retoelajorge.es\/wp-content\/uploads\/2021\/04\/2_15-800x450.jpg 800w, https:\/\/retoelajorge.es\/wp-content\/uploads\/2021\/04\/2_15.jpg 1600w\" sizes=\"auto, (max-width: 1024px) 100vw, 1024px\" \/><\/figure><\/li><li class=\"blocks-gallery-item\"><figure><img loading=\"lazy\" decoding=\"async\" width=\"1024\" height=\"768\" src=\"https:\/\/retoelajorge.es\/wp-content\/uploads\/2021\/04\/2_2-1024x768.jpg\" alt=\"\" data-id=\"1252\" data-link=\"https:\/\/retoelajorge.es\/?attachment_id=1252\" class=\"wp-image-1252\" srcset=\"https:\/\/retoelajorge.es\/wp-content\/uploads\/2021\/04\/2_2-1024x768.jpg 1024w, https:\/\/retoelajorge.es\/wp-content\/uploads\/2021\/04\/2_2-300x225.jpg 300w, https:\/\/retoelajorge.es\/wp-content\/uploads\/2021\/04\/2_2-768x576.jpg 768w, https:\/\/retoelajorge.es\/wp-content\/uploads\/2021\/04\/2_2-1536x1152.jpg 1536w, https:\/\/retoelajorge.es\/wp-content\/uploads\/2021\/04\/2_2.jpg 2000w\" sizes=\"auto, (max-width: 1024px) 100vw, 1024px\" \/><figcaption class=\"blocks-gallery-item__caption\">Encuentro con el grupo gran embolao<\/figcaption><\/figure><\/li><li class=\"blocks-gallery-item\"><figure><img loading=\"lazy\" decoding=\"async\" width=\"1024\" height=\"576\" src=\"https:\/\/retoelajorge.es\/wp-content\/uploads\/2021\/04\/2_4-1024x576.jpg\" alt=\"\" data-id=\"1254\" data-link=\"https:\/\/retoelajorge.es\/?attachment_id=1254\" class=\"wp-image-1254\" srcset=\"https:\/\/retoelajorge.es\/wp-content\/uploads\/2021\/04\/2_4-1024x576.jpg 1024w, https:\/\/retoelajorge.es\/wp-content\/uploads\/2021\/04\/2_4-300x169.jpg 300w, https:\/\/retoelajorge.es\/wp-content\/uploads\/2021\/04\/2_4-768x432.jpg 768w, https:\/\/retoelajorge.es\/wp-content\/uploads\/2021\/04\/2_4-1536x864.jpg 1536w, https:\/\/retoelajorge.es\/wp-content\/uploads\/2021\/04\/2_4-800x450.jpg 800w, https:\/\/retoelajorge.es\/wp-content\/uploads\/2021\/04\/2_4.jpg 1600w\" sizes=\"auto, (max-width: 1024px) 100vw, 1024px\" \/><\/figure><\/li><li class=\"blocks-gallery-item\"><figure><img loading=\"lazy\" decoding=\"async\" width=\"1024\" height=\"768\" src=\"https:\/\/retoelajorge.es\/wp-content\/uploads\/2021\/04\/WhatsApp-Image-2021-04-03-at-16.57.35-1024x768.jpeg\" alt=\"\" data-id=\"1258\" data-full-url=\"https:\/\/retoelajorge.es\/wp-content\/uploads\/2021\/04\/WhatsApp-Image-2021-04-03-at-16.57.35.jpeg\" data-link=\"https:\/\/retoelajorge.es\/?attachment_id=1258\" class=\"wp-image-1258\" srcset=\"https:\/\/retoelajorge.es\/wp-content\/uploads\/2021\/04\/WhatsApp-Image-2021-04-03-at-16.57.35-1024x768.jpeg 1024w, https:\/\/retoelajorge.es\/wp-content\/uploads\/2021\/04\/WhatsApp-Image-2021-04-03-at-16.57.35-300x225.jpeg 300w, https:\/\/retoelajorge.es\/wp-content\/uploads\/2021\/04\/WhatsApp-Image-2021-04-03-at-16.57.35-768x576.jpeg 768w, https:\/\/retoelajorge.es\/wp-content\/uploads\/2021\/04\/WhatsApp-Image-2021-04-03-at-16.57.35-1536x1152.jpeg 1536w, https:\/\/retoelajorge.es\/wp-content\/uploads\/2021\/04\/WhatsApp-Image-2021-04-03-at-16.57.35.jpeg 1600w\" sizes=\"auto, (max-width: 1024px) 100vw, 1024px\" \/><figcaption class=\"blocks-gallery-item__caption\">Avituallamiento en presa de Rules<\/figcaption><\/figure><\/li><li class=\"blocks-gallery-item\"><figure><img loading=\"lazy\" decoding=\"async\" width=\"1024\" height=\"565\" src=\"https:\/\/retoelajorge.es\/wp-content\/uploads\/2021\/04\/2_3-1024x565.jpg\" alt=\"\" data-id=\"1253\" data-link=\"https:\/\/retoelajorge.es\/?attachment_id=1253\" class=\"wp-image-1253\" srcset=\"https:\/\/retoelajorge.es\/wp-content\/uploads\/2021\/04\/2_3-1024x565.jpg 1024w, https:\/\/retoelajorge.es\/wp-content\/uploads\/2021\/04\/2_3-300x165.jpg 300w, https:\/\/retoelajorge.es\/wp-content\/uploads\/2021\/04\/2_3-768x423.jpg 768w, https:\/\/retoelajorge.es\/wp-content\/uploads\/2021\/04\/2_3.jpg 1333w\" sizes=\"auto, (max-width: 1024px) 100vw, 1024px\" \/><\/figure><\/li><li class=\"blocks-gallery-item\"><figure><img loading=\"lazy\" decoding=\"async\" width=\"1024\" height=\"576\" src=\"https:\/\/retoelajorge.es\/wp-content\/uploads\/2021\/04\/2_f-1024x576.jpg\" alt=\"\" data-id=\"1255\" data-link=\"https:\/\/retoelajorge.es\/?attachment_id=1255\" class=\"wp-image-1255\" srcset=\"https:\/\/retoelajorge.es\/wp-content\/uploads\/2021\/04\/2_f-1024x576.jpg 1024w, https:\/\/retoelajorge.es\/wp-content\/uploads\/2021\/04\/2_f-300x169.jpg 300w, https:\/\/retoelajorge.es\/wp-content\/uploads\/2021\/04\/2_f-768x432.jpg 768w, https:\/\/retoelajorge.es\/wp-content\/uploads\/2021\/04\/2_f-1536x864.jpg 1536w, https:\/\/retoelajorge.es\/wp-content\/uploads\/2021\/04\/2_f-800x450.jpg 800w, https:\/\/retoelajorge.es\/wp-content\/uploads\/2021\/04\/2_f.jpg 1600w\" sizes=\"auto, (max-width: 1024px) 100vw, 1024px\" \/><figcaption class=\"blocks-gallery-item__caption\">Llegada a la playa de Salobre\u00f1a<\/figcaption><\/figure><\/li><li class=\"blocks-gallery-item\"><figure><img loading=\"lazy\" decoding=\"async\" width=\"1024\" height=\"768\" src=\"https:\/\/retoelajorge.es\/wp-content\/uploads\/2021\/04\/WhatsApp-Image-2021-04-03-at-14.48.12-1024x768.jpeg\" alt=\"\" data-id=\"1256\" data-link=\"https:\/\/retoelajorge.es\/?attachment_id=1256\" class=\"wp-image-1256\" srcset=\"https:\/\/retoelajorge.es\/wp-content\/uploads\/2021\/04\/WhatsApp-Image-2021-04-03-at-14.48.12-1024x768.jpeg 1024w, https:\/\/retoelajorge.es\/wp-content\/uploads\/2021\/04\/WhatsApp-Image-2021-04-03-at-14.48.12-300x225.jpeg 300w, https:\/\/retoelajorge.es\/wp-content\/uploads\/2021\/04\/WhatsApp-Image-2021-04-03-at-14.48.12-768x576.jpeg 768w, https:\/\/retoelajorge.es\/wp-content\/uploads\/2021\/04\/WhatsApp-Image-2021-04-03-at-14.48.12-1536x1152.jpeg 1536w, https:\/\/retoelajorge.es\/wp-content\/uploads\/2021\/04\/WhatsApp-Image-2021-04-03-at-14.48.12.jpeg 1600w\" sizes=\"auto, (max-width: 1024px) 100vw, 1024px\" \/><figcaption class=\"blocks-gallery-item__caption\">Junto a los kayak que utilizar\u00e1n a continuaci\u00f3n<\/figcaption><\/figure><\/li><\/ul><\/figure>\n\n\n\n<p>Y <a href=\"https:\/\/www.facebook.com\/granembolao\/posts\/1637143313141965\" target=\"_blank\" rel=\"noreferrer noopener\">aqu\u00ed<\/a>, la segunda parte de esta dura etapa contada por sus protagonistas<\/p>\n\n\n\n<p><\/p>\n\n\n\n<h4 class=\"wp-block-heading\"><strong>Tercera jornada <\/strong>(domingo, 4 de abril)<\/h4>\n\n\n\n<p>Esta ser\u00eda la \u00faltima etapa de esta ultra ELA, el descenso en buceo hasta los 30m de profundidad. Os pego la redacci\u00f3n dada por sus protagonistas: <\/p>\n\n\n\n<p>\u00abDomingo 4 de abril de 2021, La Herradura (Almu\u00f1\u00e9car 10:00 h. Sexto y \u00faltimo objetivo. Submarinismo 30 metros de profundidad en la Punta de la Mona. Lleg\u00f3 el d\u00eda. Por fin afrontamos el ultimo objetivo a alcanzar y nos levantamos entusiasmados para recoger el campamento y dirigirnos al centro de buceo para preparar nuestros equipos. Mientras tanto dos barcos se acercan al centro para recogernos y llevarnos a levante de la Herradura. En el mismo lugar donde desembarcamos ayer para finalizar la traves\u00eda en kayak. Este lugar, protegido a poniente se presentaba somero y espectacular como siempre que azota el poniente. Tras el brifing y la planificaci\u00f3n de la inmersi\u00f3n, muy bien impartido por el Diver Master I\u00f1aki, nos sumergimos por el fondeo para dirigirnos a la pared del acantilado; y dej\u00e1ndolo a nuestra derecha, alcanzamos los 18 metros de profundidad. En este punto se quedaron todos los buzos que no pod\u00edan acompa\u00f1arnos. Desde aqu\u00ed 5 buzos descendimos hasta los 30 metros alcanzando as\u00ed el ultimo de nuestros objetivos. El reto contra la ELA estaba conseguido. Un pulso m\u00e1s a esta cruel enfermedad y un paso m\u00e1s para mostrarla a la sociedad.\u00bb<\/p>\n\n\n\n<p>Y las im\u00e1genes del \u00faltimo objetivo<\/p>\n\n\n\n<figure class=\"wp-block-gallery columns-3 is-cropped wp-block-gallery-3 is-layout-flex wp-block-gallery-is-layout-flex\"><ul class=\"blocks-gallery-grid\"><li class=\"blocks-gallery-item\"><figure><img loading=\"lazy\" decoding=\"async\" width=\"1024\" height=\"576\" src=\"https:\/\/retoelajorge.es\/wp-content\/uploads\/2021\/04\/3_1-1024x576.jpg\" alt=\"\" data-id=\"1259\" data-full-url=\"https:\/\/retoelajorge.es\/wp-content\/uploads\/2021\/04\/3_1.jpg\" data-link=\"https:\/\/retoelajorge.es\/?attachment_id=1259\" class=\"wp-image-1259\" srcset=\"https:\/\/retoelajorge.es\/wp-content\/uploads\/2021\/04\/3_1-1024x576.jpg 1024w, https:\/\/retoelajorge.es\/wp-content\/uploads\/2021\/04\/3_1-300x169.jpg 300w, https:\/\/retoelajorge.es\/wp-content\/uploads\/2021\/04\/3_1-768x432.jpg 768w, https:\/\/retoelajorge.es\/wp-content\/uploads\/2021\/04\/3_1-1536x864.jpg 1536w, https:\/\/retoelajorge.es\/wp-content\/uploads\/2021\/04\/3_1-800x450.jpg 800w, https:\/\/retoelajorge.es\/wp-content\/uploads\/2021\/04\/3_1.jpg 1600w\" sizes=\"auto, (max-width: 1024px) 100vw, 1024px\" \/><\/figure><\/li><li class=\"blocks-gallery-item\"><figure><img loading=\"lazy\" decoding=\"async\" width=\"1024\" height=\"576\" src=\"https:\/\/retoelajorge.es\/wp-content\/uploads\/2021\/04\/3_2-1024x576.jpg\" alt=\"\" data-id=\"1260\" data-full-url=\"https:\/\/retoelajorge.es\/wp-content\/uploads\/2021\/04\/3_2.jpg\" data-link=\"https:\/\/retoelajorge.es\/?attachment_id=1260\" class=\"wp-image-1260\" srcset=\"https:\/\/retoelajorge.es\/wp-content\/uploads\/2021\/04\/3_2-1024x576.jpg 1024w, https:\/\/retoelajorge.es\/wp-content\/uploads\/2021\/04\/3_2-300x169.jpg 300w, https:\/\/retoelajorge.es\/wp-content\/uploads\/2021\/04\/3_2-768x432.jpg 768w, https:\/\/retoelajorge.es\/wp-content\/uploads\/2021\/04\/3_2-1536x864.jpg 1536w, https:\/\/retoelajorge.es\/wp-content\/uploads\/2021\/04\/3_2-800x450.jpg 800w, https:\/\/retoelajorge.es\/wp-content\/uploads\/2021\/04\/3_2.jpg 1600w\" sizes=\"auto, (max-width: 1024px) 100vw, 1024px\" \/><\/figure><\/li><li class=\"blocks-gallery-item\"><figure><img loading=\"lazy\" decoding=\"async\" width=\"1024\" height=\"576\" src=\"https:\/\/retoelajorge.es\/wp-content\/uploads\/2021\/04\/3_3-1024x576.jpg\" alt=\"\" data-id=\"1261\" data-full-url=\"https:\/\/retoelajorge.es\/wp-content\/uploads\/2021\/04\/3_3.jpg\" data-link=\"https:\/\/retoelajorge.es\/?attachment_id=1261\" class=\"wp-image-1261\" srcset=\"https:\/\/retoelajorge.es\/wp-content\/uploads\/2021\/04\/3_3-1024x576.jpg 1024w, https:\/\/retoelajorge.es\/wp-content\/uploads\/2021\/04\/3_3-300x169.jpg 300w, https:\/\/retoelajorge.es\/wp-content\/uploads\/2021\/04\/3_3-768x432.jpg 768w, https:\/\/retoelajorge.es\/wp-content\/uploads\/2021\/04\/3_3-1536x864.jpg 1536w, https:\/\/retoelajorge.es\/wp-content\/uploads\/2021\/04\/3_3-800x450.jpg 800w, https:\/\/retoelajorge.es\/wp-content\/uploads\/2021\/04\/3_3.jpg 1600w\" sizes=\"auto, (max-width: 1024px) 100vw, 1024px\" \/><\/figure><\/li><li class=\"blocks-gallery-item\"><figure><img loading=\"lazy\" decoding=\"async\" width=\"1024\" height=\"576\" src=\"https:\/\/retoelajorge.es\/wp-content\/uploads\/2021\/04\/3_4-1024x576.jpg\" alt=\"\" data-id=\"1262\" data-full-url=\"https:\/\/retoelajorge.es\/wp-content\/uploads\/2021\/04\/3_4.jpg\" data-link=\"https:\/\/retoelajorge.es\/?attachment_id=1262\" class=\"wp-image-1262\" srcset=\"https:\/\/retoelajorge.es\/wp-content\/uploads\/2021\/04\/3_4-1024x576.jpg 1024w, https:\/\/retoelajorge.es\/wp-content\/uploads\/2021\/04\/3_4-300x169.jpg 300w, https:\/\/retoelajorge.es\/wp-content\/uploads\/2021\/04\/3_4-768x432.jpg 768w, https:\/\/retoelajorge.es\/wp-content\/uploads\/2021\/04\/3_4-1536x864.jpg 1536w, https:\/\/retoelajorge.es\/wp-content\/uploads\/2021\/04\/3_4-800x450.jpg 800w, https:\/\/retoelajorge.es\/wp-content\/uploads\/2021\/04\/3_4.jpg 1600w\" sizes=\"auto, (max-width: 1024px) 100vw, 1024px\" \/><\/figure><\/li><li class=\"blocks-gallery-item\"><figure><img loading=\"lazy\" decoding=\"async\" width=\"1024\" height=\"576\" src=\"https:\/\/retoelajorge.es\/wp-content\/uploads\/2021\/04\/3_5-1024x576.jpg\" alt=\"\" data-id=\"1263\" data-full-url=\"https:\/\/retoelajorge.es\/wp-content\/uploads\/2021\/04\/3_5.jpg\" data-link=\"https:\/\/retoelajorge.es\/?attachment_id=1263\" class=\"wp-image-1263\" srcset=\"https:\/\/retoelajorge.es\/wp-content\/uploads\/2021\/04\/3_5-1024x576.jpg 1024w, https:\/\/retoelajorge.es\/wp-content\/uploads\/2021\/04\/3_5-300x169.jpg 300w, https:\/\/retoelajorge.es\/wp-content\/uploads\/2021\/04\/3_5-768x432.jpg 768w, https:\/\/retoelajorge.es\/wp-content\/uploads\/2021\/04\/3_5-1536x864.jpg 1536w, https:\/\/retoelajorge.es\/wp-content\/uploads\/2021\/04\/3_5-800x450.jpg 800w, https:\/\/retoelajorge.es\/wp-content\/uploads\/2021\/04\/3_5.jpg 1600w\" sizes=\"auto, (max-width: 1024px) 100vw, 1024px\" \/><\/figure><\/li><li class=\"blocks-gallery-item\"><figure><img loading=\"lazy\" decoding=\"async\" width=\"1024\" height=\"768\" src=\"https:\/\/retoelajorge.es\/wp-content\/uploads\/2021\/04\/3_f.jpg\" alt=\"\" data-id=\"1264\" data-full-url=\"https:\/\/retoelajorge.es\/wp-content\/uploads\/2021\/04\/3_f.jpg\" data-link=\"https:\/\/retoelajorge.es\/?attachment_id=1264\" class=\"wp-image-1264\" srcset=\"https:\/\/retoelajorge.es\/wp-content\/uploads\/2021\/04\/3_f.jpg 1024w, https:\/\/retoelajorge.es\/wp-content\/uploads\/2021\/04\/3_f-300x225.jpg 300w, https:\/\/retoelajorge.es\/wp-content\/uploads\/2021\/04\/3_f-768x576.jpg 768w\" sizes=\"auto, (max-width: 1024px) 100vw, 1024px\" \/><\/figure><\/li><li class=\"blocks-gallery-item\"><figure><img loading=\"lazy\" decoding=\"async\" width=\"1024\" height=\"576\" src=\"https:\/\/retoelajorge.es\/wp-content\/uploads\/2021\/04\/3_ff-1024x576.jpg\" alt=\"\" data-id=\"1265\" data-full-url=\"https:\/\/retoelajorge.es\/wp-content\/uploads\/2021\/04\/3_ff.jpg\" data-link=\"https:\/\/retoelajorge.es\/?attachment_id=1265\" class=\"wp-image-1265\" srcset=\"https:\/\/retoelajorge.es\/wp-content\/uploads\/2021\/04\/3_ff-1024x576.jpg 1024w, https:\/\/retoelajorge.es\/wp-content\/uploads\/2021\/04\/3_ff-300x169.jpg 300w, https:\/\/retoelajorge.es\/wp-content\/uploads\/2021\/04\/3_ff-768x432.jpg 768w, https:\/\/retoelajorge.es\/wp-content\/uploads\/2021\/04\/3_ff-1536x864.jpg 1536w, https:\/\/retoelajorge.es\/wp-content\/uploads\/2021\/04\/3_ff-800x450.jpg 800w, https:\/\/retoelajorge.es\/wp-content\/uploads\/2021\/04\/3_ff.jpg 1600w\" sizes=\"auto, (max-width: 1024px) 100vw, 1024px\" \/><figcaption class=\"blocks-gallery-item__caption\">\u00a1\u00a1RETO CONSEGUIDO!!<\/figcaption><\/figure><\/li><\/ul><\/figure>\n\n\n\n<h2 class=\"wp-block-heading\">Colof\u00f3n<\/h2>\n\n\n\n<p>Nuestro m\u00e1s sincero agradecimiento a este fant\u00e1stico grupo de personas que no han dudado ni un solo instante en participar en un desaf\u00edo tan duro y complicado para continuar la labor de nuestro querido Jorge Abarca. Seguro que \u00e9l tambi\u00e9n os lo estar\u00e1 agradeciendo all\u00e1 donde est\u00e9.<\/p>\n\n\n\n<p>Por \u00faltimo, si est\u00e1s interesad@ en tener m\u00e1s informaci\u00f3n sobre esta enfermedad y sobre nuestra asociaci\u00f3n, no dudes en visitar <a href=\"http:\/\/agraela.org\" target=\"_blank\" rel=\"noreferrer noopener\">agraela.org<\/a>, ah\u00ed encontrar\u00e1s todo ello  y las formas de colaboraci\u00f3n con nosotros. Muchas gracias.<\/p>\n","protected":false},"excerpt":{"rendered":"<p>El grupo de amigos del \u00abGran Embolao\u00bb han llevado a cabo este evento para continuar la labor que impuls\u00f3 Jorge Abarca con sus retos contra la ELA. El objetivo es el mismo, seguir dando&#8230;<\/p>\n","protected":false},"author":3,"featured_media":1223,"comment_status":"open","ping_status":"open","sticky":false,"template":"","format":"standard","meta":{"footnotes":""},"categories":[42,39,41],"tags":[61,69,68],"class_list":["post-1207","post","type-post","status-publish","format-standard","has-post-thumbnail","hentry","category-eventos","category-retos","category-solidaridad","tag-alpujarra","tag-embolao","tag-ultraela"],"yoast_head":"<!-- This site is optimized with the Yoast SEO plugin v26.7 - https:\/\/yoast.com\/wordpress\/plugins\/seo\/ -->\n<title>Ultra ELA - Mis retos por la ELA<\/title>\n<meta name=\"description\" content=\"El grupo de amigos del &quot;Gran Embolao&quot; han llevado a cabo este evento para continuar la labor que impuls\u00f3 Jorge Abarca con sus retos contra la E.L.A.\" \/>\n<meta name=\"robots\" content=\"index, follow, max-snippet:-1, max-image-preview:large, max-video-preview:-1\" \/>\n<link rel=\"canonical\" href=\"https:\/\/retoelajorge.es\/index.php\/2021\/04\/14\/ultra-ela\/\" \/>\n<meta property=\"og:locale\" content=\"es_ES\" \/>\n<meta property=\"og:type\" content=\"article\" \/>\n<meta property=\"og:title\" content=\"Ultra ELA - Mis retos por la ELA\" \/>\n<meta property=\"og:description\" content=\"El grupo de amigos del &quot;Gran Embolao&quot; han llevado a cabo este evento para continuar la labor que impuls\u00f3 Jorge Abarca con sus retos contra la E.L.A.\" \/>\n<meta property=\"og:url\" content=\"https:\/\/retoelajorge.es\/index.php\/2021\/04\/14\/ultra-ela\/\" \/>\n<meta property=\"og:site_name\" content=\"Mis retos por la ELA\" \/>\n<meta property=\"article:published_time\" content=\"2021-04-14T09:22:35+00:00\" \/>\n<meta property=\"article:modified_time\" content=\"2021-04-14T09:22:41+00:00\" \/>\n<meta property=\"og:image\" content=\"https:\/\/retoelajorge.es\/wp-content\/uploads\/2021\/04\/Principal.jpeg\" \/>\n\t<meta property=\"og:image:width\" content=\"1600\" \/>\n\t<meta property=\"og:image:height\" content=\"1200\" \/>\n\t<meta property=\"og:image:type\" content=\"image\/jpeg\" \/>\n<meta name=\"author\" content=\"Miguel Angel Abarca\" \/>\n<meta name=\"twitter:card\" content=\"summary_large_image\" \/>\n<meta name=\"twitter:label1\" content=\"Escrito por\" \/>\n\t<meta name=\"twitter:data1\" content=\"Miguel Angel Abarca\" \/>\n\t<meta name=\"twitter:label2\" content=\"Tiempo de lectura\" \/>\n\t<meta name=\"twitter:data2\" content=\"8 minutos\" \/>\n<script type=\"application\/ld+json\" class=\"yoast-schema-graph\">{\"@context\":\"https:\/\/schema.org\",\"@graph\":[{\"@type\":\"Article\",\"@id\":\"https:\/\/retoelajorge.es\/index.php\/2021\/04\/14\/ultra-ela\/#article\",\"isPartOf\":{\"@id\":\"https:\/\/retoelajorge.es\/index.php\/2021\/04\/14\/ultra-ela\/\"},\"author\":{\"name\":\"Miguel Angel Abarca\",\"@id\":\"https:\/\/retoelajorge.es\/#\/schema\/person\/779230a8663323e448879c156646e8ba\"},\"headline\":\"Ultra ELA\",\"datePublished\":\"2021-04-14T09:22:35+00:00\",\"dateModified\":\"2021-04-14T09:22:41+00:00\",\"mainEntityOfPage\":{\"@id\":\"https:\/\/retoelajorge.es\/index.php\/2021\/04\/14\/ultra-ela\/\"},\"wordCount\":839,\"commentCount\":0,\"publisher\":{\"@id\":\"https:\/\/retoelajorge.es\/#organization\"},\"image\":{\"@id\":\"https:\/\/retoelajorge.es\/index.php\/2021\/04\/14\/ultra-ela\/#primaryimage\"},\"thumbnailUrl\":\"https:\/\/retoelajorge.es\/wp-content\/uploads\/2021\/04\/Principal.jpeg\",\"keywords\":[\"Alpujarra\",\"embolao\",\"ultraela\"],\"articleSection\":[\"Eventos\",\"Retos\",\"Solidaridad\"],\"inLanguage\":\"es\",\"potentialAction\":[{\"@type\":\"CommentAction\",\"name\":\"Comment\",\"target\":[\"https:\/\/retoelajorge.es\/index.php\/2021\/04\/14\/ultra-ela\/#respond\"]}]},{\"@type\":\"WebPage\",\"@id\":\"https:\/\/retoelajorge.es\/index.php\/2021\/04\/14\/ultra-ela\/\",\"url\":\"https:\/\/retoelajorge.es\/index.php\/2021\/04\/14\/ultra-ela\/\",\"name\":\"Ultra ELA - Mis retos por la ELA\",\"isPartOf\":{\"@id\":\"https:\/\/retoelajorge.es\/#website\"},\"primaryImageOfPage\":{\"@id\":\"https:\/\/retoelajorge.es\/index.php\/2021\/04\/14\/ultra-ela\/#primaryimage\"},\"image\":{\"@id\":\"https:\/\/retoelajorge.es\/index.php\/2021\/04\/14\/ultra-ela\/#primaryimage\"},\"thumbnailUrl\":\"https:\/\/retoelajorge.es\/wp-content\/uploads\/2021\/04\/Principal.jpeg\",\"datePublished\":\"2021-04-14T09:22:35+00:00\",\"dateModified\":\"2021-04-14T09:22:41+00:00\",\"description\":\"El grupo de amigos del \\\"Gran Embolao\\\" han llevado a cabo este evento para continuar la labor que impuls\u00f3 Jorge Abarca con sus retos contra la E.L.A.\",\"breadcrumb\":{\"@id\":\"https:\/\/retoelajorge.es\/index.php\/2021\/04\/14\/ultra-ela\/#breadcrumb\"},\"inLanguage\":\"es\",\"potentialAction\":[{\"@type\":\"ReadAction\",\"target\":[\"https:\/\/retoelajorge.es\/index.php\/2021\/04\/14\/ultra-ela\/\"]}]},{\"@type\":\"ImageObject\",\"inLanguage\":\"es\",\"@id\":\"https:\/\/retoelajorge.es\/index.php\/2021\/04\/14\/ultra-ela\/#primaryimage\",\"url\":\"https:\/\/retoelajorge.es\/wp-content\/uploads\/2021\/04\/Principal.jpeg\",\"contentUrl\":\"https:\/\/retoelajorge.es\/wp-content\/uploads\/2021\/04\/Principal.jpeg\",\"width\":1600,\"height\":1200},{\"@type\":\"BreadcrumbList\",\"@id\":\"https:\/\/retoelajorge.es\/index.php\/2021\/04\/14\/ultra-ela\/#breadcrumb\",\"itemListElement\":[{\"@type\":\"ListItem\",\"position\":1,\"name\":\"Portada\",\"item\":\"https:\/\/retoelajorge.es\/\"},{\"@type\":\"ListItem\",\"position\":2,\"name\":\"Ultra ELA\"}]},{\"@type\":\"WebSite\",\"@id\":\"https:\/\/retoelajorge.es\/#website\",\"url\":\"https:\/\/retoelajorge.es\/\",\"name\":\"Mis retos por la ELA\",\"description\":\"Blog de un afectado de ELA\",\"publisher\":{\"@id\":\"https:\/\/retoelajorge.es\/#organization\"},\"potentialAction\":[{\"@type\":\"SearchAction\",\"target\":{\"@type\":\"EntryPoint\",\"urlTemplate\":\"https:\/\/retoelajorge.es\/?s={search_term_string}\"},\"query-input\":{\"@type\":\"PropertyValueSpecification\",\"valueRequired\":true,\"valueName\":\"search_term_string\"}}],\"inLanguage\":\"es\"},{\"@type\":\"Organization\",\"@id\":\"https:\/\/retoelajorge.es\/#organization\",\"name\":\"Mis retos por la ELA\",\"url\":\"https:\/\/retoelajorge.es\/\",\"logo\":{\"@type\":\"ImageObject\",\"inLanguage\":\"es\",\"@id\":\"https:\/\/retoelajorge.es\/#\/schema\/logo\/image\/\",\"url\":\"https:\/\/retoelajorge.es\/wp-content\/uploads\/2020\/02\/Jorge-scaled-e1583395872979.jpg\",\"contentUrl\":\"https:\/\/retoelajorge.es\/wp-content\/uploads\/2020\/02\/Jorge-scaled-e1583395872979.jpg\",\"width\":1900,\"height\":1045,\"caption\":\"Mis retos por la ELA\"},\"image\":{\"@id\":\"https:\/\/retoelajorge.es\/#\/schema\/logo\/image\/\"}},{\"@type\":\"Person\",\"@id\":\"https:\/\/retoelajorge.es\/#\/schema\/person\/779230a8663323e448879c156646e8ba\",\"name\":\"Miguel Angel Abarca\",\"image\":{\"@type\":\"ImageObject\",\"inLanguage\":\"es\",\"@id\":\"https:\/\/retoelajorge.es\/#\/schema\/person\/image\/\",\"url\":\"https:\/\/secure.gravatar.com\/avatar\/40a5b8bd2655dc693b8099a80eae0fc0b9a6f30f11378ebb30aac7680cd84994?s=96&d=mm&r=g\",\"contentUrl\":\"https:\/\/secure.gravatar.com\/avatar\/40a5b8bd2655dc693b8099a80eae0fc0b9a6f30f11378ebb30aac7680cd84994?s=96&d=mm&r=g\",\"caption\":\"Miguel Angel Abarca\"},\"url\":\"https:\/\/retoelajorge.es\/index.php\/author\/migue3110\/\"}]}<\/script>\n<!-- \/ Yoast SEO plugin. -->","yoast_head_json":{"title":"Ultra ELA - Mis retos por la ELA","description":"El grupo de amigos del \"Gran Embolao\" han llevado a cabo este evento para continuar la labor que impuls\u00f3 Jorge Abarca con sus retos contra la E.L.A.","robots":{"index":"index","follow":"follow","max-snippet":"max-snippet:-1","max-image-preview":"max-image-preview:large","max-video-preview":"max-video-preview:-1"},"canonical":"https:\/\/retoelajorge.es\/index.php\/2021\/04\/14\/ultra-ela\/","og_locale":"es_ES","og_type":"article","og_title":"Ultra ELA - Mis retos por la ELA","og_description":"El grupo de amigos del \"Gran Embolao\" han llevado a cabo este evento para continuar la labor que impuls\u00f3 Jorge Abarca con sus retos contra la E.L.A.","og_url":"https:\/\/retoelajorge.es\/index.php\/2021\/04\/14\/ultra-ela\/","og_site_name":"Mis retos por la ELA","article_published_time":"2021-04-14T09:22:35+00:00","article_modified_time":"2021-04-14T09:22:41+00:00","og_image":[{"width":1600,"height":1200,"url":"https:\/\/retoelajorge.es\/wp-content\/uploads\/2021\/04\/Principal.jpeg","type":"image\/jpeg"}],"author":"Miguel Angel Abarca","twitter_card":"summary_large_image","twitter_misc":{"Escrito por":"Miguel Angel Abarca","Tiempo de lectura":"8 minutos"},"schema":{"@context":"https:\/\/schema.org","@graph":[{"@type":"Article","@id":"https:\/\/retoelajorge.es\/index.php\/2021\/04\/14\/ultra-ela\/#article","isPartOf":{"@id":"https:\/\/retoelajorge.es\/index.php\/2021\/04\/14\/ultra-ela\/"},"author":{"name":"Miguel Angel Abarca","@id":"https:\/\/retoelajorge.es\/#\/schema\/person\/779230a8663323e448879c156646e8ba"},"headline":"Ultra ELA","datePublished":"2021-04-14T09:22:35+00:00","dateModified":"2021-04-14T09:22:41+00:00","mainEntityOfPage":{"@id":"https:\/\/retoelajorge.es\/index.php\/2021\/04\/14\/ultra-ela\/"},"wordCount":839,"commentCount":0,"publisher":{"@id":"https:\/\/retoelajorge.es\/#organization"},"image":{"@id":"https:\/\/retoelajorge.es\/index.php\/2021\/04\/14\/ultra-ela\/#primaryimage"},"thumbnailUrl":"https:\/\/retoelajorge.es\/wp-content\/uploads\/2021\/04\/Principal.jpeg","keywords":["Alpujarra","embolao","ultraela"],"articleSection":["Eventos","Retos","Solidaridad"],"inLanguage":"es","potentialAction":[{"@type":"CommentAction","name":"Comment","target":["https:\/\/retoelajorge.es\/index.php\/2021\/04\/14\/ultra-ela\/#respond"]}]},{"@type":"WebPage","@id":"https:\/\/retoelajorge.es\/index.php\/2021\/04\/14\/ultra-ela\/","url":"https:\/\/retoelajorge.es\/index.php\/2021\/04\/14\/ultra-ela\/","name":"Ultra ELA - Mis retos por la ELA","isPartOf":{"@id":"https:\/\/retoelajorge.es\/#website"},"primaryImageOfPage":{"@id":"https:\/\/retoelajorge.es\/index.php\/2021\/04\/14\/ultra-ela\/#primaryimage"},"image":{"@id":"https:\/\/retoelajorge.es\/index.php\/2021\/04\/14\/ultra-ela\/#primaryimage"},"thumbnailUrl":"https:\/\/retoelajorge.es\/wp-content\/uploads\/2021\/04\/Principal.jpeg","datePublished":"2021-04-14T09:22:35+00:00","dateModified":"2021-04-14T09:22:41+00:00","description":"El grupo de amigos del \"Gran Embolao\" han llevado a cabo este evento para continuar la labor que impuls\u00f3 Jorge Abarca con sus retos contra la E.L.A.","breadcrumb":{"@id":"https:\/\/retoelajorge.es\/index.php\/2021\/04\/14\/ultra-ela\/#breadcrumb"},"inLanguage":"es","potentialAction":[{"@type":"ReadAction","target":["https:\/\/retoelajorge.es\/index.php\/2021\/04\/14\/ultra-ela\/"]}]},{"@type":"ImageObject","inLanguage":"es","@id":"https:\/\/retoelajorge.es\/index.php\/2021\/04\/14\/ultra-ela\/#primaryimage","url":"https:\/\/retoelajorge.es\/wp-content\/uploads\/2021\/04\/Principal.jpeg","contentUrl":"https:\/\/retoelajorge.es\/wp-content\/uploads\/2021\/04\/Principal.jpeg","width":1600,"height":1200},{"@type":"BreadcrumbList","@id":"https:\/\/retoelajorge.es\/index.php\/2021\/04\/14\/ultra-ela\/#breadcrumb","itemListElement":[{"@type":"ListItem","position":1,"name":"Portada","item":"https:\/\/retoelajorge.es\/"},{"@type":"ListItem","position":2,"name":"Ultra ELA"}]},{"@type":"WebSite","@id":"https:\/\/retoelajorge.es\/#website","url":"https:\/\/retoelajorge.es\/","name":"Mis retos por la ELA","description":"Blog de un afectado de ELA","publisher":{"@id":"https:\/\/retoelajorge.es\/#organization"},"potentialAction":[{"@type":"SearchAction","target":{"@type":"EntryPoint","urlTemplate":"https:\/\/retoelajorge.es\/?s={search_term_string}"},"query-input":{"@type":"PropertyValueSpecification","valueRequired":true,"valueName":"search_term_string"}}],"inLanguage":"es"},{"@type":"Organization","@id":"https:\/\/retoelajorge.es\/#organization","name":"Mis retos por la ELA","url":"https:\/\/retoelajorge.es\/","logo":{"@type":"ImageObject","inLanguage":"es","@id":"https:\/\/retoelajorge.es\/#\/schema\/logo\/image\/","url":"https:\/\/retoelajorge.es\/wp-content\/uploads\/2020\/02\/Jorge-scaled-e1583395872979.jpg","contentUrl":"https:\/\/retoelajorge.es\/wp-content\/uploads\/2020\/02\/Jorge-scaled-e1583395872979.jpg","width":1900,"height":1045,"caption":"Mis retos por la ELA"},"image":{"@id":"https:\/\/retoelajorge.es\/#\/schema\/logo\/image\/"}},{"@type":"Person","@id":"https:\/\/retoelajorge.es\/#\/schema\/person\/779230a8663323e448879c156646e8ba","name":"Miguel Angel Abarca","image":{"@type":"ImageObject","inLanguage":"es","@id":"https:\/\/retoelajorge.es\/#\/schema\/person\/image\/","url":"https:\/\/secure.gravatar.com\/avatar\/40a5b8bd2655dc693b8099a80eae0fc0b9a6f30f11378ebb30aac7680cd84994?s=96&d=mm&r=g","contentUrl":"https:\/\/secure.gravatar.com\/avatar\/40a5b8bd2655dc693b8099a80eae0fc0b9a6f30f11378ebb30aac7680cd84994?s=96&d=mm&r=g","caption":"Miguel Angel Abarca"},"url":"https:\/\/retoelajorge.es\/index.php\/author\/migue3110\/"}]}},"_links":{"self":[{"href":"https:\/\/retoelajorge.es\/index.php\/wp-json\/wp\/v2\/posts\/1207","targetHints":{"allow":["GET"]}}],"collection":[{"href":"https:\/\/retoelajorge.es\/index.php\/wp-json\/wp\/v2\/posts"}],"about":[{"href":"https:\/\/retoelajorge.es\/index.php\/wp-json\/wp\/v2\/types\/post"}],"author":[{"embeddable":true,"href":"https:\/\/retoelajorge.es\/index.php\/wp-json\/wp\/v2\/users\/3"}],"replies":[{"embeddable":true,"href":"https:\/\/retoelajorge.es\/index.php\/wp-json\/wp\/v2\/comments?post=1207"}],"version-history":[{"count":21,"href":"https:\/\/retoelajorge.es\/index.php\/wp-json\/wp\/v2\/posts\/1207\/revisions"}],"predecessor-version":[{"id":1270,"href":"https:\/\/retoelajorge.es\/index.php\/wp-json\/wp\/v2\/posts\/1207\/revisions\/1270"}],"wp:featuredmedia":[{"embeddable":true,"href":"https:\/\/retoelajorge.es\/index.php\/wp-json\/wp\/v2\/media\/1223"}],"wp:attachment":[{"href":"https:\/\/retoelajorge.es\/index.php\/wp-json\/wp\/v2\/media?parent=1207"}],"wp:term":[{"taxonomy":"category","embeddable":true,"href":"https:\/\/retoelajorge.es\/index.php\/wp-json\/wp\/v2\/categories?post=1207"},{"taxonomy":"post_tag","embeddable":true,"href":"https:\/\/retoelajorge.es\/index.php\/wp-json\/wp\/v2\/tags?post=1207"}],"curies":[{"name":"wp","href":"https:\/\/api.w.org\/{rel}","templated":true}]}}