{"id":1324,"date":"2021-09-28T04:44:21","date_gmt":"2021-09-28T04:44:21","guid":{"rendered":"https:\/\/retoelajorge.es\/?p=1324"},"modified":"2021-09-28T04:44:23","modified_gmt":"2021-09-28T04:44:23","slug":"reto-sanlucar-veleta","status":"publish","type":"post","link":"https:\/\/retoelajorge.es\/index.php\/2021\/09\/28\/reto-sanlucar-veleta\/","title":{"rendered":"Reto Sanl\u00facar &#8211; Veleta"},"content":{"rendered":"\n<p>Seguimos contando con personas que aportan todo su esfuerzo en seguir dando visibilidad de la terrible enfermedad, ELA, a base de retos incre\u00edbles. Es el caso de Alfonso P\u00e9rez, madrile\u00f1o, ciclista de ultra fondo que no se le ocurri\u00f3 mas que subir al pico del Veleta partiendo de Sanl\u00facar de Barrameda, en bicicleta non-stop. 369km de recorrido con un desnivel positivo de unos 6.300m. con un maravilloso objetivo, homenajear a Jorge Abarca <\/p>\n\n\n\n<div class=\"wp-block-image\"><figure class=\"alignleft size-large is-resized\"><img decoding=\"async\" src=\"https:\/\/retoelajorge.es\/wp-content\/uploads\/2021\/09\/Reto_4ELA-1-731x1024.jpg\" alt=\"\" class=\"wp-image-1327\" width=\"-554\" height=\"-775\" srcset=\"https:\/\/retoelajorge.es\/wp-content\/uploads\/2021\/09\/Reto_4ELA-1-731x1024.jpg 731w, https:\/\/retoelajorge.es\/wp-content\/uploads\/2021\/09\/Reto_4ELA-1-214x300.jpg 214w, https:\/\/retoelajorge.es\/wp-content\/uploads\/2021\/09\/Reto_4ELA-1-768x1075.jpg 768w, https:\/\/retoelajorge.es\/wp-content\/uploads\/2021\/09\/Reto_4ELA-1-1097x1536.jpg 1097w, https:\/\/retoelajorge.es\/wp-content\/uploads\/2021\/09\/Reto_4ELA-1-1463x2048.jpg 1463w, https:\/\/retoelajorge.es\/wp-content\/uploads\/2021\/09\/Reto_4ELA-1-scaled.jpg 1829w\" sizes=\"(max-width: 731px) 100vw, 731px\" \/><figcaption>Alfonso, Ra\u00fal y Crist\u00f3bal \u00a1\u00a1Reto conseguido!!<\/figcaption><\/figure><\/div>\n\n\n\n<p><\/p>\n\n\n\n<p>Para ello cont\u00f3 con la colaboraci\u00f3n de Ra\u00fal Clemente y Crist\u00f3bal Arco, que lo acompa\u00f1aron durante todo el trayecto.<\/p>\n\n\n\n<p>Iniciaron el reto el s\u00e1bado 28 de agosto a las 15 horas en Sanl\u00facar de Barrameda y, pr\u00e1cticamente sin parar, llegaron a Cenes sobre las 4:30 horas del domingo, donde descansar\u00edan un par de horitas.<\/p>\n\n\n\n<div class=\"wp-block-image\"><figure class=\"alignleft size-large is-resized\"><img loading=\"lazy\" decoding=\"async\" src=\"https:\/\/retoelajorge.es\/wp-content\/uploads\/2021\/09\/WhatsApp-Image-2021-08-29-at-04.31.47-576x1024.jpeg\" alt=\"\" class=\"wp-image-1413\" width=\"244\" height=\"434\" srcset=\"https:\/\/retoelajorge.es\/wp-content\/uploads\/2021\/09\/WhatsApp-Image-2021-08-29-at-04.31.47-576x1024.jpeg 576w, https:\/\/retoelajorge.es\/wp-content\/uploads\/2021\/09\/WhatsApp-Image-2021-08-29-at-04.31.47-169x300.jpeg 169w, https:\/\/retoelajorge.es\/wp-content\/uploads\/2021\/09\/WhatsApp-Image-2021-08-29-at-04.31.47-768x1366.jpeg 768w, https:\/\/retoelajorge.es\/wp-content\/uploads\/2021\/09\/WhatsApp-Image-2021-08-29-at-04.31.47-864x1536.jpeg 864w, https:\/\/retoelajorge.es\/wp-content\/uploads\/2021\/09\/WhatsApp-Image-2021-08-29-at-04.31.47.jpeg 899w\" sizes=\"auto, (max-width: 244px) 100vw, 244px\" \/><\/figure><\/div>\n\n\n\n<p><\/p>\n\n\n\n<p><\/p>\n\n\n\n<p><\/p>\n\n\n\n<p><\/p>\n\n\n\n<p><\/p>\n\n\n\n<p><\/p>\n\n\n\n<h4 class=\"wp-block-heading\">Subida al Veleta<\/h4>\n\n\n\n<p>A las 8:30 horas reemprendieron la marcha desde Cenes, all\u00ed se le unieron algunos ciclistas para acompa\u00f1arlos hasta la Hoya de la Mora, cota 2.500m de altitud. En ese punto, instalamos una carpa informativa de nuestra Asociaci\u00f3n, <a href=\"http:\/\/agraela.org\" target=\"_blank\" rel=\"noreferrer noopener\">AGRAELA <\/a>y esperamos la llegada de los protagonistas para intentar acompa\u00f1arlos en el \u00faltimo tramo hasta el pico del Veleta.<\/p>\n\n\n\n<figure class=\"wp-block-gallery columns-2 is-cropped wp-block-gallery-1 is-layout-flex wp-block-gallery-is-layout-flex\"><ul class=\"blocks-gallery-grid\"><li class=\"blocks-gallery-item\"><figure><img loading=\"lazy\" decoding=\"async\" width=\"1024\" height=\"683\" src=\"https:\/\/retoelajorge.es\/wp-content\/uploads\/2021\/09\/0-1024x683.jpeg\" alt=\"\" data-id=\"1423\" data-full-url=\"https:\/\/retoelajorge.es\/wp-content\/uploads\/2021\/09\/0.jpeg\" data-link=\"https:\/\/retoelajorge.es\/?attachment_id=1423\" class=\"wp-image-1423\" srcset=\"https:\/\/retoelajorge.es\/wp-content\/uploads\/2021\/09\/0-1024x683.jpeg 1024w, https:\/\/retoelajorge.es\/wp-content\/uploads\/2021\/09\/0-300x200.jpeg 300w, https:\/\/retoelajorge.es\/wp-content\/uploads\/2021\/09\/0-768x512.jpeg 768w, https:\/\/retoelajorge.es\/wp-content\/uploads\/2021\/09\/0.jpeg 1500w\" sizes=\"auto, (max-width: 1024px) 100vw, 1024px\" \/><figcaption class=\"blocks-gallery-item__caption\">Llegando a la Hoya de la Mora<\/figcaption><\/figure><\/li><li class=\"blocks-gallery-item\"><figure><img loading=\"lazy\" decoding=\"async\" width=\"1024\" height=\"576\" src=\"https:\/\/retoelajorge.es\/wp-content\/uploads\/2021\/09\/IMG_20210829_103433_302-1024x576.jpg\" alt=\"\" data-id=\"1419\" data-full-url=\"https:\/\/retoelajorge.es\/wp-content\/uploads\/2021\/09\/IMG_20210829_103433_302-scaled.jpg\" data-link=\"https:\/\/retoelajorge.es\/?attachment_id=1419\" class=\"wp-image-1419\" srcset=\"https:\/\/retoelajorge.es\/wp-content\/uploads\/2021\/09\/IMG_20210829_103433_302-1024x576.jpg 1024w, https:\/\/retoelajorge.es\/wp-content\/uploads\/2021\/09\/IMG_20210829_103433_302-300x169.jpg 300w, https:\/\/retoelajorge.es\/wp-content\/uploads\/2021\/09\/IMG_20210829_103433_302-768x432.jpg 768w, https:\/\/retoelajorge.es\/wp-content\/uploads\/2021\/09\/IMG_20210829_103433_302-1536x864.jpg 1536w, https:\/\/retoelajorge.es\/wp-content\/uploads\/2021\/09\/IMG_20210829_103433_302-2048x1152.jpg 2048w, https:\/\/retoelajorge.es\/wp-content\/uploads\/2021\/09\/IMG_20210829_103433_302-800x450.jpg 800w\" sizes=\"auto, (max-width: 1024px) 100vw, 1024px\" \/><figcaption class=\"blocks-gallery-item__caption\">Nuestra carpa informativa<\/figcaption><\/figure><\/li><li class=\"blocks-gallery-item\"><figure><img loading=\"lazy\" decoding=\"async\" width=\"1024\" height=\"683\" src=\"https:\/\/retoelajorge.es\/wp-content\/uploads\/2021\/09\/1-2-1024x683.jpeg\" alt=\"\" data-id=\"1421\" data-full-url=\"https:\/\/retoelajorge.es\/wp-content\/uploads\/2021\/09\/1-2.jpeg\" data-link=\"https:\/\/retoelajorge.es\/?attachment_id=1421\" class=\"wp-image-1421\" srcset=\"https:\/\/retoelajorge.es\/wp-content\/uploads\/2021\/09\/1-2-1024x683.jpeg 1024w, https:\/\/retoelajorge.es\/wp-content\/uploads\/2021\/09\/1-2-300x200.jpeg 300w, https:\/\/retoelajorge.es\/wp-content\/uploads\/2021\/09\/1-2-768x512.jpeg 768w, https:\/\/retoelajorge.es\/wp-content\/uploads\/2021\/09\/1-2.jpeg 1500w\" sizes=\"auto, (max-width: 1024px) 100vw, 1024px\" \/><figcaption class=\"blocks-gallery-item__caption\">Llegada a la Hoya de la Mora<\/figcaption><\/figure><\/li><li class=\"blocks-gallery-item\"><figure><img loading=\"lazy\" decoding=\"async\" width=\"1024\" height=\"683\" src=\"https:\/\/retoelajorge.es\/wp-content\/uploads\/2021\/09\/2-1-1024x683.jpeg\" alt=\"\" data-id=\"1422\" data-full-url=\"https:\/\/retoelajorge.es\/wp-content\/uploads\/2021\/09\/2-1.jpeg\" data-link=\"https:\/\/retoelajorge.es\/?attachment_id=1422\" class=\"wp-image-1422\" srcset=\"https:\/\/retoelajorge.es\/wp-content\/uploads\/2021\/09\/2-1-1024x683.jpeg 1024w, https:\/\/retoelajorge.es\/wp-content\/uploads\/2021\/09\/2-1-300x200.jpeg 300w, https:\/\/retoelajorge.es\/wp-content\/uploads\/2021\/09\/2-1-768x512.jpeg 768w, https:\/\/retoelajorge.es\/wp-content\/uploads\/2021\/09\/2-1.jpeg 1397w\" sizes=\"auto, (max-width: 1024px) 100vw, 1024px\" \/><\/figure><\/li><li class=\"blocks-gallery-item\"><figure><img loading=\"lazy\" decoding=\"async\" width=\"1024\" height=\"768\" src=\"https:\/\/retoelajorge.es\/wp-content\/uploads\/2021\/09\/WhatsApp-Image-2021-08-29-at-12.29.21-1024x768.jpg\" alt=\"\" data-id=\"1420\" data-full-url=\"https:\/\/retoelajorge.es\/wp-content\/uploads\/2021\/09\/WhatsApp-Image-2021-08-29-at-12.29.21.jpg\" data-link=\"https:\/\/retoelajorge.es\/?attachment_id=1420\" class=\"wp-image-1420\" srcset=\"https:\/\/retoelajorge.es\/wp-content\/uploads\/2021\/09\/WhatsApp-Image-2021-08-29-at-12.29.21-1024x768.jpg 1024w, https:\/\/retoelajorge.es\/wp-content\/uploads\/2021\/09\/WhatsApp-Image-2021-08-29-at-12.29.21-300x225.jpg 300w, https:\/\/retoelajorge.es\/wp-content\/uploads\/2021\/09\/WhatsApp-Image-2021-08-29-at-12.29.21-768x576.jpg 768w, https:\/\/retoelajorge.es\/wp-content\/uploads\/2021\/09\/WhatsApp-Image-2021-08-29-at-12.29.21-1536x1152.jpg 1536w, https:\/\/retoelajorge.es\/wp-content\/uploads\/2021\/09\/WhatsApp-Image-2021-08-29-at-12.29.21.jpg 1600w\" sizes=\"auto, (max-width: 1024px) 100vw, 1024px\" \/><figcaption class=\"blocks-gallery-item__caption\">Listos para acometer el tramo final hasta el pico Veleta<\/figcaption><\/figure><\/li><\/ul><\/figure>\n\n\n\n<h4 class=\"wp-block-heading\">Tramo final<\/h4>\n\n\n\n<p>Desde la Hoya de la Mora acompa\u00f1ar\u00edamos en bicicleta a Alfonso, Ra\u00fal y Crist\u00f3bal varios de los miembros de <a href=\"http:\/\/agraela.org\" target=\"_blank\" rel=\"noreferrer noopener\">AGRAELA <\/a>y algunos amigos m\u00e1s. Otras muchas personas emprendieron la marcha a pie con tiempo para llegar a la cima a la hora convenida, sobre las 13 horas.<br>Tras una dura subida final, conquistamos la cima con un poco de retraso y con un pelot\u00f3n de gente aplaudiendo nuestra llegada. Fue muy emocionante el recibimiento y las palabras posteriores de Alfonso explicando los motivos de este reto.<\/p>\n\n\n\n<figure class=\"wp-block-gallery columns-2 is-cropped wp-block-gallery-2 is-layout-flex wp-block-gallery-is-layout-flex\"><ul class=\"blocks-gallery-grid\"><li class=\"blocks-gallery-item\"><figure><img loading=\"lazy\" decoding=\"async\" width=\"1024\" height=\"683\" src=\"https:\/\/retoelajorge.es\/wp-content\/uploads\/2021\/09\/Reto_4ELA-4-1024x683.jpg\" alt=\"\" data-id=\"1427\" data-full-url=\"https:\/\/retoelajorge.es\/wp-content\/uploads\/2021\/09\/Reto_4ELA-4-scaled.jpg\" data-link=\"https:\/\/retoelajorge.es\/?attachment_id=1427\" class=\"wp-image-1427\" srcset=\"https:\/\/retoelajorge.es\/wp-content\/uploads\/2021\/09\/Reto_4ELA-4-1024x683.jpg 1024w, https:\/\/retoelajorge.es\/wp-content\/uploads\/2021\/09\/Reto_4ELA-4-300x200.jpg 300w, https:\/\/retoelajorge.es\/wp-content\/uploads\/2021\/09\/Reto_4ELA-4-768x512.jpg 768w, https:\/\/retoelajorge.es\/wp-content\/uploads\/2021\/09\/Reto_4ELA-4-1536x1024.jpg 1536w, https:\/\/retoelajorge.es\/wp-content\/uploads\/2021\/09\/Reto_4ELA-4-2048x1366.jpg 2048w\" sizes=\"auto, (max-width: 1024px) 100vw, 1024px\" \/><\/figure><\/li><li class=\"blocks-gallery-item\"><figure><img loading=\"lazy\" decoding=\"async\" width=\"1024\" height=\"683\" src=\"https:\/\/retoelajorge.es\/wp-content\/uploads\/2021\/09\/Reto_4ELA-2-1024x683.jpg\" alt=\"\" data-id=\"1425\" data-full-url=\"https:\/\/retoelajorge.es\/wp-content\/uploads\/2021\/09\/Reto_4ELA-2-scaled.jpg\" data-link=\"https:\/\/retoelajorge.es\/?attachment_id=1425\" class=\"wp-image-1425\" srcset=\"https:\/\/retoelajorge.es\/wp-content\/uploads\/2021\/09\/Reto_4ELA-2-1024x683.jpg 1024w, https:\/\/retoelajorge.es\/wp-content\/uploads\/2021\/09\/Reto_4ELA-2-300x200.jpg 300w, https:\/\/retoelajorge.es\/wp-content\/uploads\/2021\/09\/Reto_4ELA-2-768x512.jpg 768w, https:\/\/retoelajorge.es\/wp-content\/uploads\/2021\/09\/Reto_4ELA-2-1536x1024.jpg 1536w, https:\/\/retoelajorge.es\/wp-content\/uploads\/2021\/09\/Reto_4ELA-2-2048x1365.jpg 2048w\" sizes=\"auto, (max-width: 1024px) 100vw, 1024px\" \/><\/figure><\/li><li class=\"blocks-gallery-item\"><figure><img loading=\"lazy\" decoding=\"async\" width=\"768\" height=\"1024\" src=\"https:\/\/retoelajorge.es\/wp-content\/uploads\/2021\/09\/WhatsApp-Image-2021-08-31-at-07.22.05-1-768x1024.jpg\" alt=\"\" data-id=\"1428\" data-full-url=\"https:\/\/retoelajorge.es\/wp-content\/uploads\/2021\/09\/WhatsApp-Image-2021-08-31-at-07.22.05-1.jpg\" data-link=\"https:\/\/retoelajorge.es\/?attachment_id=1428\" class=\"wp-image-1428\" srcset=\"https:\/\/retoelajorge.es\/wp-content\/uploads\/2021\/09\/WhatsApp-Image-2021-08-31-at-07.22.05-1-768x1024.jpg 768w, https:\/\/retoelajorge.es\/wp-content\/uploads\/2021\/09\/WhatsApp-Image-2021-08-31-at-07.22.05-1-225x300.jpg 225w, https:\/\/retoelajorge.es\/wp-content\/uploads\/2021\/09\/WhatsApp-Image-2021-08-31-at-07.22.05-1-1152x1536.jpg 1152w, https:\/\/retoelajorge.es\/wp-content\/uploads\/2021\/09\/WhatsApp-Image-2021-08-31-at-07.22.05-1.jpg 1200w\" sizes=\"auto, (max-width: 768px) 100vw, 768px\" \/><\/figure><\/li><\/ul><\/figure>\n\n\n\n<p><\/p>\n\n\n\n<h4 class=\"wp-block-heading\">Agradecimiento<\/h4>\n\n\n\n<p>Por nuestra parte, agradecer enormemente a Alfonso la organizaci\u00f3n de este estupendo evento solidario -ya es el tercero de esta \u00edndole que organiza- a costa de su propio esfuerzo y el de sus dos compa\u00f1eros de fatiga, Ra\u00fal y Crist\u00f3bal.<br>Aparte de homenajear a Jorge, tambi\u00e9n dispuso que se hicieran donaciones a nuestra Asociaci\u00f3n. De este modo hemos podido recaudar 967\u20ac gracias a este reto.<\/p>\n\n\n\n<figure class=\"wp-block-embed is-type-video is-provider-youtube wp-block-embed-youtube wp-embed-aspect-16-9 wp-has-aspect-ratio\"><div class=\"wp-block-embed__wrapper\">\n<iframe loading=\"lazy\" title=\"Reto Sanl\u00facar - Veleta\" width=\"640\" height=\"360\" src=\"https:\/\/www.youtube.com\/embed\/GtnUeTinZ7o?feature=oembed\" frameborder=\"0\" allow=\"accelerometer; autoplay; clipboard-write; encrypted-media; gyroscope; picture-in-picture; web-share\" referrerpolicy=\"strict-origin-when-cross-origin\" allowfullscreen><\/iframe>\n<\/div><\/figure>\n\n\n\n<p><\/p>\n","protected":false},"excerpt":{"rendered":"<p>Seguimos contando con personas que aportan todo su esfuerzo en seguir dando visibilidad de la terrible enfermedad, ELA, a base de retos incre\u00edbles. Es el caso de Alfonso P\u00e9rez, madrile\u00f1o, ciclista de ultra fondo&#8230;<\/p>\n","protected":false},"author":1,"featured_media":1325,"comment_status":"open","ping_status":"open","sticky":false,"template":"","format":"standard","meta":{"footnotes":""},"categories":[39,41],"tags":[43,58,47],"class_list":["post-1324","post","type-post","status-publish","format-standard","has-post-thumbnail","hentry","category-retos","category-solidaridad","tag-ela","tag-sanlucar","tag-veleta"],"yoast_head":"<!-- This site is optimized with the Yoast SEO plugin v26.7 - https:\/\/yoast.com\/wordpress\/plugins\/seo\/ -->\n<title>Reto Sanl\u00facar - Veleta - Mis retos por la ELA<\/title>\n<meta name=\"description\" content=\"\u00a1Reto conseguido! Tras recorrer en bici los 369km que separan Sanl\u00facar del Veleta, con un desnivel positivo de 6300m, en homenaje a Jorge Abarca\" \/>\n<meta name=\"robots\" content=\"index, follow, max-snippet:-1, max-image-preview:large, max-video-preview:-1\" \/>\n<link rel=\"canonical\" href=\"https:\/\/retoelajorge.es\/index.php\/2021\/09\/28\/reto-sanlucar-veleta\/\" \/>\n<meta property=\"og:locale\" content=\"es_ES\" \/>\n<meta property=\"og:type\" content=\"article\" \/>\n<meta property=\"og:title\" content=\"Reto Sanl\u00facar - Veleta - Mis retos por la ELA\" \/>\n<meta property=\"og:description\" content=\"\u00a1Reto conseguido! Tras recorrer en bici los 369km que separan Sanl\u00facar del Veleta, con un desnivel positivo de 6300m, en homenaje a Jorge Abarca\" \/>\n<meta property=\"og:url\" content=\"https:\/\/retoelajorge.es\/index.php\/2021\/09\/28\/reto-sanlucar-veleta\/\" \/>\n<meta property=\"og:site_name\" content=\"Mis retos por la ELA\" \/>\n<meta property=\"article:published_time\" content=\"2021-09-28T04:44:21+00:00\" \/>\n<meta property=\"article:modified_time\" content=\"2021-09-28T04:44:23+00:00\" \/>\n<meta property=\"og:image\" content=\"https:\/\/retoelajorge.es\/wp-content\/uploads\/2021\/09\/Alfonso.jpeg\" \/>\n\t<meta property=\"og:image:width\" content=\"1142\" \/>\n\t<meta property=\"og:image:height\" content=\"1600\" \/>\n\t<meta property=\"og:image:type\" content=\"image\/jpeg\" \/>\n<meta name=\"author\" content=\"retoelajorge\" \/>\n<meta name=\"twitter:card\" content=\"summary_large_image\" \/>\n<meta name=\"twitter:label1\" content=\"Escrito por\" \/>\n\t<meta name=\"twitter:data1\" content=\"retoelajorge\" \/>\n\t<meta name=\"twitter:label2\" content=\"Tiempo de lectura\" \/>\n\t<meta name=\"twitter:data2\" content=\"4 minutos\" \/>\n<script type=\"application\/ld+json\" class=\"yoast-schema-graph\">{\"@context\":\"https:\/\/schema.org\",\"@graph\":[{\"@type\":\"Article\",\"@id\":\"https:\/\/retoelajorge.es\/index.php\/2021\/09\/28\/reto-sanlucar-veleta\/#article\",\"isPartOf\":{\"@id\":\"https:\/\/retoelajorge.es\/index.php\/2021\/09\/28\/reto-sanlucar-veleta\/\"},\"author\":{\"name\":\"retoelajorge\",\"@id\":\"https:\/\/retoelajorge.es\/#\/schema\/person\/0e209413f2de4fe381eda14e12288b7d\"},\"headline\":\"Reto Sanl\u00facar &#8211; Veleta\",\"datePublished\":\"2021-09-28T04:44:21+00:00\",\"dateModified\":\"2021-09-28T04:44:23+00:00\",\"mainEntityOfPage\":{\"@id\":\"https:\/\/retoelajorge.es\/index.php\/2021\/09\/28\/reto-sanlucar-veleta\/\"},\"wordCount\":406,\"commentCount\":0,\"publisher\":{\"@id\":\"https:\/\/retoelajorge.es\/#organization\"},\"image\":{\"@id\":\"https:\/\/retoelajorge.es\/index.php\/2021\/09\/28\/reto-sanlucar-veleta\/#primaryimage\"},\"thumbnailUrl\":\"https:\/\/retoelajorge.es\/wp-content\/uploads\/2021\/09\/Alfonso.jpeg\",\"keywords\":[\"ELA\",\"Sanl\u00facar\",\"veleta\"],\"articleSection\":[\"Retos\",\"Solidaridad\"],\"inLanguage\":\"es\",\"potentialAction\":[{\"@type\":\"CommentAction\",\"name\":\"Comment\",\"target\":[\"https:\/\/retoelajorge.es\/index.php\/2021\/09\/28\/reto-sanlucar-veleta\/#respond\"]}]},{\"@type\":\"WebPage\",\"@id\":\"https:\/\/retoelajorge.es\/index.php\/2021\/09\/28\/reto-sanlucar-veleta\/\",\"url\":\"https:\/\/retoelajorge.es\/index.php\/2021\/09\/28\/reto-sanlucar-veleta\/\",\"name\":\"Reto Sanl\u00facar - Veleta - Mis retos por la ELA\",\"isPartOf\":{\"@id\":\"https:\/\/retoelajorge.es\/#website\"},\"primaryImageOfPage\":{\"@id\":\"https:\/\/retoelajorge.es\/index.php\/2021\/09\/28\/reto-sanlucar-veleta\/#primaryimage\"},\"image\":{\"@id\":\"https:\/\/retoelajorge.es\/index.php\/2021\/09\/28\/reto-sanlucar-veleta\/#primaryimage\"},\"thumbnailUrl\":\"https:\/\/retoelajorge.es\/wp-content\/uploads\/2021\/09\/Alfonso.jpeg\",\"datePublished\":\"2021-09-28T04:44:21+00:00\",\"dateModified\":\"2021-09-28T04:44:23+00:00\",\"description\":\"\u00a1Reto conseguido! Tras recorrer en bici los 369km que separan Sanl\u00facar del Veleta, con un desnivel positivo de 6300m, en homenaje a Jorge Abarca\",\"breadcrumb\":{\"@id\":\"https:\/\/retoelajorge.es\/index.php\/2021\/09\/28\/reto-sanlucar-veleta\/#breadcrumb\"},\"inLanguage\":\"es\",\"potentialAction\":[{\"@type\":\"ReadAction\",\"target\":[\"https:\/\/retoelajorge.es\/index.php\/2021\/09\/28\/reto-sanlucar-veleta\/\"]}]},{\"@type\":\"ImageObject\",\"inLanguage\":\"es\",\"@id\":\"https:\/\/retoelajorge.es\/index.php\/2021\/09\/28\/reto-sanlucar-veleta\/#primaryimage\",\"url\":\"https:\/\/retoelajorge.es\/wp-content\/uploads\/2021\/09\/Alfonso.jpeg\",\"contentUrl\":\"https:\/\/retoelajorge.es\/wp-content\/uploads\/2021\/09\/Alfonso.jpeg\",\"width\":1142,\"height\":1600,\"caption\":\"Cartel del reto Sanl\u00facar - Veleta\"},{\"@type\":\"BreadcrumbList\",\"@id\":\"https:\/\/retoelajorge.es\/index.php\/2021\/09\/28\/reto-sanlucar-veleta\/#breadcrumb\",\"itemListElement\":[{\"@type\":\"ListItem\",\"position\":1,\"name\":\"Portada\",\"item\":\"https:\/\/retoelajorge.es\/\"},{\"@type\":\"ListItem\",\"position\":2,\"name\":\"Reto Sanl\u00facar &#8211; Veleta\"}]},{\"@type\":\"WebSite\",\"@id\":\"https:\/\/retoelajorge.es\/#website\",\"url\":\"https:\/\/retoelajorge.es\/\",\"name\":\"Mis retos por la ELA\",\"description\":\"Blog de un afectado de ELA\",\"publisher\":{\"@id\":\"https:\/\/retoelajorge.es\/#organization\"},\"potentialAction\":[{\"@type\":\"SearchAction\",\"target\":{\"@type\":\"EntryPoint\",\"urlTemplate\":\"https:\/\/retoelajorge.es\/?s={search_term_string}\"},\"query-input\":{\"@type\":\"PropertyValueSpecification\",\"valueRequired\":true,\"valueName\":\"search_term_string\"}}],\"inLanguage\":\"es\"},{\"@type\":\"Organization\",\"@id\":\"https:\/\/retoelajorge.es\/#organization\",\"name\":\"Mis retos por la ELA\",\"url\":\"https:\/\/retoelajorge.es\/\",\"logo\":{\"@type\":\"ImageObject\",\"inLanguage\":\"es\",\"@id\":\"https:\/\/retoelajorge.es\/#\/schema\/logo\/image\/\",\"url\":\"https:\/\/retoelajorge.es\/wp-content\/uploads\/2020\/02\/Jorge-scaled-e1583395872979.jpg\",\"contentUrl\":\"https:\/\/retoelajorge.es\/wp-content\/uploads\/2020\/02\/Jorge-scaled-e1583395872979.jpg\",\"width\":1900,\"height\":1045,\"caption\":\"Mis retos por la ELA\"},\"image\":{\"@id\":\"https:\/\/retoelajorge.es\/#\/schema\/logo\/image\/\"}},{\"@type\":\"Person\",\"@id\":\"https:\/\/retoelajorge.es\/#\/schema\/person\/0e209413f2de4fe381eda14e12288b7d\",\"name\":\"retoelajorge\",\"image\":{\"@type\":\"ImageObject\",\"inLanguage\":\"es\",\"@id\":\"https:\/\/retoelajorge.es\/#\/schema\/person\/image\/\",\"url\":\"https:\/\/secure.gravatar.com\/avatar\/bdd30a868985f69f97d362fc89c201f7860ec568aa2b42cb67e1ab7857b91971?s=96&d=mm&r=g\",\"contentUrl\":\"https:\/\/secure.gravatar.com\/avatar\/bdd30a868985f69f97d362fc89c201f7860ec568aa2b42cb67e1ab7857b91971?s=96&d=mm&r=g\",\"caption\":\"retoelajorge\"},\"url\":\"https:\/\/retoelajorge.es\/index.php\/author\/admin\/\"}]}<\/script>\n<!-- \/ Yoast SEO plugin. -->","yoast_head_json":{"title":"Reto Sanl\u00facar - Veleta - Mis retos por la ELA","description":"\u00a1Reto conseguido! Tras recorrer en bici los 369km que separan Sanl\u00facar del Veleta, con un desnivel positivo de 6300m, en homenaje a Jorge Abarca","robots":{"index":"index","follow":"follow","max-snippet":"max-snippet:-1","max-image-preview":"max-image-preview:large","max-video-preview":"max-video-preview:-1"},"canonical":"https:\/\/retoelajorge.es\/index.php\/2021\/09\/28\/reto-sanlucar-veleta\/","og_locale":"es_ES","og_type":"article","og_title":"Reto Sanl\u00facar - Veleta - Mis retos por la ELA","og_description":"\u00a1Reto conseguido! Tras recorrer en bici los 369km que separan Sanl\u00facar del Veleta, con un desnivel positivo de 6300m, en homenaje a Jorge Abarca","og_url":"https:\/\/retoelajorge.es\/index.php\/2021\/09\/28\/reto-sanlucar-veleta\/","og_site_name":"Mis retos por la ELA","article_published_time":"2021-09-28T04:44:21+00:00","article_modified_time":"2021-09-28T04:44:23+00:00","og_image":[{"width":1142,"height":1600,"url":"https:\/\/retoelajorge.es\/wp-content\/uploads\/2021\/09\/Alfonso.jpeg","type":"image\/jpeg"}],"author":"retoelajorge","twitter_card":"summary_large_image","twitter_misc":{"Escrito por":"retoelajorge","Tiempo de lectura":"4 minutos"},"schema":{"@context":"https:\/\/schema.org","@graph":[{"@type":"Article","@id":"https:\/\/retoelajorge.es\/index.php\/2021\/09\/28\/reto-sanlucar-veleta\/#article","isPartOf":{"@id":"https:\/\/retoelajorge.es\/index.php\/2021\/09\/28\/reto-sanlucar-veleta\/"},"author":{"name":"retoelajorge","@id":"https:\/\/retoelajorge.es\/#\/schema\/person\/0e209413f2de4fe381eda14e12288b7d"},"headline":"Reto Sanl\u00facar &#8211; Veleta","datePublished":"2021-09-28T04:44:21+00:00","dateModified":"2021-09-28T04:44:23+00:00","mainEntityOfPage":{"@id":"https:\/\/retoelajorge.es\/index.php\/2021\/09\/28\/reto-sanlucar-veleta\/"},"wordCount":406,"commentCount":0,"publisher":{"@id":"https:\/\/retoelajorge.es\/#organization"},"image":{"@id":"https:\/\/retoelajorge.es\/index.php\/2021\/09\/28\/reto-sanlucar-veleta\/#primaryimage"},"thumbnailUrl":"https:\/\/retoelajorge.es\/wp-content\/uploads\/2021\/09\/Alfonso.jpeg","keywords":["ELA","Sanl\u00facar","veleta"],"articleSection":["Retos","Solidaridad"],"inLanguage":"es","potentialAction":[{"@type":"CommentAction","name":"Comment","target":["https:\/\/retoelajorge.es\/index.php\/2021\/09\/28\/reto-sanlucar-veleta\/#respond"]}]},{"@type":"WebPage","@id":"https:\/\/retoelajorge.es\/index.php\/2021\/09\/28\/reto-sanlucar-veleta\/","url":"https:\/\/retoelajorge.es\/index.php\/2021\/09\/28\/reto-sanlucar-veleta\/","name":"Reto Sanl\u00facar - Veleta - Mis retos por la ELA","isPartOf":{"@id":"https:\/\/retoelajorge.es\/#website"},"primaryImageOfPage":{"@id":"https:\/\/retoelajorge.es\/index.php\/2021\/09\/28\/reto-sanlucar-veleta\/#primaryimage"},"image":{"@id":"https:\/\/retoelajorge.es\/index.php\/2021\/09\/28\/reto-sanlucar-veleta\/#primaryimage"},"thumbnailUrl":"https:\/\/retoelajorge.es\/wp-content\/uploads\/2021\/09\/Alfonso.jpeg","datePublished":"2021-09-28T04:44:21+00:00","dateModified":"2021-09-28T04:44:23+00:00","description":"\u00a1Reto conseguido! Tras recorrer en bici los 369km que separan Sanl\u00facar del Veleta, con un desnivel positivo de 6300m, en homenaje a Jorge Abarca","breadcrumb":{"@id":"https:\/\/retoelajorge.es\/index.php\/2021\/09\/28\/reto-sanlucar-veleta\/#breadcrumb"},"inLanguage":"es","potentialAction":[{"@type":"ReadAction","target":["https:\/\/retoelajorge.es\/index.php\/2021\/09\/28\/reto-sanlucar-veleta\/"]}]},{"@type":"ImageObject","inLanguage":"es","@id":"https:\/\/retoelajorge.es\/index.php\/2021\/09\/28\/reto-sanlucar-veleta\/#primaryimage","url":"https:\/\/retoelajorge.es\/wp-content\/uploads\/2021\/09\/Alfonso.jpeg","contentUrl":"https:\/\/retoelajorge.es\/wp-content\/uploads\/2021\/09\/Alfonso.jpeg","width":1142,"height":1600,"caption":"Cartel del reto Sanl\u00facar - Veleta"},{"@type":"BreadcrumbList","@id":"https:\/\/retoelajorge.es\/index.php\/2021\/09\/28\/reto-sanlucar-veleta\/#breadcrumb","itemListElement":[{"@type":"ListItem","position":1,"name":"Portada","item":"https:\/\/retoelajorge.es\/"},{"@type":"ListItem","position":2,"name":"Reto Sanl\u00facar &#8211; Veleta"}]},{"@type":"WebSite","@id":"https:\/\/retoelajorge.es\/#website","url":"https:\/\/retoelajorge.es\/","name":"Mis retos por la ELA","description":"Blog de un afectado de ELA","publisher":{"@id":"https:\/\/retoelajorge.es\/#organization"},"potentialAction":[{"@type":"SearchAction","target":{"@type":"EntryPoint","urlTemplate":"https:\/\/retoelajorge.es\/?s={search_term_string}"},"query-input":{"@type":"PropertyValueSpecification","valueRequired":true,"valueName":"search_term_string"}}],"inLanguage":"es"},{"@type":"Organization","@id":"https:\/\/retoelajorge.es\/#organization","name":"Mis retos por la ELA","url":"https:\/\/retoelajorge.es\/","logo":{"@type":"ImageObject","inLanguage":"es","@id":"https:\/\/retoelajorge.es\/#\/schema\/logo\/image\/","url":"https:\/\/retoelajorge.es\/wp-content\/uploads\/2020\/02\/Jorge-scaled-e1583395872979.jpg","contentUrl":"https:\/\/retoelajorge.es\/wp-content\/uploads\/2020\/02\/Jorge-scaled-e1583395872979.jpg","width":1900,"height":1045,"caption":"Mis retos por la ELA"},"image":{"@id":"https:\/\/retoelajorge.es\/#\/schema\/logo\/image\/"}},{"@type":"Person","@id":"https:\/\/retoelajorge.es\/#\/schema\/person\/0e209413f2de4fe381eda14e12288b7d","name":"retoelajorge","image":{"@type":"ImageObject","inLanguage":"es","@id":"https:\/\/retoelajorge.es\/#\/schema\/person\/image\/","url":"https:\/\/secure.gravatar.com\/avatar\/bdd30a868985f69f97d362fc89c201f7860ec568aa2b42cb67e1ab7857b91971?s=96&d=mm&r=g","contentUrl":"https:\/\/secure.gravatar.com\/avatar\/bdd30a868985f69f97d362fc89c201f7860ec568aa2b42cb67e1ab7857b91971?s=96&d=mm&r=g","caption":"retoelajorge"},"url":"https:\/\/retoelajorge.es\/index.php\/author\/admin\/"}]}},"_links":{"self":[{"href":"https:\/\/retoelajorge.es\/index.php\/wp-json\/wp\/v2\/posts\/1324","targetHints":{"allow":["GET"]}}],"collection":[{"href":"https:\/\/retoelajorge.es\/index.php\/wp-json\/wp\/v2\/posts"}],"about":[{"href":"https:\/\/retoelajorge.es\/index.php\/wp-json\/wp\/v2\/types\/post"}],"author":[{"embeddable":true,"href":"https:\/\/retoelajorge.es\/index.php\/wp-json\/wp\/v2\/users\/1"}],"replies":[{"embeddable":true,"href":"https:\/\/retoelajorge.es\/index.php\/wp-json\/wp\/v2\/comments?post=1324"}],"version-history":[{"count":14,"href":"https:\/\/retoelajorge.es\/index.php\/wp-json\/wp\/v2\/posts\/1324\/revisions"}],"predecessor-version":[{"id":1432,"href":"https:\/\/retoelajorge.es\/index.php\/wp-json\/wp\/v2\/posts\/1324\/revisions\/1432"}],"wp:featuredmedia":[{"embeddable":true,"href":"https:\/\/retoelajorge.es\/index.php\/wp-json\/wp\/v2\/media\/1325"}],"wp:attachment":[{"href":"https:\/\/retoelajorge.es\/index.php\/wp-json\/wp\/v2\/media?parent=1324"}],"wp:term":[{"taxonomy":"category","embeddable":true,"href":"https:\/\/retoelajorge.es\/index.php\/wp-json\/wp\/v2\/categories?post=1324"},{"taxonomy":"post_tag","embeddable":true,"href":"https:\/\/retoelajorge.es\/index.php\/wp-json\/wp\/v2\/tags?post=1324"}],"curies":[{"name":"wp","href":"https:\/\/api.w.org\/{rel}","templated":true}]}}