{"id":1472,"date":"2022-04-21T09:57:13","date_gmt":"2022-04-21T09:57:13","guid":{"rendered":"https:\/\/retoelajorge.es\/?p=1472"},"modified":"2022-11-29T09:45:55","modified_gmt":"2022-11-29T09:45:55","slug":"cima-4-penalara","status":"publish","type":"post","link":"https:\/\/retoelajorge.es\/index.php\/2022\/04\/21\/cima-4-penalara\/","title":{"rendered":"Cima 4: Pe\u00f1alara"},"content":{"rendered":"\n<h2 class=\"wp-block-heading has-text-color\" style=\"color:#30624e\">Hooolaa chicosss, que tal!!<\/h2>\n\n\n\n<figure class=\"wp-block-audio\"><audio controls src=\"https:\/\/retoelajorge.es\/wp-content\/uploads\/2021\/09\/Hola.mp3\"><\/audio><\/figure>\n\n\n\n<h3 class=\"wp-block-heading\">El punto de encuentro, Torrecaballeros<\/h3>\n\n\n\n<p>Lleg\u00f3 el momento de emprender el camino hacia nuestra cuarta cima, Pe\u00f1alara. Es la cima m\u00e1s alta de la Comunidad de Madrid y se encuentra en el Parque Nacional de la Sierra de Guadarrama. Como en ocasiones anteriores, aprovechamos para reunirnos en un punto de partida cercano a nuestro objetivo, en esta ocasi\u00f3n ese punto fue la localidad de Torrecaballeros, a tan solo 10km de Segovia. Y all\u00ed que nos trasladamos desde Granada unos y desde Barcelona otros, todos familiares de nuestro gran precursor Jorge Abarca.<\/p>\n\n\n\n<div class=\"wp-block-columns is-layout-flex wp-container-core-columns-is-layout-9d6595d7 wp-block-columns-is-layout-flex\">\n<div class=\"wp-block-column is-layout-flow wp-block-column-is-layout-flow\">\n<figure class=\"wp-block-image size-large\"><img loading=\"lazy\" decoding=\"async\" width=\"1024\" height=\"724\" src=\"https:\/\/retoelajorge.es\/wp-content\/uploads\/2022\/04\/ruta1-1024x724.jpg\" alt=\"\" class=\"wp-image-1475\" srcset=\"https:\/\/retoelajorge.es\/wp-content\/uploads\/2022\/04\/ruta1-1024x724.jpg 1024w, https:\/\/retoelajorge.es\/wp-content\/uploads\/2022\/04\/ruta1-300x212.jpg 300w, https:\/\/retoelajorge.es\/wp-content\/uploads\/2022\/04\/ruta1-768x543.jpg 768w, https:\/\/retoelajorge.es\/wp-content\/uploads\/2022\/04\/ruta1.jpg 1123w\" sizes=\"auto, (max-width: 1024px) 100vw, 1024px\" \/><\/figure>\n<\/div>\n\n\n\n<div class=\"wp-block-column is-layout-flow wp-block-column-is-layout-flow\">\n<figure class=\"wp-block-image size-large\"><img loading=\"lazy\" decoding=\"async\" width=\"1024\" height=\"724\" src=\"https:\/\/retoelajorge.es\/wp-content\/uploads\/2022\/04\/Ruta2-1024x724.jpg\" alt=\"\" class=\"wp-image-1476\" srcset=\"https:\/\/retoelajorge.es\/wp-content\/uploads\/2022\/04\/Ruta2-1024x724.jpg 1024w, https:\/\/retoelajorge.es\/wp-content\/uploads\/2022\/04\/Ruta2-300x212.jpg 300w, https:\/\/retoelajorge.es\/wp-content\/uploads\/2022\/04\/Ruta2-768x543.jpg 768w, https:\/\/retoelajorge.es\/wp-content\/uploads\/2022\/04\/Ruta2.jpg 1123w\" sizes=\"auto, (max-width: 1024px) 100vw, 1024px\" \/><\/figure>\n<\/div>\n<\/div>\n\n\n\n<p><\/p>\n\n\n\n<h3 class=\"wp-block-heading\">Turismo por Segovia<\/h3>\n\n\n\n<div class=\"wp-block-group\"><div class=\"wp-block-group__inner-container is-layout-flow wp-block-group-is-layout-flow\">\n<p>Aprovechamos el per\u00edodo festivo de Semana Santa para llevar a cabo nuestra ascensi\u00f3n. As\u00ed que el viernes santo nos encontramos todos en Torrecaballeros con la alegr\u00eda de volver a vernos, abrazarnos y besarnos. <\/p>\n\n\n\n<p>Como la subida la ten\u00edamos prevista para el domingo, nos qued\u00f3 el s\u00e1bado para hacer algo de turismo en Segovia. Visitar su imponente Alc\u00e1zar, catedral, barrio jud\u00edo y, como no, su famoso acueducto. <\/p>\n<\/div><\/div>\n\n\n\n<figure class=\"wp-block-gallery columns-2 is-cropped wp-block-gallery-1 is-layout-flex wp-block-gallery-is-layout-flex\"><ul class=\"blocks-gallery-grid\"><li class=\"blocks-gallery-item\"><figure><img loading=\"lazy\" decoding=\"async\" width=\"1024\" height=\"768\" src=\"https:\/\/retoelajorge.es\/wp-content\/uploads\/2022\/04\/WhatsApp-Image-2022-04-16-at-7.40.52-PM-1024x768.jpeg\" alt=\"\" data-id=\"1483\" data-link=\"https:\/\/retoelajorge.es\/?attachment_id=1483\" class=\"wp-image-1483\" srcset=\"https:\/\/retoelajorge.es\/wp-content\/uploads\/2022\/04\/WhatsApp-Image-2022-04-16-at-7.40.52-PM-1024x768.jpeg 1024w, https:\/\/retoelajorge.es\/wp-content\/uploads\/2022\/04\/WhatsApp-Image-2022-04-16-at-7.40.52-PM-300x225.jpeg 300w, https:\/\/retoelajorge.es\/wp-content\/uploads\/2022\/04\/WhatsApp-Image-2022-04-16-at-7.40.52-PM-768x576.jpeg 768w, https:\/\/retoelajorge.es\/wp-content\/uploads\/2022\/04\/WhatsApp-Image-2022-04-16-at-7.40.52-PM-1536x1152.jpeg 1536w, https:\/\/retoelajorge.es\/wp-content\/uploads\/2022\/04\/WhatsApp-Image-2022-04-16-at-7.40.52-PM.jpeg 1600w\" sizes=\"auto, (max-width: 1024px) 100vw, 1024px\" \/><\/figure><\/li><li class=\"blocks-gallery-item\"><figure><img loading=\"lazy\" decoding=\"async\" width=\"1024\" height=\"768\" src=\"https:\/\/retoelajorge.es\/wp-content\/uploads\/2022\/04\/IMG_20220416_135148-1024x768.jpg\" alt=\"\" data-id=\"1479\" data-link=\"https:\/\/retoelajorge.es\/?attachment_id=1479\" class=\"wp-image-1479\" srcset=\"https:\/\/retoelajorge.es\/wp-content\/uploads\/2022\/04\/IMG_20220416_135148-1024x768.jpg 1024w, https:\/\/retoelajorge.es\/wp-content\/uploads\/2022\/04\/IMG_20220416_135148-300x225.jpg 300w, https:\/\/retoelajorge.es\/wp-content\/uploads\/2022\/04\/IMG_20220416_135148-768x576.jpg 768w, https:\/\/retoelajorge.es\/wp-content\/uploads\/2022\/04\/IMG_20220416_135148-1536x1152.jpg 1536w, https:\/\/retoelajorge.es\/wp-content\/uploads\/2022\/04\/IMG_20220416_135148-2048x1536.jpg 2048w\" sizes=\"auto, (max-width: 1024px) 100vw, 1024px\" \/><\/figure><\/li><li class=\"blocks-gallery-item\"><figure><img loading=\"lazy\" decoding=\"async\" width=\"768\" height=\"1024\" src=\"https:\/\/retoelajorge.es\/wp-content\/uploads\/2022\/04\/IMG_20220416_130746-768x1024.jpg\" alt=\"\" data-id=\"1482\" data-link=\"https:\/\/retoelajorge.es\/?attachment_id=1482\" class=\"wp-image-1482\" srcset=\"https:\/\/retoelajorge.es\/wp-content\/uploads\/2022\/04\/IMG_20220416_130746-768x1024.jpg 768w, https:\/\/retoelajorge.es\/wp-content\/uploads\/2022\/04\/IMG_20220416_130746-225x300.jpg 225w, https:\/\/retoelajorge.es\/wp-content\/uploads\/2022\/04\/IMG_20220416_130746-1152x1536.jpg 1152w, https:\/\/retoelajorge.es\/wp-content\/uploads\/2022\/04\/IMG_20220416_130746-1536x2048.jpg 1536w, https:\/\/retoelajorge.es\/wp-content\/uploads\/2022\/04\/IMG_20220416_130746-scaled.jpg 1920w\" sizes=\"auto, (max-width: 768px) 100vw, 768px\" \/><\/figure><\/li><li class=\"blocks-gallery-item\"><figure><img loading=\"lazy\" decoding=\"async\" width=\"768\" height=\"1024\" src=\"https:\/\/retoelajorge.es\/wp-content\/uploads\/2022\/04\/IMG_20220416_133245-1-768x1024.jpg\" alt=\"\" data-id=\"1484\" data-full-url=\"https:\/\/retoelajorge.es\/wp-content\/uploads\/2022\/04\/IMG_20220416_133245-1-scaled.jpg\" data-link=\"https:\/\/retoelajorge.es\/?attachment_id=1484\" class=\"wp-image-1484\" srcset=\"https:\/\/retoelajorge.es\/wp-content\/uploads\/2022\/04\/IMG_20220416_133245-1-768x1024.jpg 768w, https:\/\/retoelajorge.es\/wp-content\/uploads\/2022\/04\/IMG_20220416_133245-1-225x300.jpg 225w, https:\/\/retoelajorge.es\/wp-content\/uploads\/2022\/04\/IMG_20220416_133245-1-1152x1536.jpg 1152w, https:\/\/retoelajorge.es\/wp-content\/uploads\/2022\/04\/IMG_20220416_133245-1-1536x2048.jpg 1536w, https:\/\/retoelajorge.es\/wp-content\/uploads\/2022\/04\/IMG_20220416_133245-1-scaled.jpg 1920w\" sizes=\"auto, (max-width: 768px) 100vw, 768px\" \/><\/figure><\/li><li class=\"blocks-gallery-item\"><figure><img loading=\"lazy\" decoding=\"async\" width=\"1024\" height=\"768\" src=\"https:\/\/retoelajorge.es\/wp-content\/uploads\/2022\/04\/IMG_20220416_122708-1024x768.jpg\" alt=\"\" data-id=\"1480\" data-link=\"https:\/\/retoelajorge.es\/?attachment_id=1480\" class=\"wp-image-1480\" srcset=\"https:\/\/retoelajorge.es\/wp-content\/uploads\/2022\/04\/IMG_20220416_122708-1024x768.jpg 1024w, https:\/\/retoelajorge.es\/wp-content\/uploads\/2022\/04\/IMG_20220416_122708-300x225.jpg 300w, https:\/\/retoelajorge.es\/wp-content\/uploads\/2022\/04\/IMG_20220416_122708-768x576.jpg 768w, https:\/\/retoelajorge.es\/wp-content\/uploads\/2022\/04\/IMG_20220416_122708-1536x1152.jpg 1536w, https:\/\/retoelajorge.es\/wp-content\/uploads\/2022\/04\/IMG_20220416_122708-2048x1536.jpg 2048w\" sizes=\"auto, (max-width: 1024px) 100vw, 1024px\" \/><\/figure><\/li><\/ul><figcaption class=\"blocks-gallery-caption\">Turismo por Segovia<\/figcaption><\/figure>\n\n\n\n<h2 class=\"wp-block-heading\">Nuestro objetivo: Pe\u00f1alara<\/h2>\n\n\n\n<p>Y lleg\u00f3 el d\u00eda se\u00f1alado, domingo de resurrecci\u00f3n. Nos levantamos bastante temprano porque ten\u00edamos que recorrer unos 40km en coche por carretera de monta\u00f1a hasta el puerto de Cotos y hab\u00eda que llegar antes de que se superara el cupo m\u00e1ximo de veh\u00edculos a estacionar. <\/p>\n\n\n\n<p>La subida hasta Pe\u00f1alara se hace por un carril con tramos bastante empinados que tiene una longitud de unos 5,5km y se suele realizar en unas dos horas y media. Empezamos todos juntos con bastante ritmo pero enseguida cada uno fue adapt\u00e1ndose a su forma f\u00edsica y separ\u00e1ndose del grupo hasta alcanzar el alto conocido como Hermana Menor donde nos reagrupamos. Este primer tramo discurr\u00eda entre pinares y en su parte superior tuvimos que atravesar bastantes zonas con nieve.<\/p>\n\n\n\n<figure class=\"wp-block-gallery columns-3 is-cropped wp-block-gallery-2 is-layout-flex wp-block-gallery-is-layout-flex\"><ul class=\"blocks-gallery-grid\"><li class=\"blocks-gallery-item\"><figure><img loading=\"lazy\" decoding=\"async\" width=\"768\" height=\"1024\" src=\"https:\/\/retoelajorge.es\/wp-content\/uploads\/2022\/04\/WhatsApp-Image-2022-04-17-at-2.32.39-PM-768x1024.jpeg\" alt=\"\" data-id=\"1491\" data-full-url=\"https:\/\/retoelajorge.es\/wp-content\/uploads\/2022\/04\/WhatsApp-Image-2022-04-17-at-2.32.39-PM.jpeg\" data-link=\"https:\/\/retoelajorge.es\/?attachment_id=1491\" class=\"wp-image-1491\" srcset=\"https:\/\/retoelajorge.es\/wp-content\/uploads\/2022\/04\/WhatsApp-Image-2022-04-17-at-2.32.39-PM-768x1024.jpeg 768w, https:\/\/retoelajorge.es\/wp-content\/uploads\/2022\/04\/WhatsApp-Image-2022-04-17-at-2.32.39-PM-225x300.jpeg 225w, https:\/\/retoelajorge.es\/wp-content\/uploads\/2022\/04\/WhatsApp-Image-2022-04-17-at-2.32.39-PM-1152x1536.jpeg 1152w, https:\/\/retoelajorge.es\/wp-content\/uploads\/2022\/04\/WhatsApp-Image-2022-04-17-at-2.32.39-PM.jpeg 1200w\" sizes=\"auto, (max-width: 768px) 100vw, 768px\" \/><\/figure><\/li><li class=\"blocks-gallery-item\"><figure><img loading=\"lazy\" decoding=\"async\" width=\"768\" height=\"1024\" src=\"https:\/\/retoelajorge.es\/wp-content\/uploads\/2022\/04\/IMG_20220417_101027-768x1024.jpg\" alt=\"\" data-id=\"1489\" data-full-url=\"https:\/\/retoelajorge.es\/wp-content\/uploads\/2022\/04\/IMG_20220417_101027-scaled.jpg\" data-link=\"https:\/\/retoelajorge.es\/?attachment_id=1489\" class=\"wp-image-1489\" srcset=\"https:\/\/retoelajorge.es\/wp-content\/uploads\/2022\/04\/IMG_20220417_101027-768x1024.jpg 768w, https:\/\/retoelajorge.es\/wp-content\/uploads\/2022\/04\/IMG_20220417_101027-225x300.jpg 225w, https:\/\/retoelajorge.es\/wp-content\/uploads\/2022\/04\/IMG_20220417_101027-1152x1536.jpg 1152w, https:\/\/retoelajorge.es\/wp-content\/uploads\/2022\/04\/IMG_20220417_101027-1536x2048.jpg 1536w, https:\/\/retoelajorge.es\/wp-content\/uploads\/2022\/04\/IMG_20220417_101027-scaled.jpg 1920w\" sizes=\"auto, (max-width: 768px) 100vw, 768px\" \/><\/figure><\/li><li class=\"blocks-gallery-item\"><figure><img loading=\"lazy\" decoding=\"async\" width=\"576\" height=\"1024\" src=\"https:\/\/retoelajorge.es\/wp-content\/uploads\/2022\/04\/1650437420150-576x1024.jpg\" alt=\"\" data-id=\"1487\" data-full-url=\"https:\/\/retoelajorge.es\/wp-content\/uploads\/2022\/04\/1650437420150-scaled.jpg\" data-link=\"https:\/\/retoelajorge.es\/?attachment_id=1487\" class=\"wp-image-1487\" srcset=\"https:\/\/retoelajorge.es\/wp-content\/uploads\/2022\/04\/1650437420150-576x1024.jpg 576w, https:\/\/retoelajorge.es\/wp-content\/uploads\/2022\/04\/1650437420150-169x300.jpg 169w, https:\/\/retoelajorge.es\/wp-content\/uploads\/2022\/04\/1650437420150-768x1365.jpg 768w, https:\/\/retoelajorge.es\/wp-content\/uploads\/2022\/04\/1650437420150-864x1536.jpg 864w, https:\/\/retoelajorge.es\/wp-content\/uploads\/2022\/04\/1650437420150-1152x2048.jpg 1152w, https:\/\/retoelajorge.es\/wp-content\/uploads\/2022\/04\/1650437420150-scaled.jpg 1440w\" sizes=\"auto, (max-width: 576px) 100vw, 576px\" \/><\/figure><\/li><li class=\"blocks-gallery-item\"><figure><img loading=\"lazy\" decoding=\"async\" width=\"1024\" height=\"627\" src=\"https:\/\/retoelajorge.es\/wp-content\/uploads\/2022\/04\/Hermana-menor-1024x627.jpeg\" alt=\"\" data-id=\"1488\" data-full-url=\"https:\/\/retoelajorge.es\/wp-content\/uploads\/2022\/04\/Hermana-menor.jpeg\" data-link=\"https:\/\/retoelajorge.es\/?attachment_id=1488\" class=\"wp-image-1488\" srcset=\"https:\/\/retoelajorge.es\/wp-content\/uploads\/2022\/04\/Hermana-menor-1024x627.jpeg 1024w, https:\/\/retoelajorge.es\/wp-content\/uploads\/2022\/04\/Hermana-menor-300x184.jpeg 300w, https:\/\/retoelajorge.es\/wp-content\/uploads\/2022\/04\/Hermana-menor-768x470.jpeg 768w, https:\/\/retoelajorge.es\/wp-content\/uploads\/2022\/04\/Hermana-menor-1536x941.jpeg 1536w, https:\/\/retoelajorge.es\/wp-content\/uploads\/2022\/04\/Hermana-menor.jpeg 1600w\" sizes=\"auto, (max-width: 1024px) 100vw, 1024px\" \/><figcaption class=\"blocks-gallery-item__caption\">Hermana Menor<\/figcaption><\/figure><\/li><li class=\"blocks-gallery-item\"><figure><img loading=\"lazy\" decoding=\"async\" width=\"1024\" height=\"768\" src=\"https:\/\/retoelajorge.es\/wp-content\/uploads\/2022\/04\/IMG_20220417_110750-1024x768.jpg\" alt=\"\" data-id=\"1490\" data-full-url=\"https:\/\/retoelajorge.es\/wp-content\/uploads\/2022\/04\/IMG_20220417_110750-scaled.jpg\" data-link=\"https:\/\/retoelajorge.es\/?attachment_id=1490\" class=\"wp-image-1490\" srcset=\"https:\/\/retoelajorge.es\/wp-content\/uploads\/2022\/04\/IMG_20220417_110750-1024x768.jpg 1024w, https:\/\/retoelajorge.es\/wp-content\/uploads\/2022\/04\/IMG_20220417_110750-300x225.jpg 300w, https:\/\/retoelajorge.es\/wp-content\/uploads\/2022\/04\/IMG_20220417_110750-768x576.jpg 768w, https:\/\/retoelajorge.es\/wp-content\/uploads\/2022\/04\/IMG_20220417_110750-1536x1152.jpg 1536w, https:\/\/retoelajorge.es\/wp-content\/uploads\/2022\/04\/IMG_20220417_110750-2048x1536.jpg 2048w\" sizes=\"auto, (max-width: 1024px) 100vw, 1024px\" \/><figcaption class=\"blocks-gallery-item__caption\">Segovia al fondo<\/figcaption><\/figure><\/li><\/ul><\/figure>\n\n\n\n<p>Desde la Hermana Menor ya pod\u00edamos divisar nuestro objetivo en todo lo alto. Este segundo tramo era menos dificultoso en cuanto a pendiente pero m\u00e1s agotador porque no dej\u00e1bamos de ver en ning\u00fan momento nuestra meta que parec\u00eda cada vez m\u00e1s lejana, adem\u00e1s de tener que atravesar varios neveros en los que, a veces, nos col\u00e1bamos hasta la rodilla.<\/p>\n\n\n\n<p>Un \u00faltimo esfuerzo y alcanzamos la cima de Pe\u00f1alara, donde corr\u00eda una brisa g\u00e9lida que hizo que nos abrig\u00e1ramos con toda la ropa que port\u00e1bamos. Nos volvimos a reagrupar e hicimos los honores a nuestro querido e inolvidable Jorge; dejamos una plaquita en su recuerdo y esparcimos parte de sus cenizas en lo m\u00e1s alto de la Comunidad de Madrid.<\/p>\n\n\n\n<figure class=\"wp-block-gallery columns-1 is-cropped wp-block-gallery-3 is-layout-flex wp-block-gallery-is-layout-flex\"><ul class=\"blocks-gallery-grid\"><li class=\"blocks-gallery-item\"><figure><img loading=\"lazy\" decoding=\"async\" width=\"1024\" height=\"576\" src=\"https:\/\/retoelajorge.es\/wp-content\/uploads\/2022\/04\/1650437420136-1024x576.jpg\" alt=\"\" data-id=\"1492\" data-full-url=\"https:\/\/retoelajorge.es\/wp-content\/uploads\/2022\/04\/1650437420136-scaled.jpg\" data-link=\"https:\/\/retoelajorge.es\/?attachment_id=1492\" class=\"wp-image-1492\" srcset=\"https:\/\/retoelajorge.es\/wp-content\/uploads\/2022\/04\/1650437420136-1024x576.jpg 1024w, https:\/\/retoelajorge.es\/wp-content\/uploads\/2022\/04\/1650437420136-300x169.jpg 300w, https:\/\/retoelajorge.es\/wp-content\/uploads\/2022\/04\/1650437420136-768x432.jpg 768w, https:\/\/retoelajorge.es\/wp-content\/uploads\/2022\/04\/1650437420136-1536x864.jpg 1536w, https:\/\/retoelajorge.es\/wp-content\/uploads\/2022\/04\/1650437420136-2048x1152.jpg 2048w, https:\/\/retoelajorge.es\/wp-content\/uploads\/2022\/04\/1650437420136-800x450.jpg 800w\" sizes=\"auto, (max-width: 1024px) 100vw, 1024px\" \/><\/figure><\/li><li class=\"blocks-gallery-item\"><figure><img loading=\"lazy\" decoding=\"async\" width=\"1024\" height=\"421\" src=\"https:\/\/retoelajorge.es\/wp-content\/uploads\/2022\/04\/WhatsApp-Image-2022-04-17-at-2.32.09-PM-1024x421.jpeg\" alt=\"\" data-id=\"1497\" data-full-url=\"https:\/\/retoelajorge.es\/wp-content\/uploads\/2022\/04\/WhatsApp-Image-2022-04-17-at-2.32.09-PM.jpeg\" data-link=\"https:\/\/retoelajorge.es\/?attachment_id=1497\" class=\"wp-image-1497\" srcset=\"https:\/\/retoelajorge.es\/wp-content\/uploads\/2022\/04\/WhatsApp-Image-2022-04-17-at-2.32.09-PM-1024x421.jpeg 1024w, https:\/\/retoelajorge.es\/wp-content\/uploads\/2022\/04\/WhatsApp-Image-2022-04-17-at-2.32.09-PM-300x123.jpeg 300w, https:\/\/retoelajorge.es\/wp-content\/uploads\/2022\/04\/WhatsApp-Image-2022-04-17-at-2.32.09-PM-768x316.jpeg 768w, https:\/\/retoelajorge.es\/wp-content\/uploads\/2022\/04\/WhatsApp-Image-2022-04-17-at-2.32.09-PM-1536x632.jpeg 1536w, https:\/\/retoelajorge.es\/wp-content\/uploads\/2022\/04\/WhatsApp-Image-2022-04-17-at-2.32.09-PM.jpeg 1600w\" sizes=\"auto, (max-width: 1024px) 100vw, 1024px\" \/><\/figure><\/li><li class=\"blocks-gallery-item\"><figure><img loading=\"lazy\" decoding=\"async\" width=\"1024\" height=\"768\" src=\"https:\/\/retoelajorge.es\/wp-content\/uploads\/2022\/04\/WhatsApp-Image-2022-04-17-at-2.32.04-PM-1024x768.jpeg\" alt=\"\" data-id=\"1496\" data-full-url=\"https:\/\/retoelajorge.es\/wp-content\/uploads\/2022\/04\/WhatsApp-Image-2022-04-17-at-2.32.04-PM.jpeg\" data-link=\"https:\/\/retoelajorge.es\/?attachment_id=1496\" class=\"wp-image-1496\" srcset=\"https:\/\/retoelajorge.es\/wp-content\/uploads\/2022\/04\/WhatsApp-Image-2022-04-17-at-2.32.04-PM-1024x768.jpeg 1024w, https:\/\/retoelajorge.es\/wp-content\/uploads\/2022\/04\/WhatsApp-Image-2022-04-17-at-2.32.04-PM-300x225.jpeg 300w, https:\/\/retoelajorge.es\/wp-content\/uploads\/2022\/04\/WhatsApp-Image-2022-04-17-at-2.32.04-PM-768x576.jpeg 768w, https:\/\/retoelajorge.es\/wp-content\/uploads\/2022\/04\/WhatsApp-Image-2022-04-17-at-2.32.04-PM-1536x1152.jpeg 1536w, https:\/\/retoelajorge.es\/wp-content\/uploads\/2022\/04\/WhatsApp-Image-2022-04-17-at-2.32.04-PM.jpeg 1600w\" sizes=\"auto, (max-width: 1024px) 100vw, 1024px\" \/><\/figure><\/li><li class=\"blocks-gallery-item\"><figure><img loading=\"lazy\" decoding=\"async\" width=\"1024\" height=\"768\" src=\"https:\/\/retoelajorge.es\/wp-content\/uploads\/2022\/04\/IMG_20220417_121713-1024x768.jpg\" alt=\"\" data-id=\"1493\" data-full-url=\"https:\/\/retoelajorge.es\/wp-content\/uploads\/2022\/04\/IMG_20220417_121713-scaled.jpg\" data-link=\"https:\/\/retoelajorge.es\/?attachment_id=1493\" class=\"wp-image-1493\" srcset=\"https:\/\/retoelajorge.es\/wp-content\/uploads\/2022\/04\/IMG_20220417_121713-1024x768.jpg 1024w, https:\/\/retoelajorge.es\/wp-content\/uploads\/2022\/04\/IMG_20220417_121713-300x225.jpg 300w, https:\/\/retoelajorge.es\/wp-content\/uploads\/2022\/04\/IMG_20220417_121713-768x576.jpg 768w, https:\/\/retoelajorge.es\/wp-content\/uploads\/2022\/04\/IMG_20220417_121713-1536x1152.jpg 1536w, https:\/\/retoelajorge.es\/wp-content\/uploads\/2022\/04\/IMG_20220417_121713-2048x1536.jpg 2048w\" sizes=\"auto, (max-width: 1024px) 100vw, 1024px\" \/><\/figure><\/li><\/ul><\/figure>\n\n\n\n<figure class=\"wp-block-embed is-type-video is-provider-youtube wp-block-embed-youtube wp-embed-aspect-16-9 wp-has-aspect-ratio\"><div class=\"wp-block-embed__wrapper\">\n<iframe loading=\"lazy\" title=\"Cima 4: Pe\u00f1alara\" width=\"640\" height=\"360\" src=\"https:\/\/www.youtube.com\/embed\/3nrIAVdYLG4?feature=oembed\" frameborder=\"0\" allow=\"accelerometer; autoplay; clipboard-write; encrypted-media; gyroscope; picture-in-picture; web-share\" referrerpolicy=\"strict-origin-when-cross-origin\" allowfullscreen><\/iframe>\n<\/div><\/figure>\n\n\n\n<p>Como sab\u00e9is, nuestro prop\u00f3sito con este reto, adem\u00e1s de homenajear a Jorge Abarca, sigue siendo la de dar la m\u00e1xima visibilidad de la terrible ELA. No obstante, tambi\u00e9n hemos aprovechado para incluir el reto en una web de crowdfunding para beneficio de nuestra Asociaci\u00f3n para afectados de Granada, <a href=\"https:\/\/agraela.org\" target=\"_blank\" rel=\"noreferrer noopener\">AGRAELA<\/a><\/p>\n\n\n\n<p align=\"center\"><iframe loading=\"lazy\" allowtransparency=\"true\" frameborder=\"0\" width=\"300\" height=\"500\" scrolling=\"no\" src=\"https:\/\/www.migranodearena.org\/widget\/16-cimas-por-la-ela\"><\/iframe><\/p>\n\n\n\n<h3 class=\"wp-block-heading\">Nuestras metas<\/h3>\n\n\n\n<figure class=\"wp-block-table is-style-stripes\"><table class=\"has-background\" style=\"background-color:#e9fbe5\"><thead><tr><th>Comunidad Aut\u00f3noma<\/th><th>M\u00e1xima altura<\/th><th>Observaciones<\/th><\/tr><\/thead><tbody><tr><td>Andaluc\u00eda<\/td><td>Mulhac\u00e9n (3.479m)<\/td><td>Por ser la cima de nuestra ciudad, intentaremos que sea un d\u00eda grande su subida<\/td><\/tr><tr><td>Arag\u00f3n<\/td><td>Aneto (3.404m)<\/td><td>\u00a1<a href=\"https:\/\/retoelajorge.es\/index.php\/2024\/08\/13\/reto-16-cimas-12-y-13\/\" target=\"_blank\" rel=\"noreferrer noopener\">Conseguido<\/a>! (01\/08\/2024)<\/td><\/tr><tr><td>Canarias<\/td><td>Teide (3.715m)<\/td><td><a href=\"https:\/\/retoelajorge.es\/index.php\/2022\/11\/29\/reto-16-cimas-teide\/\">\u00a1Conseguido!<\/a> (07\/11\/2022)<\/td><\/tr><tr><td>Cantabria<\/td><td>Torre Blanca (2.619m)<\/td><td><a href=\"https:\/\/retoelajorge.es\/index.php\/2025\/08\/01\/reto-16-cimas-14-y-15\/\" target=\"_blank\" rel=\"noreferrer noopener\">\u00a1Conseguido!<\/a> (11\/07\/2025)<\/td><\/tr><tr><td>Castilla y Le\u00f3n<\/td><td>Torrecerredo (2.648m)<\/td><td><a href=\"https:\/\/retoelajorge.es\/index.php\/2025\/08\/01\/reto-16-cimas-14-y-15\/\" target=\"_blank\" rel=\"noreferrer noopener\">\u00a1Conseguido!<\/a> (14\/07\/2025)<\/td><\/tr><tr><td>Castilla-La Mancha<\/td><td>Pico del Lobo (2.274m)<\/td><td>\u00a1<a href=\"https:\/\/retoelajorge.es\/index.php\/2023\/09\/10\/reto-16-cimas-8-y-9\/\" target=\"_blank\" rel=\"noreferrer noopener\">Conseguido<\/a>! (21\/08\/2023)<\/td><\/tr><tr><td>Catalu\u00f1a<\/td><td>Pica d&#8217;Estats (3.143m)<\/td><td>\u00a1<a href=\"https:\/\/retoelajorge.es\/index.php\/2024\/08\/13\/reto-16-cimas-12-y-13\/\" target=\"_blank\" rel=\"noreferrer noopener\">Conseguido<\/a>! (29\/07\/2024)<\/td><\/tr><tr><td>Comunidad de Madrid<\/td><td>Pe\u00f1alara (2.428m)<\/td><td>\u00a1<a href=\"https:\/\/retoelajorge.es\/index.php\/2022\/04\/21\/cima-4-penalara\/\">Conseguido<\/a>! (17\/04\/2022)<\/td><\/tr><tr><td>Comunidad Valenciana<\/td><td>Alto de las Barracas (1.838m)<\/td><td><strong>\u00a1<a href=\"https:\/\/retoelajorge.es\/index.php\/2021\/05\/25\/cima-2-alto-de-las-barracas\/\">Conseguido<\/a>!<\/strong> (22\/05\/2021)<\/td><\/tr><tr><td>Extremadura<\/td><td>Calvitero (2.399m)<\/td><td>\u00a1<a href=\"https:\/\/retoelajorge.es\/index.php\/2022\/08\/12\/cima-5-calvitero\/\">Conseguido<\/a>! (30\/07\/2022)<\/td><\/tr><tr><td>Galicia<\/td><td>Pe\u00f1a Trevinca (2.127m)<\/td><td>\u00a1<a href=\"https:\/\/retoelajorge.es\/index.php\/2022\/08\/14\/pena-trevinca-cima-6\/\">Conseguido<\/a>! (02\/08\/2022)<\/td><\/tr><tr><td>Islas Baleares<\/td><td>Puig Major (1.445m)<\/td><td><a href=\"https:\/\/retoelajorge.es\/index.php\/2021\/09\/12\/cima-3-puig-major-baleares\/\" target=\"_blank\" rel=\"noreferrer noopener\">\u00a1Conseguido!<\/a> (03\/09\/2021)<\/td><\/tr><tr><td>La Rioja<\/td><td>Monte San Lorenzo (2.271m)<\/td><td>\u00a1<a href=\"https:\/\/retoelajorge.es\/index.php\/2024\/06\/11\/reto-16-cimas-10-y-11\/\" target=\"_blank\" rel=\"noreferrer noopener\">Conseguido<\/a>! (04\/06\/2024)<\/td><\/tr><tr><td>Navarra<\/td><td>Mesa de los Tres Reyes (2.444m)<\/td><td>\u00a1<a href=\"https:\/\/retoelajorge.es\/index.php\/2023\/09\/10\/reto-16-cimas-8-y-9\/\" target=\"_blank\" rel=\"noreferrer noopener\">Conseguido<\/a>! (19\/08\/2023)<\/td><\/tr><tr><td>Pais Vasco<\/td><td>Aketegui (1.551m)<\/td><td>\u00a1<a href=\"https:\/\/retoelajorge.es\/index.php\/2024\/06\/11\/reto-16-cimas-10-y-11\/\" target=\"_blank\" rel=\"noreferrer noopener\">Conseguido<\/a>! (06\/06\/2024)<\/td><\/tr><tr><td>Principado de Asturias<\/td><td>Torrecerredo (2.648m)<\/td><td><a href=\"https:\/\/retoelajorge.es\/index.php\/2025\/08\/01\/reto-16-cimas-14-y-15\/\" target=\"_blank\" rel=\"noreferrer noopener\">\u00a1Conseguido!<\/a> (14\/07\/2025)<\/td><\/tr><tr><td>Regi\u00f3n de Murcia<\/td><td>Pico de los Obispos (2.014m)<\/td><td><strong>\u00a1<a href=\"https:\/\/retoelajorge.es\/index.php\/2020\/10\/14\/iniciamos-nuevo-reto\/\">Conseguido<\/a>!<\/strong> (14\/10\/2020)<\/td><\/tr><\/tbody><\/table><\/figure>\n","protected":false},"excerpt":{"rendered":"<p>El punto de encuentro, Torrecaballeros Lleg\u00f3 el momento de emprender el camino hacia nuestra cuarta cima, Pe\u00f1alara. Es la cima m\u00e1s alta de la Comunidad de Madrid y se encuentra en el Parque Nacional&#8230;<\/p>\n","protected":false},"author":1,"featured_media":1473,"comment_status":"open","ping_status":"open","sticky":false,"template":"","format":"standard","meta":{"footnotes":""},"categories":[39,41],"tags":[70,43],"class_list":["post-1472","post","type-post","status-publish","format-standard","has-post-thumbnail","hentry","category-retos","category-solidaridad","tag-16-cimas","tag-ela"],"yoast_head":"<!-- This site is optimized with the Yoast SEO plugin v26.7 - https:\/\/yoast.com\/wordpress\/plugins\/seo\/ -->\n<title>Cima 4: Pe\u00f1alara - Mis retos por la ELA<\/title>\n<meta name=\"description\" content=\"\u00a1Cuarta cima conseguida! En esta ocasi\u00f3n la correspondiente a la Comunidad de Madrid, Pe\u00f1alara, en el Parque Nacional Sierra de Guadarrama\" \/>\n<meta name=\"robots\" content=\"index, follow, max-snippet:-1, max-image-preview:large, max-video-preview:-1\" \/>\n<link rel=\"canonical\" href=\"https:\/\/retoelajorge.es\/index.php\/2022\/04\/21\/cima-4-penalara\/\" \/>\n<meta property=\"og:locale\" content=\"es_ES\" \/>\n<meta property=\"og:type\" content=\"article\" \/>\n<meta property=\"og:title\" content=\"Cima 4: Pe\u00f1alara - Mis retos por la ELA\" \/>\n<meta property=\"og:description\" content=\"\u00a1Cuarta cima conseguida! En esta ocasi\u00f3n la correspondiente a la Comunidad de Madrid, Pe\u00f1alara, en el Parque Nacional Sierra de Guadarrama\" \/>\n<meta property=\"og:url\" content=\"https:\/\/retoelajorge.es\/index.php\/2022\/04\/21\/cima-4-penalara\/\" \/>\n<meta property=\"og:site_name\" content=\"Mis retos por la ELA\" \/>\n<meta property=\"article:published_time\" content=\"2022-04-21T09:57:13+00:00\" \/>\n<meta property=\"article:modified_time\" content=\"2022-11-29T09:45:55+00:00\" \/>\n<meta property=\"og:image\" content=\"https:\/\/retoelajorge.es\/wp-content\/uploads\/2022\/04\/IMG_20220417_121807-scaled.jpg\" \/>\n\t<meta property=\"og:image:width\" content=\"2560\" \/>\n\t<meta property=\"og:image:height\" content=\"1920\" \/>\n\t<meta property=\"og:image:type\" content=\"image\/jpeg\" \/>\n<meta name=\"author\" content=\"retoelajorge\" \/>\n<meta name=\"twitter:card\" content=\"summary_large_image\" \/>\n<meta name=\"twitter:label1\" content=\"Escrito por\" \/>\n\t<meta name=\"twitter:data1\" content=\"retoelajorge\" \/>\n\t<meta name=\"twitter:label2\" content=\"Tiempo de lectura\" \/>\n\t<meta name=\"twitter:data2\" content=\"6 minutos\" \/>\n<script type=\"application\/ld+json\" class=\"yoast-schema-graph\">{\"@context\":\"https:\/\/schema.org\",\"@graph\":[{\"@type\":\"Article\",\"@id\":\"https:\/\/retoelajorge.es\/index.php\/2022\/04\/21\/cima-4-penalara\/#article\",\"isPartOf\":{\"@id\":\"https:\/\/retoelajorge.es\/index.php\/2022\/04\/21\/cima-4-penalara\/\"},\"author\":{\"name\":\"retoelajorge\",\"@id\":\"https:\/\/retoelajorge.es\/#\/schema\/person\/0e209413f2de4fe381eda14e12288b7d\"},\"headline\":\"Cima 4: Pe\u00f1alara\",\"datePublished\":\"2022-04-21T09:57:13+00:00\",\"dateModified\":\"2022-11-29T09:45:55+00:00\",\"mainEntityOfPage\":{\"@id\":\"https:\/\/retoelajorge.es\/index.php\/2022\/04\/21\/cima-4-penalara\/\"},\"wordCount\":514,\"commentCount\":0,\"publisher\":{\"@id\":\"https:\/\/retoelajorge.es\/#organization\"},\"image\":{\"@id\":\"https:\/\/retoelajorge.es\/index.php\/2022\/04\/21\/cima-4-penalara\/#primaryimage\"},\"thumbnailUrl\":\"https:\/\/retoelajorge.es\/wp-content\/uploads\/2022\/04\/IMG_20220417_121807-scaled.jpg\",\"keywords\":[\"16 cimas\",\"ELA\"],\"articleSection\":[\"Retos\",\"Solidaridad\"],\"inLanguage\":\"es\",\"potentialAction\":[{\"@type\":\"CommentAction\",\"name\":\"Comment\",\"target\":[\"https:\/\/retoelajorge.es\/index.php\/2022\/04\/21\/cima-4-penalara\/#respond\"]}]},{\"@type\":\"WebPage\",\"@id\":\"https:\/\/retoelajorge.es\/index.php\/2022\/04\/21\/cima-4-penalara\/\",\"url\":\"https:\/\/retoelajorge.es\/index.php\/2022\/04\/21\/cima-4-penalara\/\",\"name\":\"Cima 4: Pe\u00f1alara - Mis retos por la ELA\",\"isPartOf\":{\"@id\":\"https:\/\/retoelajorge.es\/#website\"},\"primaryImageOfPage\":{\"@id\":\"https:\/\/retoelajorge.es\/index.php\/2022\/04\/21\/cima-4-penalara\/#primaryimage\"},\"image\":{\"@id\":\"https:\/\/retoelajorge.es\/index.php\/2022\/04\/21\/cima-4-penalara\/#primaryimage\"},\"thumbnailUrl\":\"https:\/\/retoelajorge.es\/wp-content\/uploads\/2022\/04\/IMG_20220417_121807-scaled.jpg\",\"datePublished\":\"2022-04-21T09:57:13+00:00\",\"dateModified\":\"2022-11-29T09:45:55+00:00\",\"description\":\"\u00a1Cuarta cima conseguida! En esta ocasi\u00f3n la correspondiente a la Comunidad de Madrid, Pe\u00f1alara, en el Parque Nacional Sierra de Guadarrama\",\"breadcrumb\":{\"@id\":\"https:\/\/retoelajorge.es\/index.php\/2022\/04\/21\/cima-4-penalara\/#breadcrumb\"},\"inLanguage\":\"es\",\"potentialAction\":[{\"@type\":\"ReadAction\",\"target\":[\"https:\/\/retoelajorge.es\/index.php\/2022\/04\/21\/cima-4-penalara\/\"]}]},{\"@type\":\"ImageObject\",\"inLanguage\":\"es\",\"@id\":\"https:\/\/retoelajorge.es\/index.php\/2022\/04\/21\/cima-4-penalara\/#primaryimage\",\"url\":\"https:\/\/retoelajorge.es\/wp-content\/uploads\/2022\/04\/IMG_20220417_121807-scaled.jpg\",\"contentUrl\":\"https:\/\/retoelajorge.es\/wp-content\/uploads\/2022\/04\/IMG_20220417_121807-scaled.jpg\",\"width\":2560,\"height\":1920},{\"@type\":\"BreadcrumbList\",\"@id\":\"https:\/\/retoelajorge.es\/index.php\/2022\/04\/21\/cima-4-penalara\/#breadcrumb\",\"itemListElement\":[{\"@type\":\"ListItem\",\"position\":1,\"name\":\"Portada\",\"item\":\"https:\/\/retoelajorge.es\/\"},{\"@type\":\"ListItem\",\"position\":2,\"name\":\"Cima 4: Pe\u00f1alara\"}]},{\"@type\":\"WebSite\",\"@id\":\"https:\/\/retoelajorge.es\/#website\",\"url\":\"https:\/\/retoelajorge.es\/\",\"name\":\"Mis retos por la ELA\",\"description\":\"Blog de un afectado de ELA\",\"publisher\":{\"@id\":\"https:\/\/retoelajorge.es\/#organization\"},\"potentialAction\":[{\"@type\":\"SearchAction\",\"target\":{\"@type\":\"EntryPoint\",\"urlTemplate\":\"https:\/\/retoelajorge.es\/?s={search_term_string}\"},\"query-input\":{\"@type\":\"PropertyValueSpecification\",\"valueRequired\":true,\"valueName\":\"search_term_string\"}}],\"inLanguage\":\"es\"},{\"@type\":\"Organization\",\"@id\":\"https:\/\/retoelajorge.es\/#organization\",\"name\":\"Mis retos por la ELA\",\"url\":\"https:\/\/retoelajorge.es\/\",\"logo\":{\"@type\":\"ImageObject\",\"inLanguage\":\"es\",\"@id\":\"https:\/\/retoelajorge.es\/#\/schema\/logo\/image\/\",\"url\":\"https:\/\/retoelajorge.es\/wp-content\/uploads\/2020\/02\/Jorge-scaled-e1583395872979.jpg\",\"contentUrl\":\"https:\/\/retoelajorge.es\/wp-content\/uploads\/2020\/02\/Jorge-scaled-e1583395872979.jpg\",\"width\":1900,\"height\":1045,\"caption\":\"Mis retos por la ELA\"},\"image\":{\"@id\":\"https:\/\/retoelajorge.es\/#\/schema\/logo\/image\/\"}},{\"@type\":\"Person\",\"@id\":\"https:\/\/retoelajorge.es\/#\/schema\/person\/0e209413f2de4fe381eda14e12288b7d\",\"name\":\"retoelajorge\",\"image\":{\"@type\":\"ImageObject\",\"inLanguage\":\"es\",\"@id\":\"https:\/\/retoelajorge.es\/#\/schema\/person\/image\/\",\"url\":\"https:\/\/secure.gravatar.com\/avatar\/bdd30a868985f69f97d362fc89c201f7860ec568aa2b42cb67e1ab7857b91971?s=96&d=mm&r=g\",\"contentUrl\":\"https:\/\/secure.gravatar.com\/avatar\/bdd30a868985f69f97d362fc89c201f7860ec568aa2b42cb67e1ab7857b91971?s=96&d=mm&r=g\",\"caption\":\"retoelajorge\"},\"url\":\"https:\/\/retoelajorge.es\/index.php\/author\/admin\/\"}]}<\/script>\n<!-- \/ Yoast SEO plugin. -->","yoast_head_json":{"title":"Cima 4: Pe\u00f1alara - Mis retos por la ELA","description":"\u00a1Cuarta cima conseguida! En esta ocasi\u00f3n la correspondiente a la Comunidad de Madrid, Pe\u00f1alara, en el Parque Nacional Sierra de Guadarrama","robots":{"index":"index","follow":"follow","max-snippet":"max-snippet:-1","max-image-preview":"max-image-preview:large","max-video-preview":"max-video-preview:-1"},"canonical":"https:\/\/retoelajorge.es\/index.php\/2022\/04\/21\/cima-4-penalara\/","og_locale":"es_ES","og_type":"article","og_title":"Cima 4: Pe\u00f1alara - Mis retos por la ELA","og_description":"\u00a1Cuarta cima conseguida! En esta ocasi\u00f3n la correspondiente a la Comunidad de Madrid, Pe\u00f1alara, en el Parque Nacional Sierra de Guadarrama","og_url":"https:\/\/retoelajorge.es\/index.php\/2022\/04\/21\/cima-4-penalara\/","og_site_name":"Mis retos por la ELA","article_published_time":"2022-04-21T09:57:13+00:00","article_modified_time":"2022-11-29T09:45:55+00:00","og_image":[{"width":2560,"height":1920,"url":"https:\/\/retoelajorge.es\/wp-content\/uploads\/2022\/04\/IMG_20220417_121807-scaled.jpg","type":"image\/jpeg"}],"author":"retoelajorge","twitter_card":"summary_large_image","twitter_misc":{"Escrito por":"retoelajorge","Tiempo de lectura":"6 minutos"},"schema":{"@context":"https:\/\/schema.org","@graph":[{"@type":"Article","@id":"https:\/\/retoelajorge.es\/index.php\/2022\/04\/21\/cima-4-penalara\/#article","isPartOf":{"@id":"https:\/\/retoelajorge.es\/index.php\/2022\/04\/21\/cima-4-penalara\/"},"author":{"name":"retoelajorge","@id":"https:\/\/retoelajorge.es\/#\/schema\/person\/0e209413f2de4fe381eda14e12288b7d"},"headline":"Cima 4: Pe\u00f1alara","datePublished":"2022-04-21T09:57:13+00:00","dateModified":"2022-11-29T09:45:55+00:00","mainEntityOfPage":{"@id":"https:\/\/retoelajorge.es\/index.php\/2022\/04\/21\/cima-4-penalara\/"},"wordCount":514,"commentCount":0,"publisher":{"@id":"https:\/\/retoelajorge.es\/#organization"},"image":{"@id":"https:\/\/retoelajorge.es\/index.php\/2022\/04\/21\/cima-4-penalara\/#primaryimage"},"thumbnailUrl":"https:\/\/retoelajorge.es\/wp-content\/uploads\/2022\/04\/IMG_20220417_121807-scaled.jpg","keywords":["16 cimas","ELA"],"articleSection":["Retos","Solidaridad"],"inLanguage":"es","potentialAction":[{"@type":"CommentAction","name":"Comment","target":["https:\/\/retoelajorge.es\/index.php\/2022\/04\/21\/cima-4-penalara\/#respond"]}]},{"@type":"WebPage","@id":"https:\/\/retoelajorge.es\/index.php\/2022\/04\/21\/cima-4-penalara\/","url":"https:\/\/retoelajorge.es\/index.php\/2022\/04\/21\/cima-4-penalara\/","name":"Cima 4: Pe\u00f1alara - Mis retos por la ELA","isPartOf":{"@id":"https:\/\/retoelajorge.es\/#website"},"primaryImageOfPage":{"@id":"https:\/\/retoelajorge.es\/index.php\/2022\/04\/21\/cima-4-penalara\/#primaryimage"},"image":{"@id":"https:\/\/retoelajorge.es\/index.php\/2022\/04\/21\/cima-4-penalara\/#primaryimage"},"thumbnailUrl":"https:\/\/retoelajorge.es\/wp-content\/uploads\/2022\/04\/IMG_20220417_121807-scaled.jpg","datePublished":"2022-04-21T09:57:13+00:00","dateModified":"2022-11-29T09:45:55+00:00","description":"\u00a1Cuarta cima conseguida! En esta ocasi\u00f3n la correspondiente a la Comunidad de Madrid, Pe\u00f1alara, en el Parque Nacional Sierra de Guadarrama","breadcrumb":{"@id":"https:\/\/retoelajorge.es\/index.php\/2022\/04\/21\/cima-4-penalara\/#breadcrumb"},"inLanguage":"es","potentialAction":[{"@type":"ReadAction","target":["https:\/\/retoelajorge.es\/index.php\/2022\/04\/21\/cima-4-penalara\/"]}]},{"@type":"ImageObject","inLanguage":"es","@id":"https:\/\/retoelajorge.es\/index.php\/2022\/04\/21\/cima-4-penalara\/#primaryimage","url":"https:\/\/retoelajorge.es\/wp-content\/uploads\/2022\/04\/IMG_20220417_121807-scaled.jpg","contentUrl":"https:\/\/retoelajorge.es\/wp-content\/uploads\/2022\/04\/IMG_20220417_121807-scaled.jpg","width":2560,"height":1920},{"@type":"BreadcrumbList","@id":"https:\/\/retoelajorge.es\/index.php\/2022\/04\/21\/cima-4-penalara\/#breadcrumb","itemListElement":[{"@type":"ListItem","position":1,"name":"Portada","item":"https:\/\/retoelajorge.es\/"},{"@type":"ListItem","position":2,"name":"Cima 4: Pe\u00f1alara"}]},{"@type":"WebSite","@id":"https:\/\/retoelajorge.es\/#website","url":"https:\/\/retoelajorge.es\/","name":"Mis retos por la ELA","description":"Blog de un afectado de ELA","publisher":{"@id":"https:\/\/retoelajorge.es\/#organization"},"potentialAction":[{"@type":"SearchAction","target":{"@type":"EntryPoint","urlTemplate":"https:\/\/retoelajorge.es\/?s={search_term_string}"},"query-input":{"@type":"PropertyValueSpecification","valueRequired":true,"valueName":"search_term_string"}}],"inLanguage":"es"},{"@type":"Organization","@id":"https:\/\/retoelajorge.es\/#organization","name":"Mis retos por la ELA","url":"https:\/\/retoelajorge.es\/","logo":{"@type":"ImageObject","inLanguage":"es","@id":"https:\/\/retoelajorge.es\/#\/schema\/logo\/image\/","url":"https:\/\/retoelajorge.es\/wp-content\/uploads\/2020\/02\/Jorge-scaled-e1583395872979.jpg","contentUrl":"https:\/\/retoelajorge.es\/wp-content\/uploads\/2020\/02\/Jorge-scaled-e1583395872979.jpg","width":1900,"height":1045,"caption":"Mis retos por la ELA"},"image":{"@id":"https:\/\/retoelajorge.es\/#\/schema\/logo\/image\/"}},{"@type":"Person","@id":"https:\/\/retoelajorge.es\/#\/schema\/person\/0e209413f2de4fe381eda14e12288b7d","name":"retoelajorge","image":{"@type":"ImageObject","inLanguage":"es","@id":"https:\/\/retoelajorge.es\/#\/schema\/person\/image\/","url":"https:\/\/secure.gravatar.com\/avatar\/bdd30a868985f69f97d362fc89c201f7860ec568aa2b42cb67e1ab7857b91971?s=96&d=mm&r=g","contentUrl":"https:\/\/secure.gravatar.com\/avatar\/bdd30a868985f69f97d362fc89c201f7860ec568aa2b42cb67e1ab7857b91971?s=96&d=mm&r=g","caption":"retoelajorge"},"url":"https:\/\/retoelajorge.es\/index.php\/author\/admin\/"}]}},"_links":{"self":[{"href":"https:\/\/retoelajorge.es\/index.php\/wp-json\/wp\/v2\/posts\/1472","targetHints":{"allow":["GET"]}}],"collection":[{"href":"https:\/\/retoelajorge.es\/index.php\/wp-json\/wp\/v2\/posts"}],"about":[{"href":"https:\/\/retoelajorge.es\/index.php\/wp-json\/wp\/v2\/types\/post"}],"author":[{"embeddable":true,"href":"https:\/\/retoelajorge.es\/index.php\/wp-json\/wp\/v2\/users\/1"}],"replies":[{"embeddable":true,"href":"https:\/\/retoelajorge.es\/index.php\/wp-json\/wp\/v2\/comments?post=1472"}],"version-history":[{"count":13,"href":"https:\/\/retoelajorge.es\/index.php\/wp-json\/wp\/v2\/posts\/1472\/revisions"}],"predecessor-version":[{"id":1517,"href":"https:\/\/retoelajorge.es\/index.php\/wp-json\/wp\/v2\/posts\/1472\/revisions\/1517"}],"wp:featuredmedia":[{"embeddable":true,"href":"https:\/\/retoelajorge.es\/index.php\/wp-json\/wp\/v2\/media\/1473"}],"wp:attachment":[{"href":"https:\/\/retoelajorge.es\/index.php\/wp-json\/wp\/v2\/media?parent=1472"}],"wp:term":[{"taxonomy":"category","embeddable":true,"href":"https:\/\/retoelajorge.es\/index.php\/wp-json\/wp\/v2\/categories?post=1472"},{"taxonomy":"post_tag","embeddable":true,"href":"https:\/\/retoelajorge.es\/index.php\/wp-json\/wp\/v2\/tags?post=1472"}],"curies":[{"name":"wp","href":"https:\/\/api.w.org\/{rel}","templated":true}]}}