{"id":1620,"date":"2022-08-17T12:43:06","date_gmt":"2022-08-17T12:43:06","guid":{"rendered":"https:\/\/retoelajorge.es\/?p=1620"},"modified":"2022-11-29T09:45:11","modified_gmt":"2022-11-29T09:45:11","slug":"cima-7-torre-blanca","status":"publish","type":"post","link":"https:\/\/retoelajorge.es\/index.php\/2022\/08\/17\/cima-7-torre-blanca\/","title":{"rendered":"Cima 7: Torre Blanca"},"content":{"rendered":"\n<h2 class=\"wp-block-heading has-text-color\" style=\"color:#30624e\">Hooolaa chicosss, que tal!!<\/h2>\n\n\n\n<figure class=\"wp-block-audio\"><audio controls src=\"https:\/\/retoelajorge.es\/wp-content\/uploads\/2021\/09\/Hola.mp3\"><\/audio><\/figure>\n\n\n\n<h2 class=\"wp-block-heading\">Picos de Europa<\/h2>\n\n\n\n<p>A los pocos d\u00edas de alcanzar nuestra sexta cima, ten\u00edamos previsto atacar la s\u00e9ptima, la Torre Blanca, m\u00e1xima altitud de Cantabria en pleno Picos de Europa. Entonces, el grupo familiar se hab\u00eda reducido a seis personas, mi hermana Rosa con su marido Pedro, nuestros amigos Eugenia y Fernando y mi se\u00f1ora, Chelo, y yo. Por supuesto, Rosa segu\u00eda con la rodilla maltrecha y, muy a pesar suyo, solo nos acompa\u00f1\u00f3 en la subida en telef\u00e9rico desde Fuente D\u00e9.<\/p>\n\n\n\n<figure class=\"wp-block-image size-large\"><img loading=\"lazy\" decoding=\"async\" width=\"1024\" height=\"461\" src=\"https:\/\/retoelajorge.es\/wp-content\/uploads\/2022\/08\/WhatsApp-Image-2022-08-07-at-8.47.55-AM-2-1024x461.jpeg\" alt=\"\" class=\"wp-image-1623\" srcset=\"https:\/\/retoelajorge.es\/wp-content\/uploads\/2022\/08\/WhatsApp-Image-2022-08-07-at-8.47.55-AM-2-1024x461.jpeg 1024w, https:\/\/retoelajorge.es\/wp-content\/uploads\/2022\/08\/WhatsApp-Image-2022-08-07-at-8.47.55-AM-2-300x135.jpeg 300w, https:\/\/retoelajorge.es\/wp-content\/uploads\/2022\/08\/WhatsApp-Image-2022-08-07-at-8.47.55-AM-2-768x346.jpeg 768w, https:\/\/retoelajorge.es\/wp-content\/uploads\/2022\/08\/WhatsApp-Image-2022-08-07-at-8.47.55-AM-2.jpeg 1440w\" sizes=\"auto, (max-width: 1024px) 100vw, 1024px\" \/><figcaption>Parte superior del telef\u00e9rico de Fuente D\u00e9<\/figcaption><\/figure>\n\n\n\n<p>Nuestra intenci\u00f3n era acometer en un primer d\u00eda la subida a Torre Blanca, regresar al refugio de Urriello donde ten\u00edamos reservado el alojamiento y, al d\u00eda siguiente, intentar subir a Torre Cerredo (ser\u00eda la octava cima por ser la cota m\u00e1s alta compartida por Asturias y Castilla y Le\u00f3n), volver a dormir al refugio y a la ma\u00f1ana siguiente marchar de vuelta hacia Fuente D\u00e9. Como digo, era lo previsto pero al ir avanzando por esta sierra encrespada ve\u00edamos estas previsiones muy dif\u00edciles de alcanzar.<\/p>\n\n\n\n<div class=\"wp-block-media-text alignwide has-media-on-the-right is-stacked-on-mobile is-image-fill\"><figure class=\"wp-block-media-text__media\" style=\"background-image:url(https:\/\/retoelajorge.es\/wp-content\/uploads\/2022\/08\/IMG_20220807_081609-1024x768.jpg);background-position:50% 50%\"><img loading=\"lazy\" decoding=\"async\" width=\"1024\" height=\"768\" src=\"https:\/\/retoelajorge.es\/wp-content\/uploads\/2022\/08\/IMG_20220807_081609-1024x768.jpg\" alt=\"\" class=\"wp-image-1624 size-full\" srcset=\"https:\/\/retoelajorge.es\/wp-content\/uploads\/2022\/08\/IMG_20220807_081609-1024x768.jpg 1024w, https:\/\/retoelajorge.es\/wp-content\/uploads\/2022\/08\/IMG_20220807_081609-300x225.jpg 300w, https:\/\/retoelajorge.es\/wp-content\/uploads\/2022\/08\/IMG_20220807_081609-768x576.jpg 768w, https:\/\/retoelajorge.es\/wp-content\/uploads\/2022\/08\/IMG_20220807_081609-1536x1152.jpg 1536w, https:\/\/retoelajorge.es\/wp-content\/uploads\/2022\/08\/IMG_20220807_081609-2048x1536.jpg 2048w\" sizes=\"auto, (max-width: 1024px) 100vw, 1024px\" \/><\/figure><div class=\"wp-block-media-text__content\">\n<p>Chelo inici\u00f3 la marcha pero ven\u00eda muy agobiada porque ya intu\u00eda desde antes de llegar aqu\u00ed que le iba a costar much\u00edsimo y, al cabo de un par de kil\u00f3metros, viendo lo que lo que hab\u00eda, se nos vino abajo y tuvo que renunciar a seguir con nosotros. La animamos para que se fuera tranquila aunque nos quedamos un poco en incertidumbre pues no hab\u00eda cobertura m\u00f3vil y no sabr\u00edamos cuando nos enterar\u00edamos si habr\u00eda podido contactar con Rosa y Pedro para que volvieran por ella a Fuente D\u00e9 (Tuvimos la confirmaci\u00f3n de ello unas cuantas horas despu\u00e9s).<\/p>\n<\/div><\/div>\n\n\n\n<h3 class=\"wp-block-heading\">D\u00eda 1<\/h3>\n\n\n\n<p>Tras quedarnos los tres solos, animamos un poco la marcha porque preve\u00edamos larga la jornada. No en vano cogimos el primer funicular que sub\u00eda desde Fuente D\u00e9 a las 8 de la ma\u00f1ana. As\u00ed que, en algo menos de dos horas est\u00e1bamos en <a href=\"https:\/\/reservarefugios.com\/es\/refugios\/cabana-veronica\" target=\"_blank\" rel=\"noreferrer noopener\">Caba\u00f1a Ver\u00f3nica<\/a>, un refugio vivac de tan s\u00f3lo 9m<sup>2<\/sup>. <\/p>\n\n\n\n<figure class=\"wp-block-gallery columns-2 is-cropped wp-block-gallery-1 is-layout-flex wp-block-gallery-is-layout-flex\"><ul class=\"blocks-gallery-grid\"><li class=\"blocks-gallery-item\"><figure><img loading=\"lazy\" decoding=\"async\" width=\"1024\" height=\"576\" src=\"https:\/\/retoelajorge.es\/wp-content\/uploads\/2022\/08\/Inicio_1-1024x576.png\" alt=\"\" data-id=\"1627\" data-link=\"https:\/\/retoelajorge.es\/?attachment_id=1627\" class=\"wp-image-1627\" srcset=\"https:\/\/retoelajorge.es\/wp-content\/uploads\/2022\/08\/Inicio_1-1024x576.png 1024w, https:\/\/retoelajorge.es\/wp-content\/uploads\/2022\/08\/Inicio_1-300x169.png 300w, https:\/\/retoelajorge.es\/wp-content\/uploads\/2022\/08\/Inicio_1-768x432.png 768w, https:\/\/retoelajorge.es\/wp-content\/uploads\/2022\/08\/Inicio_1-1536x864.png 1536w, https:\/\/retoelajorge.es\/wp-content\/uploads\/2022\/08\/Inicio_1-800x450.png 800w, https:\/\/retoelajorge.es\/wp-content\/uploads\/2022\/08\/Inicio_1.png 1920w\" sizes=\"auto, (max-width: 1024px) 100vw, 1024px\" \/><\/figure><\/li><li class=\"blocks-gallery-item\"><figure><img loading=\"lazy\" decoding=\"async\" width=\"1024\" height=\"576\" src=\"https:\/\/retoelajorge.es\/wp-content\/uploads\/2022\/08\/Inicio_2-1024x576.png\" alt=\"\" data-id=\"1628\" data-link=\"https:\/\/retoelajorge.es\/?attachment_id=1628\" class=\"wp-image-1628\" srcset=\"https:\/\/retoelajorge.es\/wp-content\/uploads\/2022\/08\/Inicio_2-1024x576.png 1024w, https:\/\/retoelajorge.es\/wp-content\/uploads\/2022\/08\/Inicio_2-300x169.png 300w, https:\/\/retoelajorge.es\/wp-content\/uploads\/2022\/08\/Inicio_2-768x432.png 768w, https:\/\/retoelajorge.es\/wp-content\/uploads\/2022\/08\/Inicio_2-1536x864.png 1536w, https:\/\/retoelajorge.es\/wp-content\/uploads\/2022\/08\/Inicio_2-800x450.png 800w, https:\/\/retoelajorge.es\/wp-content\/uploads\/2022\/08\/Inicio_2.png 1920w\" sizes=\"auto, (max-width: 1024px) 100vw, 1024px\" \/><\/figure><\/li><li class=\"blocks-gallery-item\"><figure><img loading=\"lazy\" decoding=\"async\" width=\"1024\" height=\"768\" src=\"https:\/\/retoelajorge.es\/wp-content\/uploads\/2022\/08\/IMG_20220807_101225-1-1024x768.jpg\" alt=\"\" data-id=\"1629\" data-full-url=\"https:\/\/retoelajorge.es\/wp-content\/uploads\/2022\/08\/IMG_20220807_101225-1-scaled.jpg\" data-link=\"https:\/\/retoelajorge.es\/?attachment_id=1629\" class=\"wp-image-1629\" srcset=\"https:\/\/retoelajorge.es\/wp-content\/uploads\/2022\/08\/IMG_20220807_101225-1-1024x768.jpg 1024w, https:\/\/retoelajorge.es\/wp-content\/uploads\/2022\/08\/IMG_20220807_101225-1-300x225.jpg 300w, https:\/\/retoelajorge.es\/wp-content\/uploads\/2022\/08\/IMG_20220807_101225-1-768x576.jpg 768w, https:\/\/retoelajorge.es\/wp-content\/uploads\/2022\/08\/IMG_20220807_101225-1-1536x1152.jpg 1536w, https:\/\/retoelajorge.es\/wp-content\/uploads\/2022\/08\/IMG_20220807_101225-1-2048x1536.jpg 2048w\" sizes=\"auto, (max-width: 1024px) 100vw, 1024px\" \/><\/figure><\/li><\/ul><\/figure>\n\n\n\n<p>Preguntamos al guarda que all\u00ed hab\u00eda sobre la subida a Torre Blanca y nos confirm\u00f3 la dureza de la misma. Por lo pronto, el camino solo estaba indicado por algunos hitos de vez en cuando y casi toda la marcha sobre piedra caliza muy cortante. Iniciamos la subida tras un peque\u00f1o descanso y, al principio, parec\u00eda que logr\u00e1bamos encontrar la ruta adecuada hasta que en alg\u00fan momento nos salimos de ella y nos metimos en un verdadero berenjenal; s\u00f3lo ve\u00edamos nuestro pico all\u00ed arriba y en medio, trepaderos de rocas cortantes separados unos de otros por inmensos agujeros. Seguimos ascendiendo cada vez con mayor dificultad hasta quedar exhaustos.  <\/p>\n\n\n\n<figure class=\"wp-block-gallery columns-1 is-cropped wp-block-gallery-2 is-layout-flex wp-block-gallery-is-layout-flex\"><ul class=\"blocks-gallery-grid\"><li class=\"blocks-gallery-item\"><figure><img loading=\"lazy\" decoding=\"async\" width=\"1024\" height=\"576\" src=\"https:\/\/retoelajorge.es\/wp-content\/uploads\/2022\/08\/Torre_1-1024x576.png\" alt=\"\" data-id=\"1631\" data-full-url=\"https:\/\/retoelajorge.es\/wp-content\/uploads\/2022\/08\/Torre_1.png\" data-link=\"https:\/\/retoelajorge.es\/?attachment_id=1631\" class=\"wp-image-1631\" srcset=\"https:\/\/retoelajorge.es\/wp-content\/uploads\/2022\/08\/Torre_1-1024x576.png 1024w, https:\/\/retoelajorge.es\/wp-content\/uploads\/2022\/08\/Torre_1-300x169.png 300w, https:\/\/retoelajorge.es\/wp-content\/uploads\/2022\/08\/Torre_1-768x432.png 768w, https:\/\/retoelajorge.es\/wp-content\/uploads\/2022\/08\/Torre_1-1536x864.png 1536w, https:\/\/retoelajorge.es\/wp-content\/uploads\/2022\/08\/Torre_1-800x450.png 800w, https:\/\/retoelajorge.es\/wp-content\/uploads\/2022\/08\/Torre_1.png 1920w\" sizes=\"auto, (max-width: 1024px) 100vw, 1024px\" \/><\/figure><\/li><li class=\"blocks-gallery-item\"><figure><img loading=\"lazy\" decoding=\"async\" width=\"1024\" height=\"576\" src=\"https:\/\/retoelajorge.es\/wp-content\/uploads\/2022\/08\/Torre_2-1024x576.jpg\" alt=\"\" data-id=\"1632\" data-full-url=\"https:\/\/retoelajorge.es\/wp-content\/uploads\/2022\/08\/Torre_2.jpg\" data-link=\"https:\/\/retoelajorge.es\/?attachment_id=1632\" class=\"wp-image-1632\" srcset=\"https:\/\/retoelajorge.es\/wp-content\/uploads\/2022\/08\/Torre_2-1024x576.jpg 1024w, https:\/\/retoelajorge.es\/wp-content\/uploads\/2022\/08\/Torre_2-300x169.jpg 300w, https:\/\/retoelajorge.es\/wp-content\/uploads\/2022\/08\/Torre_2-768x432.jpg 768w, https:\/\/retoelajorge.es\/wp-content\/uploads\/2022\/08\/Torre_2-1536x864.jpg 1536w, https:\/\/retoelajorge.es\/wp-content\/uploads\/2022\/08\/Torre_2-800x450.jpg 800w, https:\/\/retoelajorge.es\/wp-content\/uploads\/2022\/08\/Torre_2.jpg 1920w\" sizes=\"auto, (max-width: 1024px) 100vw, 1024px\" \/><\/figure><\/li><\/ul><\/figure>\n\n\n\n<h4 class=\"wp-block-heading\">La decisi\u00f3n<\/h4>\n\n\n\n<p>Cada diez pasos hab\u00eda que parar. La Torre Blanca se ve\u00eda inalcanzable desde donde nos encontr\u00e1bamos. Al final, muy a pesar m\u00edo, tuvimos que desistir, todav\u00eda ten\u00edamos que regresar a Caba\u00f1a Ver\u00f3nica y desde ah\u00ed hasta el refugio de Urriellu ser\u00edan otras dos o tres horas. <br>La l\u00ednea roja de la imagen muestra aproximadamente la ruta que tomamos hasta el punto en el que nos dimos la vuelta. No os pod\u00e9is imaginar el golpe an\u00edmico que supuso esta decisi\u00f3n para m\u00ed. Hasta el punto de determinar nuestros objetivos siguientes.<\/p>\n\n\n\n<h4 class=\"wp-block-heading\">Hacia el Urriellu<\/h4>\n\n\n\n<p>De nuevo ten\u00edamos que volver a Caba\u00f1a Ver\u00f3nica para coger la ruta que lleva hasta el refugio de Urriellu. Sobre cuatro horas nos cost\u00f3 el intento de subir a Torre Blanca y volver a Ver\u00f3nica. Nos restaba terminar de ascender hasta el collado de Horcados Rojos, espl\u00e9ndido mirador objetivo de muchas de las personas que ascienden desde Fuente D\u00e9 en el telef\u00e9rico pero no alcanzable para todas ya que son tres horas con fuertes desniveles. Las que llegan a este collado son gratificadas por las incre\u00edbles vistas que se observan desde ah\u00ed, incluyendo al majestuoso Urriellu tambi\u00e9n conocido como Naranjo de Bulnes.<br>Desde el collado nos esperaba una espectacular bajada, toda equipada con cadenas para asegurarse. El problema fue que delante de nosotros hab\u00eda un grupo j\u00f3venes scouts que bajaban muy despacio. Yo pude adelantarlos r\u00e1pidamente con cuidado pero Eugenia y Fernando fueron mas cautelosos y tardaron algo m\u00e1s. Todav\u00eda nos restar\u00eda alguna bajadita empinada y alguna trepada hasta llegar a nuestro refugio. Ser\u00edan cerca de las seis de la tarde cuando dimos por concluida esta primera jornada.<\/p>\n\n\n\n<figure class=\"wp-block-gallery columns-2 is-cropped wp-block-gallery-3 is-layout-flex wp-block-gallery-is-layout-flex\"><ul class=\"blocks-gallery-grid\"><li class=\"blocks-gallery-item\"><figure><img loading=\"lazy\" decoding=\"async\" width=\"1024\" height=\"768\" src=\"https:\/\/retoelajorge.es\/wp-content\/uploads\/2022\/08\/IMG_20220807_150234-1024x768.jpg\" alt=\"\" data-id=\"1636\" data-link=\"https:\/\/retoelajorge.es\/?attachment_id=1636\" class=\"wp-image-1636\" srcset=\"https:\/\/retoelajorge.es\/wp-content\/uploads\/2022\/08\/IMG_20220807_150234-1024x768.jpg 1024w, https:\/\/retoelajorge.es\/wp-content\/uploads\/2022\/08\/IMG_20220807_150234-300x225.jpg 300w, https:\/\/retoelajorge.es\/wp-content\/uploads\/2022\/08\/IMG_20220807_150234-768x576.jpg 768w, https:\/\/retoelajorge.es\/wp-content\/uploads\/2022\/08\/IMG_20220807_150234-1536x1152.jpg 1536w, https:\/\/retoelajorge.es\/wp-content\/uploads\/2022\/08\/IMG_20220807_150234-2048x1536.jpg 2048w\" sizes=\"auto, (max-width: 1024px) 100vw, 1024px\" \/><\/figure><\/li><li class=\"blocks-gallery-item\"><figure><img loading=\"lazy\" decoding=\"async\" width=\"1024\" height=\"768\" src=\"https:\/\/retoelajorge.es\/wp-content\/uploads\/2022\/08\/IMG_20220807_152229-1024x768.jpg\" alt=\"\" data-id=\"1637\" data-link=\"https:\/\/retoelajorge.es\/?attachment_id=1637\" class=\"wp-image-1637\" srcset=\"https:\/\/retoelajorge.es\/wp-content\/uploads\/2022\/08\/IMG_20220807_152229-1024x768.jpg 1024w, https:\/\/retoelajorge.es\/wp-content\/uploads\/2022\/08\/IMG_20220807_152229-300x225.jpg 300w, https:\/\/retoelajorge.es\/wp-content\/uploads\/2022\/08\/IMG_20220807_152229-768x576.jpg 768w, https:\/\/retoelajorge.es\/wp-content\/uploads\/2022\/08\/IMG_20220807_152229-1536x1152.jpg 1536w, https:\/\/retoelajorge.es\/wp-content\/uploads\/2022\/08\/IMG_20220807_152229-2048x1536.jpg 2048w\" sizes=\"auto, (max-width: 1024px) 100vw, 1024px\" \/><\/figure><\/li><li class=\"blocks-gallery-item\"><figure><img loading=\"lazy\" decoding=\"async\" width=\"1024\" height=\"768\" src=\"https:\/\/retoelajorge.es\/wp-content\/uploads\/2022\/08\/IMG_20220807_152554-1024x768.jpg\" alt=\"\" data-id=\"1638\" data-link=\"https:\/\/retoelajorge.es\/?attachment_id=1638\" class=\"wp-image-1638\" srcset=\"https:\/\/retoelajorge.es\/wp-content\/uploads\/2022\/08\/IMG_20220807_152554-1024x768.jpg 1024w, https:\/\/retoelajorge.es\/wp-content\/uploads\/2022\/08\/IMG_20220807_152554-300x225.jpg 300w, https:\/\/retoelajorge.es\/wp-content\/uploads\/2022\/08\/IMG_20220807_152554-768x576.jpg 768w, https:\/\/retoelajorge.es\/wp-content\/uploads\/2022\/08\/IMG_20220807_152554-1536x1152.jpg 1536w, https:\/\/retoelajorge.es\/wp-content\/uploads\/2022\/08\/IMG_20220807_152554-2048x1536.jpg 2048w\" sizes=\"auto, (max-width: 1024px) 100vw, 1024px\" \/><\/figure><\/li><li class=\"blocks-gallery-item\"><figure><img loading=\"lazy\" decoding=\"async\" width=\"1024\" height=\"768\" src=\"https:\/\/retoelajorge.es\/wp-content\/uploads\/2022\/08\/IMG_20220807_153931-1024x768.jpg\" alt=\"\" data-id=\"1639\" data-link=\"https:\/\/retoelajorge.es\/?attachment_id=1639\" class=\"wp-image-1639\" srcset=\"https:\/\/retoelajorge.es\/wp-content\/uploads\/2022\/08\/IMG_20220807_153931-1024x768.jpg 1024w, https:\/\/retoelajorge.es\/wp-content\/uploads\/2022\/08\/IMG_20220807_153931-300x225.jpg 300w, https:\/\/retoelajorge.es\/wp-content\/uploads\/2022\/08\/IMG_20220807_153931-768x576.jpg 768w, https:\/\/retoelajorge.es\/wp-content\/uploads\/2022\/08\/IMG_20220807_153931-1536x1152.jpg 1536w, https:\/\/retoelajorge.es\/wp-content\/uploads\/2022\/08\/IMG_20220807_153931-2048x1536.jpg 2048w\" sizes=\"auto, (max-width: 1024px) 100vw, 1024px\" \/><\/figure><\/li><li class=\"blocks-gallery-item\"><figure><img loading=\"lazy\" decoding=\"async\" width=\"1024\" height=\"576\" src=\"https:\/\/retoelajorge.es\/wp-content\/uploads\/2022\/08\/Urriellu_1-1024x576.png\" alt=\"\" data-id=\"1641\" data-link=\"https:\/\/retoelajorge.es\/?attachment_id=1641\" class=\"wp-image-1641\" srcset=\"https:\/\/retoelajorge.es\/wp-content\/uploads\/2022\/08\/Urriellu_1-1024x576.png 1024w, https:\/\/retoelajorge.es\/wp-content\/uploads\/2022\/08\/Urriellu_1-300x169.png 300w, https:\/\/retoelajorge.es\/wp-content\/uploads\/2022\/08\/Urriellu_1-768x432.png 768w, https:\/\/retoelajorge.es\/wp-content\/uploads\/2022\/08\/Urriellu_1-1536x864.png 1536w, https:\/\/retoelajorge.es\/wp-content\/uploads\/2022\/08\/Urriellu_1-800x450.png 800w, https:\/\/retoelajorge.es\/wp-content\/uploads\/2022\/08\/Urriellu_1.png 1920w\" sizes=\"auto, (max-width: 1024px) 100vw, 1024px\" \/><\/figure><\/li><li class=\"blocks-gallery-item\"><figure><img loading=\"lazy\" decoding=\"async\" width=\"1024\" height=\"768\" src=\"https:\/\/retoelajorge.es\/wp-content\/uploads\/2022\/08\/IMG_20220807_172106-1024x768.jpg\" alt=\"\" data-id=\"1640\" data-link=\"https:\/\/retoelajorge.es\/?attachment_id=1640\" class=\"wp-image-1640\" srcset=\"https:\/\/retoelajorge.es\/wp-content\/uploads\/2022\/08\/IMG_20220807_172106-1024x768.jpg 1024w, https:\/\/retoelajorge.es\/wp-content\/uploads\/2022\/08\/IMG_20220807_172106-300x225.jpg 300w, https:\/\/retoelajorge.es\/wp-content\/uploads\/2022\/08\/IMG_20220807_172106-768x576.jpg 768w, https:\/\/retoelajorge.es\/wp-content\/uploads\/2022\/08\/IMG_20220807_172106-1536x1152.jpg 1536w, https:\/\/retoelajorge.es\/wp-content\/uploads\/2022\/08\/IMG_20220807_172106-2048x1536.jpg 2048w\" sizes=\"auto, (max-width: 1024px) 100vw, 1024px\" \/><\/figure><\/li><li class=\"blocks-gallery-item\"><figure><img loading=\"lazy\" decoding=\"async\" width=\"768\" height=\"1024\" src=\"https:\/\/retoelajorge.es\/wp-content\/uploads\/2022\/08\/IMG_20220808_090250-1-768x1024.jpg\" alt=\"\" data-id=\"1642\" data-full-url=\"https:\/\/retoelajorge.es\/wp-content\/uploads\/2022\/08\/IMG_20220808_090250-1-scaled.jpg\" data-link=\"https:\/\/retoelajorge.es\/?attachment_id=1642\" class=\"wp-image-1642\" srcset=\"https:\/\/retoelajorge.es\/wp-content\/uploads\/2022\/08\/IMG_20220808_090250-1-768x1024.jpg 768w, https:\/\/retoelajorge.es\/wp-content\/uploads\/2022\/08\/IMG_20220808_090250-1-225x300.jpg 225w, https:\/\/retoelajorge.es\/wp-content\/uploads\/2022\/08\/IMG_20220808_090250-1-1152x1536.jpg 1152w, https:\/\/retoelajorge.es\/wp-content\/uploads\/2022\/08\/IMG_20220808_090250-1-1536x2048.jpg 1536w, https:\/\/retoelajorge.es\/wp-content\/uploads\/2022\/08\/IMG_20220808_090250-1-scaled.jpg 1920w\" sizes=\"auto, (max-width: 768px) 100vw, 768px\" \/><\/figure><\/li><\/ul><\/figure>\n\n\n\n<h3 class=\"wp-block-heading\">D\u00eda 2<\/h3>\n\n\n\n<p>En nuestra primera noche en el refugio, solo Eugenia descans\u00f3 correctamente. En mi caso, no pude dormir mas que a trompicones, derrumbado por el fracaso del d\u00eda anterior y pensando en lo que se nos ven\u00eda encima al d\u00eda siguiente. A las 7 horas, est\u00e1bamos desayunando para acometer enseguida la subida a Torre Cerredo, este pico lo ten\u00eda yo se\u00f1alado en mi mente como el m\u00e1s dif\u00edcil de los 16 del reto. No solo por su acceso hasta la base del mismo si no tambi\u00e9n porque ten\u00eda algunos pasos complicados y expuestos en su parte final.<br>Todo ello, el des\u00e1nimo por no haber alcanzado la cima el d\u00eda anterior, no haber descansado, la dificultad que entra\u00f1aba esta nueva ascensi\u00f3n y, sobre todo, el embarcar a mis dos amigos en una nueva y dur\u00edsima jornada sin tener  ninguna certeza de alcanzar el objetivo, hizo que pensara que ser\u00eda mejor no intentar la subida prevista. As\u00ed se lo comuniqu\u00e9 y estuvimos de acuerdo en esa misma ma\u00f1ana regresar para encontrarnos con el resto de familia.<\/p>\n\n\n\n<h4 class=\"wp-block-heading\">Homenaje a Jorge<\/h4>\n\n\n\n<p>No pod\u00eda dejar de recordar a Jorge aunque no fuera en el sitio previsto, pero que mejor ubicaci\u00f3n para rememorarlo y gritar \u00abPor Un Mundo Sin ELA\u00bb que a los pies del Picu Urriellu como se conoce en estos lares al Naranjo de Bulnes.<\/p>\n\n\n\n<figure class=\"wp-block-video\"><video height=\"1080\" style=\"aspect-ratio: 1920 \/ 1080;\" width=\"1920\" controls src=\"https:\/\/retoelajorge.es\/wp-content\/uploads\/2022\/08\/Naranjo.mp4\"><\/video><\/figure>\n\n\n\n<h4 class=\"wp-block-heading\">El regreso<\/h4>\n\n\n\n<p>Ahora tocaba regresar hasta Fuente D\u00e9. Cuatro horitas que nos llev\u00f3 donde lo m\u00e1s complicado fue la subida al collado de Horcados Rojos y las pendientes bajadas para Eugenia. Sobre las 14 horas est\u00e1bamos tomando un bocado ya en Fuente D\u00e9, junto a nuestro veh\u00edculo que usar\u00edamos para reencontrarnos, un par de horas mas tarde, con nuestra familia en Santillana del Mar.<\/p>\n\n\n\n<figure class=\"wp-block-gallery columns-2 is-cropped wp-block-gallery-4 is-layout-flex wp-block-gallery-is-layout-flex\"><ul class=\"blocks-gallery-grid\"><li class=\"blocks-gallery-item\"><figure><img loading=\"lazy\" decoding=\"async\" width=\"768\" height=\"1024\" src=\"https:\/\/retoelajorge.es\/wp-content\/uploads\/2022\/08\/IMG_20220808_100315-768x1024.jpg\" alt=\"\" data-id=\"1644\" data-link=\"https:\/\/retoelajorge.es\/?attachment_id=1644\" class=\"wp-image-1644\" srcset=\"https:\/\/retoelajorge.es\/wp-content\/uploads\/2022\/08\/IMG_20220808_100315-768x1024.jpg 768w, https:\/\/retoelajorge.es\/wp-content\/uploads\/2022\/08\/IMG_20220808_100315-225x300.jpg 225w, https:\/\/retoelajorge.es\/wp-content\/uploads\/2022\/08\/IMG_20220808_100315-1152x1536.jpg 1152w, https:\/\/retoelajorge.es\/wp-content\/uploads\/2022\/08\/IMG_20220808_100315-1536x2048.jpg 1536w, https:\/\/retoelajorge.es\/wp-content\/uploads\/2022\/08\/IMG_20220808_100315-scaled.jpg 1920w\" sizes=\"auto, (max-width: 768px) 100vw, 768px\" \/><\/figure><\/li><li class=\"blocks-gallery-item\"><figure><img loading=\"lazy\" decoding=\"async\" width=\"1024\" height=\"768\" src=\"https:\/\/retoelajorge.es\/wp-content\/uploads\/2022\/08\/IMG_20220808_103101-1024x768.jpg\" alt=\"\" data-id=\"1645\" data-link=\"https:\/\/retoelajorge.es\/?attachment_id=1645\" class=\"wp-image-1645\" srcset=\"https:\/\/retoelajorge.es\/wp-content\/uploads\/2022\/08\/IMG_20220808_103101-1024x768.jpg 1024w, https:\/\/retoelajorge.es\/wp-content\/uploads\/2022\/08\/IMG_20220808_103101-300x225.jpg 300w, https:\/\/retoelajorge.es\/wp-content\/uploads\/2022\/08\/IMG_20220808_103101-768x576.jpg 768w, https:\/\/retoelajorge.es\/wp-content\/uploads\/2022\/08\/IMG_20220808_103101-1536x1152.jpg 1536w, https:\/\/retoelajorge.es\/wp-content\/uploads\/2022\/08\/IMG_20220808_103101-2048x1536.jpg 2048w\" sizes=\"auto, (max-width: 1024px) 100vw, 1024px\" \/><\/figure><\/li><li class=\"blocks-gallery-item\"><figure><img loading=\"lazy\" decoding=\"async\" width=\"1024\" height=\"576\" src=\"https:\/\/retoelajorge.es\/wp-content\/uploads\/2022\/08\/Bajada_1-1024x576.png\" alt=\"\" data-id=\"1649\" data-link=\"https:\/\/retoelajorge.es\/?attachment_id=1649\" class=\"wp-image-1649\" srcset=\"https:\/\/retoelajorge.es\/wp-content\/uploads\/2022\/08\/Bajada_1-1024x576.png 1024w, https:\/\/retoelajorge.es\/wp-content\/uploads\/2022\/08\/Bajada_1-300x169.png 300w, https:\/\/retoelajorge.es\/wp-content\/uploads\/2022\/08\/Bajada_1-768x432.png 768w, https:\/\/retoelajorge.es\/wp-content\/uploads\/2022\/08\/Bajada_1-1536x864.png 1536w, https:\/\/retoelajorge.es\/wp-content\/uploads\/2022\/08\/Bajada_1-800x450.png 800w, https:\/\/retoelajorge.es\/wp-content\/uploads\/2022\/08\/Bajada_1.png 1920w\" sizes=\"auto, (max-width: 1024px) 100vw, 1024px\" \/><\/figure><\/li><li class=\"blocks-gallery-item\"><figure><img loading=\"lazy\" decoding=\"async\" width=\"1024\" height=\"768\" src=\"https:\/\/retoelajorge.es\/wp-content\/uploads\/2022\/08\/IMG_20220808_111136-1024x768.jpg\" alt=\"\" data-id=\"1646\" data-link=\"https:\/\/retoelajorge.es\/?attachment_id=1646\" class=\"wp-image-1646\" srcset=\"https:\/\/retoelajorge.es\/wp-content\/uploads\/2022\/08\/IMG_20220808_111136-1024x768.jpg 1024w, https:\/\/retoelajorge.es\/wp-content\/uploads\/2022\/08\/IMG_20220808_111136-300x225.jpg 300w, https:\/\/retoelajorge.es\/wp-content\/uploads\/2022\/08\/IMG_20220808_111136-768x576.jpg 768w, https:\/\/retoelajorge.es\/wp-content\/uploads\/2022\/08\/IMG_20220808_111136-1536x1152.jpg 1536w, https:\/\/retoelajorge.es\/wp-content\/uploads\/2022\/08\/IMG_20220808_111136-2048x1536.jpg 2048w\" sizes=\"auto, (max-width: 1024px) 100vw, 1024px\" \/><\/figure><\/li><li class=\"blocks-gallery-item\"><figure><img loading=\"lazy\" decoding=\"async\" width=\"1024\" height=\"768\" src=\"https:\/\/retoelajorge.es\/wp-content\/uploads\/2022\/08\/IMG_20220808_112728-1024x768.jpg\" alt=\"\" data-id=\"1652\" data-full-url=\"https:\/\/retoelajorge.es\/wp-content\/uploads\/2022\/08\/IMG_20220808_112728-scaled.jpg\" data-link=\"https:\/\/retoelajorge.es\/?attachment_id=1652\" class=\"wp-image-1652\" srcset=\"https:\/\/retoelajorge.es\/wp-content\/uploads\/2022\/08\/IMG_20220808_112728-1024x768.jpg 1024w, https:\/\/retoelajorge.es\/wp-content\/uploads\/2022\/08\/IMG_20220808_112728-300x225.jpg 300w, https:\/\/retoelajorge.es\/wp-content\/uploads\/2022\/08\/IMG_20220808_112728-768x576.jpg 768w, https:\/\/retoelajorge.es\/wp-content\/uploads\/2022\/08\/IMG_20220808_112728-1536x1152.jpg 1536w, https:\/\/retoelajorge.es\/wp-content\/uploads\/2022\/08\/IMG_20220808_112728-2048x1536.jpg 2048w\" sizes=\"auto, (max-width: 1024px) 100vw, 1024px\" \/><\/figure><\/li><li class=\"blocks-gallery-item\"><figure><img loading=\"lazy\" decoding=\"async\" width=\"1024\" height=\"576\" src=\"https:\/\/retoelajorge.es\/wp-content\/uploads\/2022\/08\/Bajada_2-1024x576.png\" alt=\"\" data-id=\"1650\" data-link=\"https:\/\/retoelajorge.es\/?attachment_id=1650\" class=\"wp-image-1650\" srcset=\"https:\/\/retoelajorge.es\/wp-content\/uploads\/2022\/08\/Bajada_2-1024x576.png 1024w, https:\/\/retoelajorge.es\/wp-content\/uploads\/2022\/08\/Bajada_2-300x169.png 300w, https:\/\/retoelajorge.es\/wp-content\/uploads\/2022\/08\/Bajada_2-768x432.png 768w, https:\/\/retoelajorge.es\/wp-content\/uploads\/2022\/08\/Bajada_2-1536x864.png 1536w, https:\/\/retoelajorge.es\/wp-content\/uploads\/2022\/08\/Bajada_2-800x450.png 800w, https:\/\/retoelajorge.es\/wp-content\/uploads\/2022\/08\/Bajada_2.png 1920w\" sizes=\"auto, (max-width: 1024px) 100vw, 1024px\" \/><\/figure><\/li><li class=\"blocks-gallery-item\"><figure><img loading=\"lazy\" decoding=\"async\" width=\"768\" height=\"1024\" src=\"https:\/\/retoelajorge.es\/wp-content\/uploads\/2022\/08\/IMG_20220808_133737-768x1024.jpg\" alt=\"\" data-id=\"1648\" data-link=\"https:\/\/retoelajorge.es\/?attachment_id=1648\" class=\"wp-image-1648\" srcset=\"https:\/\/retoelajorge.es\/wp-content\/uploads\/2022\/08\/IMG_20220808_133737-768x1024.jpg 768w, https:\/\/retoelajorge.es\/wp-content\/uploads\/2022\/08\/IMG_20220808_133737-225x300.jpg 225w, https:\/\/retoelajorge.es\/wp-content\/uploads\/2022\/08\/IMG_20220808_133737-1152x1536.jpg 1152w, https:\/\/retoelajorge.es\/wp-content\/uploads\/2022\/08\/IMG_20220808_133737-1536x2048.jpg 1536w, https:\/\/retoelajorge.es\/wp-content\/uploads\/2022\/08\/IMG_20220808_133737-scaled.jpg 1920w\" sizes=\"auto, (max-width: 768px) 100vw, 768px\" \/><\/figure><\/li><\/ul><\/figure>\n\n\n\n<h2 class=\"wp-block-heading\">\u00bf16 cimas?<\/h2>\n\n\n\n<p>En este momento, no puedo dejar de mencionar mis reflexiones sobre este reto. El reto lo hice p\u00fablico mientras firmaba sendos convenios de colaboraci\u00f3n con los dos hospitales granadinos en nombre de nuestra Asociaci\u00f3n Granadina de Afectados de ELA. Me sali\u00f3 del coraz\u00f3n, sin pensarlo. Fue a muy pocas fechas de habernos dejado mi hermano Jorge. Como a \u00e9l le encantaba correr por monta\u00f1a y yo siempre he sido un enamorado de ellas, me pareci\u00f3 muy bonito el reto. Mi familia ha estado muy comprometida con este reto y ha sufrido y compartido conmigo estas primeras ascensiones. Pero despu\u00e9s de estos \u00faltimos d\u00edas comprendo que les he exigido demasiado y no pienso hacerles pasar mas por estas adversidades. Espero que me perdonen.<\/p>\n\n\n\n<p>\u00bfQuiere decir esto que se acab\u00f3 el reto \u00ab16 cimas\u00bb?&#8230; Ya veremos<\/p>\n\n\n\n<hr class=\"wp-block-separator has-text-color has-background has-black-background-color has-black-color is-style-wide\"\/>\n\n\n\n<h3 class=\"wp-block-heading\">Nuestras metas<\/h3>\n\n\n\n<figure class=\"wp-block-table is-style-stripes\"><table class=\"has-background\" style=\"background-color:#e9fbe5\"><thead><tr><th>Comunidad Aut\u00f3noma<\/th><th>M\u00e1xima altura<\/th><th>Observaciones<\/th><\/tr><\/thead><tbody><tr><td>Andaluc\u00eda<\/td><td>Mulhac\u00e9n (3.479m)<\/td><td>Por ser la cima de nuestra ciudad, intentaremos que sea un d\u00eda grande su subida<\/td><\/tr><tr><td>Arag\u00f3n<\/td><td>Aneto (3.404m)<\/td><td>\u00a1<a href=\"https:\/\/retoelajorge.es\/index.php\/2024\/08\/13\/reto-16-cimas-12-y-13\/\" target=\"_blank\" rel=\"noreferrer noopener\">Conseguido<\/a>! (01\/08\/2024)<\/td><\/tr><tr><td>Canarias<\/td><td>Teide (3.715m)<\/td><td><a href=\"https:\/\/retoelajorge.es\/index.php\/2022\/11\/29\/reto-16-cimas-teide\/\">\u00a1Conseguido!<\/a> (07\/11\/2022)<\/td><\/tr><tr><td>Cantabria<\/td><td>Torre Blanca (2.619m)<\/td><td><a href=\"https:\/\/retoelajorge.es\/index.php\/2025\/08\/01\/reto-16-cimas-14-y-15\/\" target=\"_blank\" rel=\"noreferrer noopener\">\u00a1Conseguido!<\/a> (11\/07\/2025)<\/td><\/tr><tr><td>Castilla y Le\u00f3n<\/td><td>Torrecerredo (2.648m)<\/td><td><a href=\"https:\/\/retoelajorge.es\/index.php\/2025\/08\/01\/reto-16-cimas-14-y-15\/\" target=\"_blank\" rel=\"noreferrer noopener\">\u00a1Conseguido!<\/a> (14\/07\/2025)<\/td><\/tr><tr><td>Castilla-La Mancha<\/td><td>Pico del Lobo (2.274m)<\/td><td>\u00a1<a href=\"https:\/\/retoelajorge.es\/index.php\/2023\/09\/10\/reto-16-cimas-8-y-9\/\" target=\"_blank\" rel=\"noreferrer noopener\">Conseguido<\/a>! (21\/08\/2023)<\/td><\/tr><tr><td>Catalu\u00f1a<\/td><td>Pica d&#8217;Estats (3.143m)<\/td><td>\u00a1<a href=\"https:\/\/retoelajorge.es\/index.php\/2024\/08\/13\/reto-16-cimas-12-y-13\/\" target=\"_blank\" rel=\"noreferrer noopener\">Conseguido<\/a>! (29\/07\/2024)<\/td><\/tr><tr><td>Comunidad de Madrid<\/td><td>Pe\u00f1alara (2.428m)<\/td><td>\u00a1<a href=\"https:\/\/retoelajorge.es\/index.php\/2022\/04\/21\/cima-4-penalara\/\">Conseguido<\/a>! (17\/04\/2022)<\/td><\/tr><tr><td>Comunidad Valenciana<\/td><td>Alto de las Barracas (1.838m)<\/td><td><strong>\u00a1<a href=\"https:\/\/retoelajorge.es\/index.php\/2021\/05\/25\/cima-2-alto-de-las-barracas\/\">Conseguido<\/a>!<\/strong> (22\/05\/2021)<\/td><\/tr><tr><td>Extremadura<\/td><td>Calvitero (2.399m)<\/td><td>\u00a1<a href=\"https:\/\/retoelajorge.es\/index.php\/2022\/08\/12\/cima-5-calvitero\/\">Conseguido<\/a>! (30\/07\/2022)<\/td><\/tr><tr><td>Galicia<\/td><td>Pe\u00f1a Trevinca (2.127m)<\/td><td>\u00a1<a href=\"https:\/\/retoelajorge.es\/index.php\/2022\/08\/14\/pena-trevinca-cima-6\/\">Conseguido<\/a>! (02\/08\/2022)<\/td><\/tr><tr><td>Islas Baleares<\/td><td>Puig Major (1.445m)<\/td><td><a href=\"https:\/\/retoelajorge.es\/index.php\/2021\/09\/12\/cima-3-puig-major-baleares\/\" target=\"_blank\" rel=\"noreferrer noopener\">\u00a1Conseguido!<\/a> (03\/09\/2021)<\/td><\/tr><tr><td>La Rioja<\/td><td>Monte San Lorenzo (2.271m)<\/td><td>\u00a1<a href=\"https:\/\/retoelajorge.es\/index.php\/2024\/06\/11\/reto-16-cimas-10-y-11\/\" target=\"_blank\" rel=\"noreferrer noopener\">Conseguido<\/a>! (04\/06\/2024)<\/td><\/tr><tr><td>Navarra<\/td><td>Mesa de los Tres Reyes (2.444m)<\/td><td>\u00a1<a href=\"https:\/\/retoelajorge.es\/index.php\/2023\/09\/10\/reto-16-cimas-8-y-9\/\" target=\"_blank\" rel=\"noreferrer noopener\">Conseguido<\/a>! (19\/08\/2023)<\/td><\/tr><tr><td>Pais Vasco<\/td><td>Aketegui (1.551m)<\/td><td>\u00a1<a href=\"https:\/\/retoelajorge.es\/index.php\/2024\/06\/11\/reto-16-cimas-10-y-11\/\" target=\"_blank\" rel=\"noreferrer noopener\">Conseguido<\/a>! (06\/06\/2024)<\/td><\/tr><tr><td>Principado de Asturias<\/td><td>Torrecerredo (2.648m)<\/td><td><a href=\"https:\/\/retoelajorge.es\/index.php\/2025\/08\/01\/reto-16-cimas-14-y-15\/\" target=\"_blank\" rel=\"noreferrer noopener\">\u00a1Conseguido!<\/a> (14\/07\/2025)<\/td><\/tr><tr><td>Regi\u00f3n de Murcia<\/td><td>Pico de los Obispos (2.014m)<\/td><td><strong>\u00a1<a href=\"https:\/\/retoelajorge.es\/index.php\/2020\/10\/14\/iniciamos-nuevo-reto\/\">Conseguido<\/a>!<\/strong> (14\/10\/2020)<\/td><\/tr><\/tbody><\/table><\/figure>\n","protected":false},"excerpt":{"rendered":"<p>Picos de Europa A los pocos d\u00edas de alcanzar nuestra sexta cima, ten\u00edamos previsto atacar la s\u00e9ptima, la Torre Blanca, m\u00e1xima altitud de Cantabria en pleno Picos de Europa. Entonces, el grupo familiar se&#8230;<\/p>\n","protected":false},"author":1,"featured_media":1621,"comment_status":"open","ping_status":"open","sticky":false,"template":"","format":"standard","meta":{"footnotes":""},"categories":[39,41],"tags":[70,43],"class_list":["post-1620","post","type-post","status-publish","format-standard","has-post-thumbnail","hentry","category-retos","category-solidaridad","tag-16-cimas","tag-ela"],"yoast_head":"<!-- This site is optimized with the Yoast SEO plugin v26.7 - https:\/\/yoast.com\/wordpress\/plugins\/seo\/ -->\n<title>Cima 7: Torre Blanca - Mis retos por la ELA<\/title>\n<meta name=\"description\" content=\"Intento frustrado por alcanzar la s\u00e9ptima cima de nuestro reto &quot;16 cimas&quot;, la m\u00e1s alta de Cantabria, Torre Blanca\" \/>\n<meta name=\"robots\" content=\"index, follow, max-snippet:-1, max-image-preview:large, max-video-preview:-1\" \/>\n<link rel=\"canonical\" href=\"https:\/\/retoelajorge.es\/index.php\/2022\/08\/17\/cima-7-torre-blanca\/\" \/>\n<meta property=\"og:locale\" content=\"es_ES\" \/>\n<meta property=\"og:type\" content=\"article\" \/>\n<meta property=\"og:title\" content=\"Cima 7: Torre Blanca - Mis retos por la ELA\" \/>\n<meta property=\"og:description\" content=\"Intento frustrado por alcanzar la s\u00e9ptima cima de nuestro reto &quot;16 cimas&quot;, la m\u00e1s alta de Cantabria, Torre Blanca\" \/>\n<meta property=\"og:url\" content=\"https:\/\/retoelajorge.es\/index.php\/2022\/08\/17\/cima-7-torre-blanca\/\" \/>\n<meta property=\"og:site_name\" content=\"Mis retos por la ELA\" \/>\n<meta property=\"article:published_time\" content=\"2022-08-17T12:43:06+00:00\" \/>\n<meta property=\"article:modified_time\" content=\"2022-11-29T09:45:11+00:00\" \/>\n<meta property=\"og:image\" content=\"https:\/\/retoelajorge.es\/wp-content\/uploads\/2022\/08\/Torre-Blanca-1024x576.png\" \/>\n\t<meta property=\"og:image:width\" content=\"1024\" \/>\n\t<meta property=\"og:image:height\" content=\"576\" \/>\n\t<meta property=\"og:image:type\" content=\"image\/png\" \/>\n<meta name=\"author\" content=\"retoelajorge\" \/>\n<meta name=\"twitter:card\" content=\"summary_large_image\" \/>\n<meta name=\"twitter:label1\" content=\"Escrito por\" \/>\n\t<meta name=\"twitter:data1\" content=\"retoelajorge\" \/>\n\t<meta name=\"twitter:label2\" content=\"Tiempo de lectura\" \/>\n\t<meta name=\"twitter:data2\" content=\"10 minutos\" \/>\n<script type=\"application\/ld+json\" class=\"yoast-schema-graph\">{\"@context\":\"https:\/\/schema.org\",\"@graph\":[{\"@type\":\"Article\",\"@id\":\"https:\/\/retoelajorge.es\/index.php\/2022\/08\/17\/cima-7-torre-blanca\/#article\",\"isPartOf\":{\"@id\":\"https:\/\/retoelajorge.es\/index.php\/2022\/08\/17\/cima-7-torre-blanca\/\"},\"author\":{\"name\":\"retoelajorge\",\"@id\":\"https:\/\/retoelajorge.es\/#\/schema\/person\/0e209413f2de4fe381eda14e12288b7d\"},\"headline\":\"Cima 7: Torre Blanca\",\"datePublished\":\"2022-08-17T12:43:06+00:00\",\"dateModified\":\"2022-11-29T09:45:11+00:00\",\"mainEntityOfPage\":{\"@id\":\"https:\/\/retoelajorge.es\/index.php\/2022\/08\/17\/cima-7-torre-blanca\/\"},\"wordCount\":1228,\"commentCount\":0,\"publisher\":{\"@id\":\"https:\/\/retoelajorge.es\/#organization\"},\"image\":{\"@id\":\"https:\/\/retoelajorge.es\/index.php\/2022\/08\/17\/cima-7-torre-blanca\/#primaryimage\"},\"thumbnailUrl\":\"https:\/\/retoelajorge.es\/wp-content\/uploads\/2022\/08\/Torre-Blanca.png\",\"keywords\":[\"16 cimas\",\"ELA\"],\"articleSection\":[\"Retos\",\"Solidaridad\"],\"inLanguage\":\"es\",\"potentialAction\":[{\"@type\":\"CommentAction\",\"name\":\"Comment\",\"target\":[\"https:\/\/retoelajorge.es\/index.php\/2022\/08\/17\/cima-7-torre-blanca\/#respond\"]}]},{\"@type\":\"WebPage\",\"@id\":\"https:\/\/retoelajorge.es\/index.php\/2022\/08\/17\/cima-7-torre-blanca\/\",\"url\":\"https:\/\/retoelajorge.es\/index.php\/2022\/08\/17\/cima-7-torre-blanca\/\",\"name\":\"Cima 7: Torre Blanca - Mis retos por la ELA\",\"isPartOf\":{\"@id\":\"https:\/\/retoelajorge.es\/#website\"},\"primaryImageOfPage\":{\"@id\":\"https:\/\/retoelajorge.es\/index.php\/2022\/08\/17\/cima-7-torre-blanca\/#primaryimage\"},\"image\":{\"@id\":\"https:\/\/retoelajorge.es\/index.php\/2022\/08\/17\/cima-7-torre-blanca\/#primaryimage\"},\"thumbnailUrl\":\"https:\/\/retoelajorge.es\/wp-content\/uploads\/2022\/08\/Torre-Blanca.png\",\"datePublished\":\"2022-08-17T12:43:06+00:00\",\"dateModified\":\"2022-11-29T09:45:11+00:00\",\"description\":\"Intento frustrado por alcanzar la s\u00e9ptima cima de nuestro reto \\\"16 cimas\\\", la m\u00e1s alta de Cantabria, Torre Blanca\",\"breadcrumb\":{\"@id\":\"https:\/\/retoelajorge.es\/index.php\/2022\/08\/17\/cima-7-torre-blanca\/#breadcrumb\"},\"inLanguage\":\"es\",\"potentialAction\":[{\"@type\":\"ReadAction\",\"target\":[\"https:\/\/retoelajorge.es\/index.php\/2022\/08\/17\/cima-7-torre-blanca\/\"]}]},{\"@type\":\"ImageObject\",\"inLanguage\":\"es\",\"@id\":\"https:\/\/retoelajorge.es\/index.php\/2022\/08\/17\/cima-7-torre-blanca\/#primaryimage\",\"url\":\"https:\/\/retoelajorge.es\/wp-content\/uploads\/2022\/08\/Torre-Blanca.png\",\"contentUrl\":\"https:\/\/retoelajorge.es\/wp-content\/uploads\/2022\/08\/Torre-Blanca.png\",\"width\":1920,\"height\":1080,\"caption\":\"Cima 7: Torre Blanca\"},{\"@type\":\"BreadcrumbList\",\"@id\":\"https:\/\/retoelajorge.es\/index.php\/2022\/08\/17\/cima-7-torre-blanca\/#breadcrumb\",\"itemListElement\":[{\"@type\":\"ListItem\",\"position\":1,\"name\":\"Portada\",\"item\":\"https:\/\/retoelajorge.es\/\"},{\"@type\":\"ListItem\",\"position\":2,\"name\":\"Cima 7: Torre Blanca\"}]},{\"@type\":\"WebSite\",\"@id\":\"https:\/\/retoelajorge.es\/#website\",\"url\":\"https:\/\/retoelajorge.es\/\",\"name\":\"Mis retos por la ELA\",\"description\":\"Blog de un afectado de ELA\",\"publisher\":{\"@id\":\"https:\/\/retoelajorge.es\/#organization\"},\"potentialAction\":[{\"@type\":\"SearchAction\",\"target\":{\"@type\":\"EntryPoint\",\"urlTemplate\":\"https:\/\/retoelajorge.es\/?s={search_term_string}\"},\"query-input\":{\"@type\":\"PropertyValueSpecification\",\"valueRequired\":true,\"valueName\":\"search_term_string\"}}],\"inLanguage\":\"es\"},{\"@type\":\"Organization\",\"@id\":\"https:\/\/retoelajorge.es\/#organization\",\"name\":\"Mis retos por la ELA\",\"url\":\"https:\/\/retoelajorge.es\/\",\"logo\":{\"@type\":\"ImageObject\",\"inLanguage\":\"es\",\"@id\":\"https:\/\/retoelajorge.es\/#\/schema\/logo\/image\/\",\"url\":\"https:\/\/retoelajorge.es\/wp-content\/uploads\/2020\/02\/Jorge-scaled-e1583395872979.jpg\",\"contentUrl\":\"https:\/\/retoelajorge.es\/wp-content\/uploads\/2020\/02\/Jorge-scaled-e1583395872979.jpg\",\"width\":1900,\"height\":1045,\"caption\":\"Mis retos por la ELA\"},\"image\":{\"@id\":\"https:\/\/retoelajorge.es\/#\/schema\/logo\/image\/\"}},{\"@type\":\"Person\",\"@id\":\"https:\/\/retoelajorge.es\/#\/schema\/person\/0e209413f2de4fe381eda14e12288b7d\",\"name\":\"retoelajorge\",\"image\":{\"@type\":\"ImageObject\",\"inLanguage\":\"es\",\"@id\":\"https:\/\/retoelajorge.es\/#\/schema\/person\/image\/\",\"url\":\"https:\/\/secure.gravatar.com\/avatar\/bdd30a868985f69f97d362fc89c201f7860ec568aa2b42cb67e1ab7857b91971?s=96&d=mm&r=g\",\"contentUrl\":\"https:\/\/secure.gravatar.com\/avatar\/bdd30a868985f69f97d362fc89c201f7860ec568aa2b42cb67e1ab7857b91971?s=96&d=mm&r=g\",\"caption\":\"retoelajorge\"},\"url\":\"https:\/\/retoelajorge.es\/index.php\/author\/admin\/\"}]}<\/script>\n<!-- \/ Yoast SEO plugin. -->","yoast_head_json":{"title":"Cima 7: Torre Blanca - Mis retos por la ELA","description":"Intento frustrado por alcanzar la s\u00e9ptima cima de nuestro reto \"16 cimas\", la m\u00e1s alta de Cantabria, Torre Blanca","robots":{"index":"index","follow":"follow","max-snippet":"max-snippet:-1","max-image-preview":"max-image-preview:large","max-video-preview":"max-video-preview:-1"},"canonical":"https:\/\/retoelajorge.es\/index.php\/2022\/08\/17\/cima-7-torre-blanca\/","og_locale":"es_ES","og_type":"article","og_title":"Cima 7: Torre Blanca - Mis retos por la ELA","og_description":"Intento frustrado por alcanzar la s\u00e9ptima cima de nuestro reto \"16 cimas\", la m\u00e1s alta de Cantabria, Torre Blanca","og_url":"https:\/\/retoelajorge.es\/index.php\/2022\/08\/17\/cima-7-torre-blanca\/","og_site_name":"Mis retos por la ELA","article_published_time":"2022-08-17T12:43:06+00:00","article_modified_time":"2022-11-29T09:45:11+00:00","og_image":[{"width":1024,"height":576,"url":"https:\/\/retoelajorge.es\/wp-content\/uploads\/2022\/08\/Torre-Blanca-1024x576.png","type":"image\/png"}],"author":"retoelajorge","twitter_card":"summary_large_image","twitter_misc":{"Escrito por":"retoelajorge","Tiempo de lectura":"10 minutos"},"schema":{"@context":"https:\/\/schema.org","@graph":[{"@type":"Article","@id":"https:\/\/retoelajorge.es\/index.php\/2022\/08\/17\/cima-7-torre-blanca\/#article","isPartOf":{"@id":"https:\/\/retoelajorge.es\/index.php\/2022\/08\/17\/cima-7-torre-blanca\/"},"author":{"name":"retoelajorge","@id":"https:\/\/retoelajorge.es\/#\/schema\/person\/0e209413f2de4fe381eda14e12288b7d"},"headline":"Cima 7: Torre Blanca","datePublished":"2022-08-17T12:43:06+00:00","dateModified":"2022-11-29T09:45:11+00:00","mainEntityOfPage":{"@id":"https:\/\/retoelajorge.es\/index.php\/2022\/08\/17\/cima-7-torre-blanca\/"},"wordCount":1228,"commentCount":0,"publisher":{"@id":"https:\/\/retoelajorge.es\/#organization"},"image":{"@id":"https:\/\/retoelajorge.es\/index.php\/2022\/08\/17\/cima-7-torre-blanca\/#primaryimage"},"thumbnailUrl":"https:\/\/retoelajorge.es\/wp-content\/uploads\/2022\/08\/Torre-Blanca.png","keywords":["16 cimas","ELA"],"articleSection":["Retos","Solidaridad"],"inLanguage":"es","potentialAction":[{"@type":"CommentAction","name":"Comment","target":["https:\/\/retoelajorge.es\/index.php\/2022\/08\/17\/cima-7-torre-blanca\/#respond"]}]},{"@type":"WebPage","@id":"https:\/\/retoelajorge.es\/index.php\/2022\/08\/17\/cima-7-torre-blanca\/","url":"https:\/\/retoelajorge.es\/index.php\/2022\/08\/17\/cima-7-torre-blanca\/","name":"Cima 7: Torre Blanca - Mis retos por la ELA","isPartOf":{"@id":"https:\/\/retoelajorge.es\/#website"},"primaryImageOfPage":{"@id":"https:\/\/retoelajorge.es\/index.php\/2022\/08\/17\/cima-7-torre-blanca\/#primaryimage"},"image":{"@id":"https:\/\/retoelajorge.es\/index.php\/2022\/08\/17\/cima-7-torre-blanca\/#primaryimage"},"thumbnailUrl":"https:\/\/retoelajorge.es\/wp-content\/uploads\/2022\/08\/Torre-Blanca.png","datePublished":"2022-08-17T12:43:06+00:00","dateModified":"2022-11-29T09:45:11+00:00","description":"Intento frustrado por alcanzar la s\u00e9ptima cima de nuestro reto \"16 cimas\", la m\u00e1s alta de Cantabria, Torre Blanca","breadcrumb":{"@id":"https:\/\/retoelajorge.es\/index.php\/2022\/08\/17\/cima-7-torre-blanca\/#breadcrumb"},"inLanguage":"es","potentialAction":[{"@type":"ReadAction","target":["https:\/\/retoelajorge.es\/index.php\/2022\/08\/17\/cima-7-torre-blanca\/"]}]},{"@type":"ImageObject","inLanguage":"es","@id":"https:\/\/retoelajorge.es\/index.php\/2022\/08\/17\/cima-7-torre-blanca\/#primaryimage","url":"https:\/\/retoelajorge.es\/wp-content\/uploads\/2022\/08\/Torre-Blanca.png","contentUrl":"https:\/\/retoelajorge.es\/wp-content\/uploads\/2022\/08\/Torre-Blanca.png","width":1920,"height":1080,"caption":"Cima 7: Torre Blanca"},{"@type":"BreadcrumbList","@id":"https:\/\/retoelajorge.es\/index.php\/2022\/08\/17\/cima-7-torre-blanca\/#breadcrumb","itemListElement":[{"@type":"ListItem","position":1,"name":"Portada","item":"https:\/\/retoelajorge.es\/"},{"@type":"ListItem","position":2,"name":"Cima 7: Torre Blanca"}]},{"@type":"WebSite","@id":"https:\/\/retoelajorge.es\/#website","url":"https:\/\/retoelajorge.es\/","name":"Mis retos por la ELA","description":"Blog de un afectado de ELA","publisher":{"@id":"https:\/\/retoelajorge.es\/#organization"},"potentialAction":[{"@type":"SearchAction","target":{"@type":"EntryPoint","urlTemplate":"https:\/\/retoelajorge.es\/?s={search_term_string}"},"query-input":{"@type":"PropertyValueSpecification","valueRequired":true,"valueName":"search_term_string"}}],"inLanguage":"es"},{"@type":"Organization","@id":"https:\/\/retoelajorge.es\/#organization","name":"Mis retos por la ELA","url":"https:\/\/retoelajorge.es\/","logo":{"@type":"ImageObject","inLanguage":"es","@id":"https:\/\/retoelajorge.es\/#\/schema\/logo\/image\/","url":"https:\/\/retoelajorge.es\/wp-content\/uploads\/2020\/02\/Jorge-scaled-e1583395872979.jpg","contentUrl":"https:\/\/retoelajorge.es\/wp-content\/uploads\/2020\/02\/Jorge-scaled-e1583395872979.jpg","width":1900,"height":1045,"caption":"Mis retos por la ELA"},"image":{"@id":"https:\/\/retoelajorge.es\/#\/schema\/logo\/image\/"}},{"@type":"Person","@id":"https:\/\/retoelajorge.es\/#\/schema\/person\/0e209413f2de4fe381eda14e12288b7d","name":"retoelajorge","image":{"@type":"ImageObject","inLanguage":"es","@id":"https:\/\/retoelajorge.es\/#\/schema\/person\/image\/","url":"https:\/\/secure.gravatar.com\/avatar\/bdd30a868985f69f97d362fc89c201f7860ec568aa2b42cb67e1ab7857b91971?s=96&d=mm&r=g","contentUrl":"https:\/\/secure.gravatar.com\/avatar\/bdd30a868985f69f97d362fc89c201f7860ec568aa2b42cb67e1ab7857b91971?s=96&d=mm&r=g","caption":"retoelajorge"},"url":"https:\/\/retoelajorge.es\/index.php\/author\/admin\/"}]}},"_links":{"self":[{"href":"https:\/\/retoelajorge.es\/index.php\/wp-json\/wp\/v2\/posts\/1620","targetHints":{"allow":["GET"]}}],"collection":[{"href":"https:\/\/retoelajorge.es\/index.php\/wp-json\/wp\/v2\/posts"}],"about":[{"href":"https:\/\/retoelajorge.es\/index.php\/wp-json\/wp\/v2\/types\/post"}],"author":[{"embeddable":true,"href":"https:\/\/retoelajorge.es\/index.php\/wp-json\/wp\/v2\/users\/1"}],"replies":[{"embeddable":true,"href":"https:\/\/retoelajorge.es\/index.php\/wp-json\/wp\/v2\/comments?post=1620"}],"version-history":[{"count":7,"href":"https:\/\/retoelajorge.es\/index.php\/wp-json\/wp\/v2\/posts\/1620\/revisions"}],"predecessor-version":[{"id":1656,"href":"https:\/\/retoelajorge.es\/index.php\/wp-json\/wp\/v2\/posts\/1620\/revisions\/1656"}],"wp:featuredmedia":[{"embeddable":true,"href":"https:\/\/retoelajorge.es\/index.php\/wp-json\/wp\/v2\/media\/1621"}],"wp:attachment":[{"href":"https:\/\/retoelajorge.es\/index.php\/wp-json\/wp\/v2\/media?parent=1620"}],"wp:term":[{"taxonomy":"category","embeddable":true,"href":"https:\/\/retoelajorge.es\/index.php\/wp-json\/wp\/v2\/categories?post=1620"},{"taxonomy":"post_tag","embeddable":true,"href":"https:\/\/retoelajorge.es\/index.php\/wp-json\/wp\/v2\/tags?post=1620"}],"curies":[{"name":"wp","href":"https:\/\/api.w.org\/{rel}","templated":true}]}}