{"id":458,"date":"2020-01-20T12:45:21","date_gmt":"2020-01-20T12:45:21","guid":{"rendered":"http:\/\/retoelajorge.es\/?p=458"},"modified":"2020-02-08T12:55:31","modified_gmt":"2020-02-08T12:55:31","slug":"para-quienes-no-creyeron-en-nosotros","status":"publish","type":"post","link":"https:\/\/retoelajorge.es\/index.php\/2020\/01\/20\/para-quienes-no-creyeron-en-nosotros\/","title":{"rendered":"Para quienes no creyeron en nosotros"},"content":{"rendered":"\n<p>Holaaa chicosss, que tal<\/p>\n\n\n\n<p>Hoy comienzo d\u00e1ndoos las gracias a todos los que de alguna forma colabor\u00e1is con AGRAELA , Asociaci\u00f3n Granadina de Esclerosis Lateral Amiotr\u00f3fica. Y, como no, a su junta Directiva. Gracias a ese trabajo conjunto, los resultados empiezan a verse. Nuestra asociaci\u00f3n naci\u00f3 para dar servicios al enfermo, servicios que a d\u00eda de hoy no presta nuestra seguridad social.<\/p>\n\n\n\n<p>AGRAELA  comienza a dar ayuda Logopeda ,domiciliaria y fisioterapia a sus socios afectados. Tan buen\u00edsima noticia ten\u00eda que compartirla con vosotros socios. Y animar a quien no lo es a que se haga, es muy gratificante saber que por solo 10\u20ac al mes estas haciendo posible que la vida de una familia afectada sea m\u00e1s f\u00e1cil, digo familia porque estas ayudas dan un respiro, un descanso, a la persona que m\u00e1s lo necesita y que menos valorada esta, nuestra compa\u00f1era\/o. <\/p>\n\n\n\n<p>Tambi\u00e9n damos las gracias a quienes con sus eventos no dudan en apoyarnos. Las asociaciones funcionan en un 90% por estas donaciones. Luego hay enfermos, que ponemos nuestro esfuerzo para apoyar a asociaciones sin esperar nadar a cambio . Pero hay asociaciones que parece que mientras eres fuente de ingresos eres algo de ellos y est\u00e1n pendientes de ti. Pero una vez que dejas de ser fuente de ingresos te vuelves invisible para ellos. Esto es lo que yo siento, pero como siempre digo seguro que estoy equivocado . Tampoco fuimos bien recibidos como asociaci\u00f3n por otras asociaciones, cuando tendr\u00edamos que apoyarnos. Pero nosotros sabemos que el esfuerzo tiene su recompensa, y ahora empezamos a verlo.<\/p>\n","protected":false},"excerpt":{"rendered":"<p>Holaaa chicosss, que tal Hoy comienzo d\u00e1ndoos las gracias a todos los que de alguna forma colabor\u00e1is con AGRAELA , Asociaci\u00f3n Granadina de Esclerosis Lateral Amiotr\u00f3fica. Y, como no, a su junta Directiva. Gracias&#8230;<\/p>\n","protected":false},"author":2,"featured_media":459,"comment_status":"open","ping_status":"open","sticky":false,"template":"","format":"standard","meta":{"footnotes":""},"categories":[41],"tags":[43],"class_list":["post-458","post","type-post","status-publish","format-standard","has-post-thumbnail","hentry","category-solidaridad","tag-ela"],"yoast_head":"<!-- This site is optimized with the Yoast SEO plugin v26.7 - https:\/\/yoast.com\/wordpress\/plugins\/seo\/ -->\n<title>Para quienes no creyeron en nosotros - Mis retos por la ELA<\/title>\n<meta name=\"robots\" content=\"index, follow, max-snippet:-1, max-image-preview:large, max-video-preview:-1\" \/>\n<link rel=\"canonical\" href=\"https:\/\/retoelajorge.es\/index.php\/2020\/01\/20\/para-quienes-no-creyeron-en-nosotros\/\" \/>\n<meta property=\"og:locale\" content=\"es_ES\" \/>\n<meta property=\"og:type\" content=\"article\" \/>\n<meta property=\"og:title\" content=\"Para quienes no creyeron en nosotros - Mis retos por la ELA\" \/>\n<meta property=\"og:description\" content=\"Holaaa chicosss, que tal Hoy comienzo d\u00e1ndoos las gracias a todos los que de alguna forma colabor\u00e1is con AGRAELA , Asociaci\u00f3n Granadina de Esclerosis Lateral Amiotr\u00f3fica. Y, como no, a su junta Directiva. Gracias...\" \/>\n<meta property=\"og:url\" content=\"https:\/\/retoelajorge.es\/index.php\/2020\/01\/20\/para-quienes-no-creyeron-en-nosotros\/\" \/>\n<meta property=\"og:site_name\" content=\"Mis retos por la ELA\" \/>\n<meta property=\"article:published_time\" content=\"2020-01-20T12:45:21+00:00\" \/>\n<meta property=\"article:modified_time\" content=\"2020-02-08T12:55:31+00:00\" \/>\n<meta property=\"og:image\" content=\"https:\/\/retoelajorge.es\/wp-content\/uploads\/2020\/02\/agraela.png\" \/>\n\t<meta property=\"og:image:width\" content=\"800\" \/>\n\t<meta property=\"og:image:height\" content=\"513\" \/>\n\t<meta property=\"og:image:type\" content=\"image\/png\" \/>\n<meta name=\"author\" content=\"retoelajorge\" \/>\n<meta name=\"twitter:card\" content=\"summary_large_image\" \/>\n<meta name=\"twitter:label1\" content=\"Escrito por\" \/>\n\t<meta name=\"twitter:data1\" content=\"retoelajorge\" \/>\n\t<meta name=\"twitter:label2\" content=\"Tiempo de lectura\" \/>\n\t<meta name=\"twitter:data2\" content=\"1 minuto\" \/>\n<script type=\"application\/ld+json\" class=\"yoast-schema-graph\">{\"@context\":\"https:\/\/schema.org\",\"@graph\":[{\"@type\":\"Article\",\"@id\":\"https:\/\/retoelajorge.es\/index.php\/2020\/01\/20\/para-quienes-no-creyeron-en-nosotros\/#article\",\"isPartOf\":{\"@id\":\"https:\/\/retoelajorge.es\/index.php\/2020\/01\/20\/para-quienes-no-creyeron-en-nosotros\/\"},\"author\":{\"name\":\"retoelajorge\",\"@id\":\"https:\/\/retoelajorge.es\/#\/schema\/person\/dc8db208f46ca28dfe7371c44cf3789a\"},\"headline\":\"Para quienes no creyeron en nosotros\",\"datePublished\":\"2020-01-20T12:45:21+00:00\",\"dateModified\":\"2020-02-08T12:55:31+00:00\",\"mainEntityOfPage\":{\"@id\":\"https:\/\/retoelajorge.es\/index.php\/2020\/01\/20\/para-quienes-no-creyeron-en-nosotros\/\"},\"wordCount\":276,\"commentCount\":0,\"publisher\":{\"@id\":\"https:\/\/retoelajorge.es\/#organization\"},\"image\":{\"@id\":\"https:\/\/retoelajorge.es\/index.php\/2020\/01\/20\/para-quienes-no-creyeron-en-nosotros\/#primaryimage\"},\"thumbnailUrl\":\"https:\/\/retoelajorge.es\/wp-content\/uploads\/2020\/02\/agraela.png\",\"keywords\":[\"ELA\"],\"articleSection\":[\"Solidaridad\"],\"inLanguage\":\"es\",\"potentialAction\":[{\"@type\":\"CommentAction\",\"name\":\"Comment\",\"target\":[\"https:\/\/retoelajorge.es\/index.php\/2020\/01\/20\/para-quienes-no-creyeron-en-nosotros\/#respond\"]}]},{\"@type\":\"WebPage\",\"@id\":\"https:\/\/retoelajorge.es\/index.php\/2020\/01\/20\/para-quienes-no-creyeron-en-nosotros\/\",\"url\":\"https:\/\/retoelajorge.es\/index.php\/2020\/01\/20\/para-quienes-no-creyeron-en-nosotros\/\",\"name\":\"Para quienes no creyeron en nosotros - Mis retos por la ELA\",\"isPartOf\":{\"@id\":\"https:\/\/retoelajorge.es\/#website\"},\"primaryImageOfPage\":{\"@id\":\"https:\/\/retoelajorge.es\/index.php\/2020\/01\/20\/para-quienes-no-creyeron-en-nosotros\/#primaryimage\"},\"image\":{\"@id\":\"https:\/\/retoelajorge.es\/index.php\/2020\/01\/20\/para-quienes-no-creyeron-en-nosotros\/#primaryimage\"},\"thumbnailUrl\":\"https:\/\/retoelajorge.es\/wp-content\/uploads\/2020\/02\/agraela.png\",\"datePublished\":\"2020-01-20T12:45:21+00:00\",\"dateModified\":\"2020-02-08T12:55:31+00:00\",\"breadcrumb\":{\"@id\":\"https:\/\/retoelajorge.es\/index.php\/2020\/01\/20\/para-quienes-no-creyeron-en-nosotros\/#breadcrumb\"},\"inLanguage\":\"es\",\"potentialAction\":[{\"@type\":\"ReadAction\",\"target\":[\"https:\/\/retoelajorge.es\/index.php\/2020\/01\/20\/para-quienes-no-creyeron-en-nosotros\/\"]}]},{\"@type\":\"ImageObject\",\"inLanguage\":\"es\",\"@id\":\"https:\/\/retoelajorge.es\/index.php\/2020\/01\/20\/para-quienes-no-creyeron-en-nosotros\/#primaryimage\",\"url\":\"https:\/\/retoelajorge.es\/wp-content\/uploads\/2020\/02\/agraela.png\",\"contentUrl\":\"https:\/\/retoelajorge.es\/wp-content\/uploads\/2020\/02\/agraela.png\",\"width\":800,\"height\":513},{\"@type\":\"BreadcrumbList\",\"@id\":\"https:\/\/retoelajorge.es\/index.php\/2020\/01\/20\/para-quienes-no-creyeron-en-nosotros\/#breadcrumb\",\"itemListElement\":[{\"@type\":\"ListItem\",\"position\":1,\"name\":\"Portada\",\"item\":\"https:\/\/retoelajorge.es\/\"},{\"@type\":\"ListItem\",\"position\":2,\"name\":\"Para quienes no creyeron en nosotros\"}]},{\"@type\":\"WebSite\",\"@id\":\"https:\/\/retoelajorge.es\/#website\",\"url\":\"https:\/\/retoelajorge.es\/\",\"name\":\"Mis retos por la ELA\",\"description\":\"Blog de un afectado de ELA\",\"publisher\":{\"@id\":\"https:\/\/retoelajorge.es\/#organization\"},\"potentialAction\":[{\"@type\":\"SearchAction\",\"target\":{\"@type\":\"EntryPoint\",\"urlTemplate\":\"https:\/\/retoelajorge.es\/?s={search_term_string}\"},\"query-input\":{\"@type\":\"PropertyValueSpecification\",\"valueRequired\":true,\"valueName\":\"search_term_string\"}}],\"inLanguage\":\"es\"},{\"@type\":\"Organization\",\"@id\":\"https:\/\/retoelajorge.es\/#organization\",\"name\":\"Mis retos por la ELA\",\"url\":\"https:\/\/retoelajorge.es\/\",\"logo\":{\"@type\":\"ImageObject\",\"inLanguage\":\"es\",\"@id\":\"https:\/\/retoelajorge.es\/#\/schema\/logo\/image\/\",\"url\":\"https:\/\/retoelajorge.es\/wp-content\/uploads\/2020\/02\/Jorge-scaled-e1583395872979.jpg\",\"contentUrl\":\"https:\/\/retoelajorge.es\/wp-content\/uploads\/2020\/02\/Jorge-scaled-e1583395872979.jpg\",\"width\":1900,\"height\":1045,\"caption\":\"Mis retos por la ELA\"},\"image\":{\"@id\":\"https:\/\/retoelajorge.es\/#\/schema\/logo\/image\/\"}},{\"@type\":\"Person\",\"@id\":\"https:\/\/retoelajorge.es\/#\/schema\/person\/dc8db208f46ca28dfe7371c44cf3789a\",\"name\":\"retoelajorge\",\"image\":{\"@type\":\"ImageObject\",\"inLanguage\":\"es\",\"@id\":\"https:\/\/retoelajorge.es\/#\/schema\/person\/image\/\",\"url\":\"https:\/\/secure.gravatar.com\/avatar\/a8d450130166d0b31b12b6b9f65d36211919d887fb186e0a2b87c0ed2835ad83?s=96&d=mm&r=g\",\"contentUrl\":\"https:\/\/secure.gravatar.com\/avatar\/a8d450130166d0b31b12b6b9f65d36211919d887fb186e0a2b87c0ed2835ad83?s=96&d=mm&r=g\",\"caption\":\"retoelajorge\"},\"url\":\"https:\/\/retoelajorge.es\/index.php\/author\/retoelajorge\/\"}]}<\/script>\n<!-- \/ Yoast SEO plugin. -->","yoast_head_json":{"title":"Para quienes no creyeron en nosotros - Mis retos por la ELA","robots":{"index":"index","follow":"follow","max-snippet":"max-snippet:-1","max-image-preview":"max-image-preview:large","max-video-preview":"max-video-preview:-1"},"canonical":"https:\/\/retoelajorge.es\/index.php\/2020\/01\/20\/para-quienes-no-creyeron-en-nosotros\/","og_locale":"es_ES","og_type":"article","og_title":"Para quienes no creyeron en nosotros - Mis retos por la ELA","og_description":"Holaaa chicosss, que tal Hoy comienzo d\u00e1ndoos las gracias a todos los que de alguna forma colabor\u00e1is con AGRAELA , Asociaci\u00f3n Granadina de Esclerosis Lateral Amiotr\u00f3fica. Y, como no, a su junta Directiva. Gracias...","og_url":"https:\/\/retoelajorge.es\/index.php\/2020\/01\/20\/para-quienes-no-creyeron-en-nosotros\/","og_site_name":"Mis retos por la ELA","article_published_time":"2020-01-20T12:45:21+00:00","article_modified_time":"2020-02-08T12:55:31+00:00","og_image":[{"width":800,"height":513,"url":"https:\/\/retoelajorge.es\/wp-content\/uploads\/2020\/02\/agraela.png","type":"image\/png"}],"author":"retoelajorge","twitter_card":"summary_large_image","twitter_misc":{"Escrito por":"retoelajorge","Tiempo de lectura":"1 minuto"},"schema":{"@context":"https:\/\/schema.org","@graph":[{"@type":"Article","@id":"https:\/\/retoelajorge.es\/index.php\/2020\/01\/20\/para-quienes-no-creyeron-en-nosotros\/#article","isPartOf":{"@id":"https:\/\/retoelajorge.es\/index.php\/2020\/01\/20\/para-quienes-no-creyeron-en-nosotros\/"},"author":{"name":"retoelajorge","@id":"https:\/\/retoelajorge.es\/#\/schema\/person\/dc8db208f46ca28dfe7371c44cf3789a"},"headline":"Para quienes no creyeron en nosotros","datePublished":"2020-01-20T12:45:21+00:00","dateModified":"2020-02-08T12:55:31+00:00","mainEntityOfPage":{"@id":"https:\/\/retoelajorge.es\/index.php\/2020\/01\/20\/para-quienes-no-creyeron-en-nosotros\/"},"wordCount":276,"commentCount":0,"publisher":{"@id":"https:\/\/retoelajorge.es\/#organization"},"image":{"@id":"https:\/\/retoelajorge.es\/index.php\/2020\/01\/20\/para-quienes-no-creyeron-en-nosotros\/#primaryimage"},"thumbnailUrl":"https:\/\/retoelajorge.es\/wp-content\/uploads\/2020\/02\/agraela.png","keywords":["ELA"],"articleSection":["Solidaridad"],"inLanguage":"es","potentialAction":[{"@type":"CommentAction","name":"Comment","target":["https:\/\/retoelajorge.es\/index.php\/2020\/01\/20\/para-quienes-no-creyeron-en-nosotros\/#respond"]}]},{"@type":"WebPage","@id":"https:\/\/retoelajorge.es\/index.php\/2020\/01\/20\/para-quienes-no-creyeron-en-nosotros\/","url":"https:\/\/retoelajorge.es\/index.php\/2020\/01\/20\/para-quienes-no-creyeron-en-nosotros\/","name":"Para quienes no creyeron en nosotros - Mis retos por la ELA","isPartOf":{"@id":"https:\/\/retoelajorge.es\/#website"},"primaryImageOfPage":{"@id":"https:\/\/retoelajorge.es\/index.php\/2020\/01\/20\/para-quienes-no-creyeron-en-nosotros\/#primaryimage"},"image":{"@id":"https:\/\/retoelajorge.es\/index.php\/2020\/01\/20\/para-quienes-no-creyeron-en-nosotros\/#primaryimage"},"thumbnailUrl":"https:\/\/retoelajorge.es\/wp-content\/uploads\/2020\/02\/agraela.png","datePublished":"2020-01-20T12:45:21+00:00","dateModified":"2020-02-08T12:55:31+00:00","breadcrumb":{"@id":"https:\/\/retoelajorge.es\/index.php\/2020\/01\/20\/para-quienes-no-creyeron-en-nosotros\/#breadcrumb"},"inLanguage":"es","potentialAction":[{"@type":"ReadAction","target":["https:\/\/retoelajorge.es\/index.php\/2020\/01\/20\/para-quienes-no-creyeron-en-nosotros\/"]}]},{"@type":"ImageObject","inLanguage":"es","@id":"https:\/\/retoelajorge.es\/index.php\/2020\/01\/20\/para-quienes-no-creyeron-en-nosotros\/#primaryimage","url":"https:\/\/retoelajorge.es\/wp-content\/uploads\/2020\/02\/agraela.png","contentUrl":"https:\/\/retoelajorge.es\/wp-content\/uploads\/2020\/02\/agraela.png","width":800,"height":513},{"@type":"BreadcrumbList","@id":"https:\/\/retoelajorge.es\/index.php\/2020\/01\/20\/para-quienes-no-creyeron-en-nosotros\/#breadcrumb","itemListElement":[{"@type":"ListItem","position":1,"name":"Portada","item":"https:\/\/retoelajorge.es\/"},{"@type":"ListItem","position":2,"name":"Para quienes no creyeron en nosotros"}]},{"@type":"WebSite","@id":"https:\/\/retoelajorge.es\/#website","url":"https:\/\/retoelajorge.es\/","name":"Mis retos por la ELA","description":"Blog de un afectado de ELA","publisher":{"@id":"https:\/\/retoelajorge.es\/#organization"},"potentialAction":[{"@type":"SearchAction","target":{"@type":"EntryPoint","urlTemplate":"https:\/\/retoelajorge.es\/?s={search_term_string}"},"query-input":{"@type":"PropertyValueSpecification","valueRequired":true,"valueName":"search_term_string"}}],"inLanguage":"es"},{"@type":"Organization","@id":"https:\/\/retoelajorge.es\/#organization","name":"Mis retos por la ELA","url":"https:\/\/retoelajorge.es\/","logo":{"@type":"ImageObject","inLanguage":"es","@id":"https:\/\/retoelajorge.es\/#\/schema\/logo\/image\/","url":"https:\/\/retoelajorge.es\/wp-content\/uploads\/2020\/02\/Jorge-scaled-e1583395872979.jpg","contentUrl":"https:\/\/retoelajorge.es\/wp-content\/uploads\/2020\/02\/Jorge-scaled-e1583395872979.jpg","width":1900,"height":1045,"caption":"Mis retos por la ELA"},"image":{"@id":"https:\/\/retoelajorge.es\/#\/schema\/logo\/image\/"}},{"@type":"Person","@id":"https:\/\/retoelajorge.es\/#\/schema\/person\/dc8db208f46ca28dfe7371c44cf3789a","name":"retoelajorge","image":{"@type":"ImageObject","inLanguage":"es","@id":"https:\/\/retoelajorge.es\/#\/schema\/person\/image\/","url":"https:\/\/secure.gravatar.com\/avatar\/a8d450130166d0b31b12b6b9f65d36211919d887fb186e0a2b87c0ed2835ad83?s=96&d=mm&r=g","contentUrl":"https:\/\/secure.gravatar.com\/avatar\/a8d450130166d0b31b12b6b9f65d36211919d887fb186e0a2b87c0ed2835ad83?s=96&d=mm&r=g","caption":"retoelajorge"},"url":"https:\/\/retoelajorge.es\/index.php\/author\/retoelajorge\/"}]}},"_links":{"self":[{"href":"https:\/\/retoelajorge.es\/index.php\/wp-json\/wp\/v2\/posts\/458","targetHints":{"allow":["GET"]}}],"collection":[{"href":"https:\/\/retoelajorge.es\/index.php\/wp-json\/wp\/v2\/posts"}],"about":[{"href":"https:\/\/retoelajorge.es\/index.php\/wp-json\/wp\/v2\/types\/post"}],"author":[{"embeddable":true,"href":"https:\/\/retoelajorge.es\/index.php\/wp-json\/wp\/v2\/users\/2"}],"replies":[{"embeddable":true,"href":"https:\/\/retoelajorge.es\/index.php\/wp-json\/wp\/v2\/comments?post=458"}],"version-history":[{"count":1,"href":"https:\/\/retoelajorge.es\/index.php\/wp-json\/wp\/v2\/posts\/458\/revisions"}],"predecessor-version":[{"id":460,"href":"https:\/\/retoelajorge.es\/index.php\/wp-json\/wp\/v2\/posts\/458\/revisions\/460"}],"wp:featuredmedia":[{"embeddable":true,"href":"https:\/\/retoelajorge.es\/index.php\/wp-json\/wp\/v2\/media\/459"}],"wp:attachment":[{"href":"https:\/\/retoelajorge.es\/index.php\/wp-json\/wp\/v2\/media?parent=458"}],"wp:term":[{"taxonomy":"category","embeddable":true,"href":"https:\/\/retoelajorge.es\/index.php\/wp-json\/wp\/v2\/categories?post=458"},{"taxonomy":"post_tag","embeddable":true,"href":"https:\/\/retoelajorge.es\/index.php\/wp-json\/wp\/v2\/tags?post=458"}],"curies":[{"name":"wp","href":"https:\/\/api.w.org\/{rel}","templated":true}]}}