{"id":524,"date":"2015-06-17T12:21:54","date_gmt":"2015-06-17T12:21:54","guid":{"rendered":"http:\/\/retoelajorge.es\/?p=524"},"modified":"2020-02-09T19:05:26","modified_gmt":"2020-02-09T19:05:26","slug":"run4ela","status":"publish","type":"post","link":"https:\/\/retoelajorge.es\/index.php\/2015\/06\/17\/run4ela\/","title":{"rendered":"RUN4ELA"},"content":{"rendered":"\n<p>Nuestr amiga \u00d1usi escribe en su blog \u00abMis dos pasiones\u00bb:<\/p>\n\n\n\n<p>Hola amigos,<br>\nOs presento a Jorge, en la foto con camiseta blanca. Se uni\u00f3 a los Arapahoes en algunas rutas por monta\u00f1a hace dos a\u00f1os aproximadamente. Su condici\u00f3n f\u00edsica era fant\u00e1stica y daba gusto verlo correr.<br>\nTiene 42 a\u00f1os y en Julio de 2013 le fue diagnosticada la enfermedad de la ELA (Esclerosis Lateral Amiotr\u00f3fica).<br>\nSigue realizando toda la actividad f\u00edsica que sus limitaciones le permiten y no pierde la esperanza de seguir consiguiendo sue\u00f1os\u2026Su pr\u00f3ximo reto es hacer el Camino de Santiago desde Granada con su hermano en t\u00e1ndem adaptado, pues le es imposible manejar sin ayuda la bicicleta. Necesita recaudar fondos para llevar a cabo este viaje y poder hacer frente a todo el tratamiento fisioterapeuta que este esfuerzo le requerir\u00e1.<\/p>\n\n\n\n<div class=\"wp-block-image is-style-default\"><figure class=\"aligncenter size-large\"><img loading=\"lazy\" decoding=\"async\" width=\"720\" height=\"405\" src=\"https:\/\/retoelajorge.es\/wp-content\/uploads\/2020\/02\/10_1.jpg\" alt=\"\" class=\"wp-image-525\" srcset=\"https:\/\/retoelajorge.es\/wp-content\/uploads\/2020\/02\/10_1.jpg 720w, https:\/\/retoelajorge.es\/wp-content\/uploads\/2020\/02\/10_1-300x169.jpg 300w\" sizes=\"auto, (max-width: 720px) 100vw, 720px\" \/><\/figure><\/div>\n\n\n\n<p>Desde el C.D. CUALQUIERA PUEDE HACERLO, os pedimos que nos ayud\u00e9is a hacer realidad su sue\u00f1o. Todos podemos vernos en su lugar alg\u00fan d\u00eda, y darnos cuenta, una vez m\u00e1s, que correr es un privilegio y que debemos dar gracias por ello.<\/p>\n\n\n\n<p>De momento, convocamos a todos los ClubS de Running de Granada, para reunirnos el jueves 25 de Junio en una nocturna por Jorge, donde adem\u00e1s de pasar un rato fant\u00e1stico, podamos conseguir un poquito de dinero para ayudarle. Estar atentos por favor y os iremos dando informaci\u00f3n. Mientras tanto, pod\u00e9is conocer m\u00e1s sobre \u00e9l y su Reto por la ELA en el enlace que os dejo a continuaci\u00f3n. MIL GRACIAS POR ADELANTADO<\/p>\n","protected":false},"excerpt":{"rendered":"<p>Nuestr amiga \u00d1usi escribe en su blog \u00abMis dos pasiones\u00bb: Hola amigos, Os presento a Jorge, en la foto con camiseta blanca. Se uni\u00f3 a los Arapahoes en algunas rutas por monta\u00f1a hace dos&#8230;<\/p>\n","protected":false},"author":1,"featured_media":526,"comment_status":"open","ping_status":"open","sticky":false,"template":"","format":"standard","meta":{"footnotes":""},"categories":[39],"tags":[],"class_list":["post-524","post","type-post","status-publish","format-standard","has-post-thumbnail","hentry","category-retos"],"yoast_head":"<!-- This site is optimized with the Yoast SEO plugin v26.7 - https:\/\/yoast.com\/wordpress\/plugins\/seo\/ -->\n<title>RUN4ELA - Mis retos por la ELA<\/title>\n<meta name=\"robots\" content=\"index, follow, max-snippet:-1, max-image-preview:large, max-video-preview:-1\" \/>\n<link rel=\"canonical\" href=\"https:\/\/retoelajorge.es\/index.php\/2015\/06\/17\/run4ela\/\" \/>\n<meta property=\"og:locale\" content=\"es_ES\" \/>\n<meta property=\"og:type\" content=\"article\" \/>\n<meta property=\"og:title\" content=\"RUN4ELA - Mis retos por la ELA\" \/>\n<meta property=\"og:description\" content=\"Nuestr amiga \u00d1usi escribe en su blog \u00abMis dos pasiones\u00bb: Hola amigos, Os presento a Jorge, en la foto con camiseta blanca. Se uni\u00f3 a los Arapahoes en algunas rutas por monta\u00f1a hace dos...\" \/>\n<meta property=\"og:url\" content=\"https:\/\/retoelajorge.es\/index.php\/2015\/06\/17\/run4ela\/\" \/>\n<meta property=\"og:site_name\" content=\"Mis retos por la ELA\" \/>\n<meta property=\"article:published_time\" content=\"2015-06-17T12:21:54+00:00\" \/>\n<meta property=\"article:modified_time\" content=\"2020-02-09T19:05:26+00:00\" \/>\n<meta property=\"og:image\" content=\"https:\/\/retoelajorge.es\/wp-content\/uploads\/2020\/02\/10_2.jpg\" \/>\n\t<meta property=\"og:image:width\" content=\"708\" \/>\n\t<meta property=\"og:image:height\" content=\"960\" \/>\n\t<meta property=\"og:image:type\" content=\"image\/jpeg\" \/>\n<meta name=\"author\" content=\"retoelajorge\" \/>\n<meta name=\"twitter:card\" content=\"summary_large_image\" \/>\n<meta name=\"twitter:label1\" content=\"Escrito por\" \/>\n\t<meta name=\"twitter:data1\" content=\"retoelajorge\" \/>\n\t<meta name=\"twitter:label2\" content=\"Tiempo de lectura\" \/>\n\t<meta name=\"twitter:data2\" content=\"1 minuto\" \/>\n<script type=\"application\/ld+json\" class=\"yoast-schema-graph\">{\"@context\":\"https:\/\/schema.org\",\"@graph\":[{\"@type\":\"Article\",\"@id\":\"https:\/\/retoelajorge.es\/index.php\/2015\/06\/17\/run4ela\/#article\",\"isPartOf\":{\"@id\":\"https:\/\/retoelajorge.es\/index.php\/2015\/06\/17\/run4ela\/\"},\"author\":{\"name\":\"retoelajorge\",\"@id\":\"https:\/\/retoelajorge.es\/#\/schema\/person\/0e209413f2de4fe381eda14e12288b7d\"},\"headline\":\"RUN4ELA\",\"datePublished\":\"2015-06-17T12:21:54+00:00\",\"dateModified\":\"2020-02-09T19:05:26+00:00\",\"mainEntityOfPage\":{\"@id\":\"https:\/\/retoelajorge.es\/index.php\/2015\/06\/17\/run4ela\/\"},\"wordCount\":270,\"commentCount\":0,\"publisher\":{\"@id\":\"https:\/\/retoelajorge.es\/#organization\"},\"image\":{\"@id\":\"https:\/\/retoelajorge.es\/index.php\/2015\/06\/17\/run4ela\/#primaryimage\"},\"thumbnailUrl\":\"https:\/\/retoelajorge.es\/wp-content\/uploads\/2020\/02\/10_2.jpg\",\"articleSection\":[\"Retos\"],\"inLanguage\":\"es\",\"potentialAction\":[{\"@type\":\"CommentAction\",\"name\":\"Comment\",\"target\":[\"https:\/\/retoelajorge.es\/index.php\/2015\/06\/17\/run4ela\/#respond\"]}]},{\"@type\":\"WebPage\",\"@id\":\"https:\/\/retoelajorge.es\/index.php\/2015\/06\/17\/run4ela\/\",\"url\":\"https:\/\/retoelajorge.es\/index.php\/2015\/06\/17\/run4ela\/\",\"name\":\"RUN4ELA - Mis retos por la ELA\",\"isPartOf\":{\"@id\":\"https:\/\/retoelajorge.es\/#website\"},\"primaryImageOfPage\":{\"@id\":\"https:\/\/retoelajorge.es\/index.php\/2015\/06\/17\/run4ela\/#primaryimage\"},\"image\":{\"@id\":\"https:\/\/retoelajorge.es\/index.php\/2015\/06\/17\/run4ela\/#primaryimage\"},\"thumbnailUrl\":\"https:\/\/retoelajorge.es\/wp-content\/uploads\/2020\/02\/10_2.jpg\",\"datePublished\":\"2015-06-17T12:21:54+00:00\",\"dateModified\":\"2020-02-09T19:05:26+00:00\",\"breadcrumb\":{\"@id\":\"https:\/\/retoelajorge.es\/index.php\/2015\/06\/17\/run4ela\/#breadcrumb\"},\"inLanguage\":\"es\",\"potentialAction\":[{\"@type\":\"ReadAction\",\"target\":[\"https:\/\/retoelajorge.es\/index.php\/2015\/06\/17\/run4ela\/\"]}]},{\"@type\":\"ImageObject\",\"inLanguage\":\"es\",\"@id\":\"https:\/\/retoelajorge.es\/index.php\/2015\/06\/17\/run4ela\/#primaryimage\",\"url\":\"https:\/\/retoelajorge.es\/wp-content\/uploads\/2020\/02\/10_2.jpg\",\"contentUrl\":\"https:\/\/retoelajorge.es\/wp-content\/uploads\/2020\/02\/10_2.jpg\",\"width\":708,\"height\":960},{\"@type\":\"BreadcrumbList\",\"@id\":\"https:\/\/retoelajorge.es\/index.php\/2015\/06\/17\/run4ela\/#breadcrumb\",\"itemListElement\":[{\"@type\":\"ListItem\",\"position\":1,\"name\":\"Portada\",\"item\":\"https:\/\/retoelajorge.es\/\"},{\"@type\":\"ListItem\",\"position\":2,\"name\":\"RUN4ELA\"}]},{\"@type\":\"WebSite\",\"@id\":\"https:\/\/retoelajorge.es\/#website\",\"url\":\"https:\/\/retoelajorge.es\/\",\"name\":\"Mis retos por la ELA\",\"description\":\"Blog de un afectado de ELA\",\"publisher\":{\"@id\":\"https:\/\/retoelajorge.es\/#organization\"},\"potentialAction\":[{\"@type\":\"SearchAction\",\"target\":{\"@type\":\"EntryPoint\",\"urlTemplate\":\"https:\/\/retoelajorge.es\/?s={search_term_string}\"},\"query-input\":{\"@type\":\"PropertyValueSpecification\",\"valueRequired\":true,\"valueName\":\"search_term_string\"}}],\"inLanguage\":\"es\"},{\"@type\":\"Organization\",\"@id\":\"https:\/\/retoelajorge.es\/#organization\",\"name\":\"Mis retos por la ELA\",\"url\":\"https:\/\/retoelajorge.es\/\",\"logo\":{\"@type\":\"ImageObject\",\"inLanguage\":\"es\",\"@id\":\"https:\/\/retoelajorge.es\/#\/schema\/logo\/image\/\",\"url\":\"https:\/\/retoelajorge.es\/wp-content\/uploads\/2020\/02\/Jorge-scaled-e1583395872979.jpg\",\"contentUrl\":\"https:\/\/retoelajorge.es\/wp-content\/uploads\/2020\/02\/Jorge-scaled-e1583395872979.jpg\",\"width\":1900,\"height\":1045,\"caption\":\"Mis retos por la ELA\"},\"image\":{\"@id\":\"https:\/\/retoelajorge.es\/#\/schema\/logo\/image\/\"}},{\"@type\":\"Person\",\"@id\":\"https:\/\/retoelajorge.es\/#\/schema\/person\/0e209413f2de4fe381eda14e12288b7d\",\"name\":\"retoelajorge\",\"image\":{\"@type\":\"ImageObject\",\"inLanguage\":\"es\",\"@id\":\"https:\/\/retoelajorge.es\/#\/schema\/person\/image\/\",\"url\":\"https:\/\/secure.gravatar.com\/avatar\/bdd30a868985f69f97d362fc89c201f7860ec568aa2b42cb67e1ab7857b91971?s=96&d=mm&r=g\",\"contentUrl\":\"https:\/\/secure.gravatar.com\/avatar\/bdd30a868985f69f97d362fc89c201f7860ec568aa2b42cb67e1ab7857b91971?s=96&d=mm&r=g\",\"caption\":\"retoelajorge\"},\"url\":\"https:\/\/retoelajorge.es\/index.php\/author\/admin\/\"}]}<\/script>\n<!-- \/ Yoast SEO plugin. -->","yoast_head_json":{"title":"RUN4ELA - Mis retos por la ELA","robots":{"index":"index","follow":"follow","max-snippet":"max-snippet:-1","max-image-preview":"max-image-preview:large","max-video-preview":"max-video-preview:-1"},"canonical":"https:\/\/retoelajorge.es\/index.php\/2015\/06\/17\/run4ela\/","og_locale":"es_ES","og_type":"article","og_title":"RUN4ELA - Mis retos por la ELA","og_description":"Nuestr amiga \u00d1usi escribe en su blog \u00abMis dos pasiones\u00bb: Hola amigos, Os presento a Jorge, en la foto con camiseta blanca. Se uni\u00f3 a los Arapahoes en algunas rutas por monta\u00f1a hace dos...","og_url":"https:\/\/retoelajorge.es\/index.php\/2015\/06\/17\/run4ela\/","og_site_name":"Mis retos por la ELA","article_published_time":"2015-06-17T12:21:54+00:00","article_modified_time":"2020-02-09T19:05:26+00:00","og_image":[{"width":708,"height":960,"url":"https:\/\/retoelajorge.es\/wp-content\/uploads\/2020\/02\/10_2.jpg","type":"image\/jpeg"}],"author":"retoelajorge","twitter_card":"summary_large_image","twitter_misc":{"Escrito por":"retoelajorge","Tiempo de lectura":"1 minuto"},"schema":{"@context":"https:\/\/schema.org","@graph":[{"@type":"Article","@id":"https:\/\/retoelajorge.es\/index.php\/2015\/06\/17\/run4ela\/#article","isPartOf":{"@id":"https:\/\/retoelajorge.es\/index.php\/2015\/06\/17\/run4ela\/"},"author":{"name":"retoelajorge","@id":"https:\/\/retoelajorge.es\/#\/schema\/person\/0e209413f2de4fe381eda14e12288b7d"},"headline":"RUN4ELA","datePublished":"2015-06-17T12:21:54+00:00","dateModified":"2020-02-09T19:05:26+00:00","mainEntityOfPage":{"@id":"https:\/\/retoelajorge.es\/index.php\/2015\/06\/17\/run4ela\/"},"wordCount":270,"commentCount":0,"publisher":{"@id":"https:\/\/retoelajorge.es\/#organization"},"image":{"@id":"https:\/\/retoelajorge.es\/index.php\/2015\/06\/17\/run4ela\/#primaryimage"},"thumbnailUrl":"https:\/\/retoelajorge.es\/wp-content\/uploads\/2020\/02\/10_2.jpg","articleSection":["Retos"],"inLanguage":"es","potentialAction":[{"@type":"CommentAction","name":"Comment","target":["https:\/\/retoelajorge.es\/index.php\/2015\/06\/17\/run4ela\/#respond"]}]},{"@type":"WebPage","@id":"https:\/\/retoelajorge.es\/index.php\/2015\/06\/17\/run4ela\/","url":"https:\/\/retoelajorge.es\/index.php\/2015\/06\/17\/run4ela\/","name":"RUN4ELA - Mis retos por la ELA","isPartOf":{"@id":"https:\/\/retoelajorge.es\/#website"},"primaryImageOfPage":{"@id":"https:\/\/retoelajorge.es\/index.php\/2015\/06\/17\/run4ela\/#primaryimage"},"image":{"@id":"https:\/\/retoelajorge.es\/index.php\/2015\/06\/17\/run4ela\/#primaryimage"},"thumbnailUrl":"https:\/\/retoelajorge.es\/wp-content\/uploads\/2020\/02\/10_2.jpg","datePublished":"2015-06-17T12:21:54+00:00","dateModified":"2020-02-09T19:05:26+00:00","breadcrumb":{"@id":"https:\/\/retoelajorge.es\/index.php\/2015\/06\/17\/run4ela\/#breadcrumb"},"inLanguage":"es","potentialAction":[{"@type":"ReadAction","target":["https:\/\/retoelajorge.es\/index.php\/2015\/06\/17\/run4ela\/"]}]},{"@type":"ImageObject","inLanguage":"es","@id":"https:\/\/retoelajorge.es\/index.php\/2015\/06\/17\/run4ela\/#primaryimage","url":"https:\/\/retoelajorge.es\/wp-content\/uploads\/2020\/02\/10_2.jpg","contentUrl":"https:\/\/retoelajorge.es\/wp-content\/uploads\/2020\/02\/10_2.jpg","width":708,"height":960},{"@type":"BreadcrumbList","@id":"https:\/\/retoelajorge.es\/index.php\/2015\/06\/17\/run4ela\/#breadcrumb","itemListElement":[{"@type":"ListItem","position":1,"name":"Portada","item":"https:\/\/retoelajorge.es\/"},{"@type":"ListItem","position":2,"name":"RUN4ELA"}]},{"@type":"WebSite","@id":"https:\/\/retoelajorge.es\/#website","url":"https:\/\/retoelajorge.es\/","name":"Mis retos por la ELA","description":"Blog de un afectado de ELA","publisher":{"@id":"https:\/\/retoelajorge.es\/#organization"},"potentialAction":[{"@type":"SearchAction","target":{"@type":"EntryPoint","urlTemplate":"https:\/\/retoelajorge.es\/?s={search_term_string}"},"query-input":{"@type":"PropertyValueSpecification","valueRequired":true,"valueName":"search_term_string"}}],"inLanguage":"es"},{"@type":"Organization","@id":"https:\/\/retoelajorge.es\/#organization","name":"Mis retos por la ELA","url":"https:\/\/retoelajorge.es\/","logo":{"@type":"ImageObject","inLanguage":"es","@id":"https:\/\/retoelajorge.es\/#\/schema\/logo\/image\/","url":"https:\/\/retoelajorge.es\/wp-content\/uploads\/2020\/02\/Jorge-scaled-e1583395872979.jpg","contentUrl":"https:\/\/retoelajorge.es\/wp-content\/uploads\/2020\/02\/Jorge-scaled-e1583395872979.jpg","width":1900,"height":1045,"caption":"Mis retos por la ELA"},"image":{"@id":"https:\/\/retoelajorge.es\/#\/schema\/logo\/image\/"}},{"@type":"Person","@id":"https:\/\/retoelajorge.es\/#\/schema\/person\/0e209413f2de4fe381eda14e12288b7d","name":"retoelajorge","image":{"@type":"ImageObject","inLanguage":"es","@id":"https:\/\/retoelajorge.es\/#\/schema\/person\/image\/","url":"https:\/\/secure.gravatar.com\/avatar\/bdd30a868985f69f97d362fc89c201f7860ec568aa2b42cb67e1ab7857b91971?s=96&d=mm&r=g","contentUrl":"https:\/\/secure.gravatar.com\/avatar\/bdd30a868985f69f97d362fc89c201f7860ec568aa2b42cb67e1ab7857b91971?s=96&d=mm&r=g","caption":"retoelajorge"},"url":"https:\/\/retoelajorge.es\/index.php\/author\/admin\/"}]}},"_links":{"self":[{"href":"https:\/\/retoelajorge.es\/index.php\/wp-json\/wp\/v2\/posts\/524","targetHints":{"allow":["GET"]}}],"collection":[{"href":"https:\/\/retoelajorge.es\/index.php\/wp-json\/wp\/v2\/posts"}],"about":[{"href":"https:\/\/retoelajorge.es\/index.php\/wp-json\/wp\/v2\/types\/post"}],"author":[{"embeddable":true,"href":"https:\/\/retoelajorge.es\/index.php\/wp-json\/wp\/v2\/users\/1"}],"replies":[{"embeddable":true,"href":"https:\/\/retoelajorge.es\/index.php\/wp-json\/wp\/v2\/comments?post=524"}],"version-history":[{"count":1,"href":"https:\/\/retoelajorge.es\/index.php\/wp-json\/wp\/v2\/posts\/524\/revisions"}],"predecessor-version":[{"id":527,"href":"https:\/\/retoelajorge.es\/index.php\/wp-json\/wp\/v2\/posts\/524\/revisions\/527"}],"wp:featuredmedia":[{"embeddable":true,"href":"https:\/\/retoelajorge.es\/index.php\/wp-json\/wp\/v2\/media\/526"}],"wp:attachment":[{"href":"https:\/\/retoelajorge.es\/index.php\/wp-json\/wp\/v2\/media?parent=524"}],"wp:term":[{"taxonomy":"category","embeddable":true,"href":"https:\/\/retoelajorge.es\/index.php\/wp-json\/wp\/v2\/categories?post=524"},{"taxonomy":"post_tag","embeddable":true,"href":"https:\/\/retoelajorge.es\/index.php\/wp-json\/wp\/v2\/tags?post=524"}],"curies":[{"name":"wp","href":"https:\/\/api.w.org\/{rel}","templated":true}]}}