{"id":572,"date":"2015-08-11T13:40:00","date_gmt":"2015-08-11T13:40:00","guid":{"rendered":"http:\/\/retoelajorge.es\/?p=572"},"modified":"2020-02-10T10:43:32","modified_gmt":"2020-02-10T10:43:32","slug":"xxxi-subida-al-veleta","status":"publish","type":"post","link":"https:\/\/retoelajorge.es\/index.php\/2015\/08\/11\/xxxi-subida-al-veleta\/","title":{"rendered":"XXXI Subida al Veleta"},"content":{"rendered":"\n<p>Aqu\u00ed cuelgo el v\u00eddeo que ha grabado el exjugador del Granada C.F. que milita actualmente en el Atl\u00e9tico de Madrid, Siqueira, dando \u00e1nimos a Jorge Abarca en su empresa de este fin de semana, minisubida al Veleta, y en su lucha contra la ELA<\/p>\n\n\n\n<figure class=\"wp-block-embed-youtube aligncenter wp-block-embed is-type-video is-provider-youtube wp-embed-aspect-4-3 wp-has-aspect-ratio\"><div class=\"wp-block-embed__wrapper\">\n<iframe loading=\"lazy\" title=\"Siqueira\" width=\"640\" height=\"480\" src=\"https:\/\/www.youtube.com\/embed\/Xgc4oKlAiy0?feature=oembed\" frameborder=\"0\" allow=\"accelerometer; autoplay; clipboard-write; encrypted-media; gyroscope; picture-in-picture; web-share\" referrerpolicy=\"strict-origin-when-cross-origin\" allowfullscreen><\/iframe>\n<\/div><\/figure>\n\n\n\n<p>Os dejo una peque\u00f1a muestra fotogr\u00e1fica de la minisubida al pico Veleta que realiz\u00f3 Jorge<\/p>\n\n\n\n<figure class=\"wp-block-gallery columns-3 is-cropped wp-block-gallery-1 is-layout-flex wp-block-gallery-is-layout-flex\"><ul class=\"blocks-gallery-grid\"><li class=\"blocks-gallery-item\"><figure><img loading=\"lazy\" decoding=\"async\" width=\"960\" height=\"419\" src=\"https:\/\/retoelajorge.es\/wp-content\/uploads\/2020\/02\/26_1.jpg\" alt=\"\" data-id=\"574\" data-full-url=\"https:\/\/retoelajorge.es\/wp-content\/uploads\/2020\/02\/26_1.jpg\" data-link=\"https:\/\/retoelajorge.es\/?attachment_id=574\" class=\"wp-image-574\" srcset=\"https:\/\/retoelajorge.es\/wp-content\/uploads\/2020\/02\/26_1.jpg 960w, https:\/\/retoelajorge.es\/wp-content\/uploads\/2020\/02\/26_1-300x131.jpg 300w, https:\/\/retoelajorge.es\/wp-content\/uploads\/2020\/02\/26_1-768x335.jpg 768w\" sizes=\"auto, (max-width: 960px) 100vw, 960px\" \/><\/figure><\/li><li class=\"blocks-gallery-item\"><figure><img loading=\"lazy\" decoding=\"async\" width=\"960\" height=\"640\" src=\"https:\/\/retoelajorge.es\/wp-content\/uploads\/2020\/02\/26_2.jpg\" alt=\"\" data-id=\"575\" data-full-url=\"https:\/\/retoelajorge.es\/wp-content\/uploads\/2020\/02\/26_2.jpg\" data-link=\"https:\/\/retoelajorge.es\/?attachment_id=575\" class=\"wp-image-575\" srcset=\"https:\/\/retoelajorge.es\/wp-content\/uploads\/2020\/02\/26_2.jpg 960w, https:\/\/retoelajorge.es\/wp-content\/uploads\/2020\/02\/26_2-300x200.jpg 300w, https:\/\/retoelajorge.es\/wp-content\/uploads\/2020\/02\/26_2-768x512.jpg 768w\" sizes=\"auto, (max-width: 960px) 100vw, 960px\" \/><\/figure><\/li><li class=\"blocks-gallery-item\"><figure><img loading=\"lazy\" decoding=\"async\" width=\"575\" height=\"323\" src=\"https:\/\/retoelajorge.es\/wp-content\/uploads\/2020\/02\/26_3.jpg\" alt=\"\" data-id=\"576\" data-full-url=\"https:\/\/retoelajorge.es\/wp-content\/uploads\/2020\/02\/26_3.jpg\" data-link=\"https:\/\/retoelajorge.es\/?attachment_id=576\" class=\"wp-image-576\" srcset=\"https:\/\/retoelajorge.es\/wp-content\/uploads\/2020\/02\/26_3.jpg 575w, https:\/\/retoelajorge.es\/wp-content\/uploads\/2020\/02\/26_3-300x169.jpg 300w\" sizes=\"auto, (max-width: 575px) 100vw, 575px\" \/><\/figure><\/li><li class=\"blocks-gallery-item\"><figure><img loading=\"lazy\" decoding=\"async\" width=\"720\" height=\"479\" src=\"https:\/\/retoelajorge.es\/wp-content\/uploads\/2020\/02\/26_4.jpg\" alt=\"\" data-id=\"577\" data-full-url=\"https:\/\/retoelajorge.es\/wp-content\/uploads\/2020\/02\/26_4.jpg\" data-link=\"https:\/\/retoelajorge.es\/?attachment_id=577\" class=\"wp-image-577\" srcset=\"https:\/\/retoelajorge.es\/wp-content\/uploads\/2020\/02\/26_4.jpg 720w, https:\/\/retoelajorge.es\/wp-content\/uploads\/2020\/02\/26_4-300x200.jpg 300w\" sizes=\"auto, (max-width: 720px) 100vw, 720px\" \/><\/figure><\/li><\/ul><\/figure>\n\n\n\n<p>Y ya, pasado el d\u00eda en cuesti\u00f3n, podemos decir que fue muy duro para Jorge, pero cont\u00f3 con muy buena compa\u00f1\u00eda durante todo el trayecto para auparle hasta la meta. Y ese momento fue \u00fanico, todo el mundo aplaudiendo y vitoreando su nombre, y Jorge explot\u00f3 pero no por el cansancio acumulado si no por la emoci\u00f3n que le embargaba y nos contagi\u00f3 a todos. No pudimos reprimir las l\u00e1grimas ninguno de los all\u00ed presentes. Jorge, campeon\u00edsimo, te queremos\u2026<\/p>\n\n\n\n<p> Si no viste el v\u00eddeo reportaje emitido por Teledeporte, aqu\u00ed te dejo el enlace para visionarlo, <a rel=\"noreferrer noopener\" aria-label=\"xxxi subida veleta (se abre en una nueva pesta\u00f1a)\" href=\"http:\/\/www.rtve.es\/alacarta\/videos\/atletismo\/carreras-montana-prueba-ultrafondo-xxxi-subida-pico-veleta\/3246920.shtml\" target=\"_blank\">xxxi subida veleta<\/a><\/p>\n","protected":false},"excerpt":{"rendered":"<p>Aqu\u00ed cuelgo el v\u00eddeo que ha grabado el exjugador del Granada C.F. que milita actualmente en el Atl\u00e9tico de Madrid, Siqueira, dando \u00e1nimos a Jorge Abarca en su empresa de este fin de semana,&#8230;<\/p>\n","protected":false},"author":1,"featured_media":579,"comment_status":"open","ping_status":"open","sticky":false,"template":"","format":"standard","meta":{"footnotes":""},"categories":[39],"tags":[],"class_list":["post-572","post","type-post","status-publish","format-standard","has-post-thumbnail","hentry","category-retos"],"yoast_head":"<!-- This site is optimized with the Yoast SEO plugin v26.7 - https:\/\/yoast.com\/wordpress\/plugins\/seo\/ -->\n<title>XXXI Subida al Veleta - Mis retos por la ELA<\/title>\n<meta name=\"robots\" content=\"index, follow, max-snippet:-1, max-image-preview:large, max-video-preview:-1\" \/>\n<link rel=\"canonical\" href=\"https:\/\/retoelajorge.es\/index.php\/2015\/08\/11\/xxxi-subida-al-veleta\/\" \/>\n<meta property=\"og:locale\" content=\"es_ES\" \/>\n<meta property=\"og:type\" content=\"article\" \/>\n<meta property=\"og:title\" content=\"XXXI Subida al Veleta - Mis retos por la ELA\" \/>\n<meta property=\"og:description\" content=\"Aqu\u00ed cuelgo el v\u00eddeo que ha grabado el exjugador del Granada C.F. que milita actualmente en el Atl\u00e9tico de Madrid, Siqueira, dando \u00e1nimos a Jorge Abarca en su empresa de este fin de semana,...\" \/>\n<meta property=\"og:url\" content=\"https:\/\/retoelajorge.es\/index.php\/2015\/08\/11\/xxxi-subida-al-veleta\/\" \/>\n<meta property=\"og:site_name\" content=\"Mis retos por la ELA\" \/>\n<meta property=\"article:published_time\" content=\"2015-08-11T13:40:00+00:00\" \/>\n<meta property=\"article:modified_time\" content=\"2020-02-10T10:43:32+00:00\" \/>\n<meta property=\"og:image\" content=\"https:\/\/retoelajorge.es\/wp-content\/uploads\/2020\/02\/xxxi-veleta.jpg\" \/>\n\t<meta property=\"og:image:width\" content=\"352\" \/>\n\t<meta property=\"og:image:height\" content=\"512\" \/>\n\t<meta property=\"og:image:type\" content=\"image\/jpeg\" \/>\n<meta name=\"author\" content=\"retoelajorge\" \/>\n<meta name=\"twitter:card\" content=\"summary_large_image\" \/>\n<meta name=\"twitter:label1\" content=\"Escrito por\" \/>\n\t<meta name=\"twitter:data1\" content=\"retoelajorge\" \/>\n\t<meta name=\"twitter:label2\" content=\"Tiempo de lectura\" \/>\n\t<meta name=\"twitter:data2\" content=\"1 minuto\" \/>\n<script type=\"application\/ld+json\" class=\"yoast-schema-graph\">{\"@context\":\"https:\/\/schema.org\",\"@graph\":[{\"@type\":\"Article\",\"@id\":\"https:\/\/retoelajorge.es\/index.php\/2015\/08\/11\/xxxi-subida-al-veleta\/#article\",\"isPartOf\":{\"@id\":\"https:\/\/retoelajorge.es\/index.php\/2015\/08\/11\/xxxi-subida-al-veleta\/\"},\"author\":{\"name\":\"retoelajorge\",\"@id\":\"https:\/\/retoelajorge.es\/#\/schema\/person\/0e209413f2de4fe381eda14e12288b7d\"},\"headline\":\"XXXI Subida al Veleta\",\"datePublished\":\"2015-08-11T13:40:00+00:00\",\"dateModified\":\"2020-02-10T10:43:32+00:00\",\"mainEntityOfPage\":{\"@id\":\"https:\/\/retoelajorge.es\/index.php\/2015\/08\/11\/xxxi-subida-al-veleta\/\"},\"wordCount\":178,\"commentCount\":0,\"publisher\":{\"@id\":\"https:\/\/retoelajorge.es\/#organization\"},\"image\":{\"@id\":\"https:\/\/retoelajorge.es\/index.php\/2015\/08\/11\/xxxi-subida-al-veleta\/#primaryimage\"},\"thumbnailUrl\":\"https:\/\/retoelajorge.es\/wp-content\/uploads\/2020\/02\/xxxi-veleta.jpg\",\"articleSection\":[\"Retos\"],\"inLanguage\":\"es\",\"potentialAction\":[{\"@type\":\"CommentAction\",\"name\":\"Comment\",\"target\":[\"https:\/\/retoelajorge.es\/index.php\/2015\/08\/11\/xxxi-subida-al-veleta\/#respond\"]}]},{\"@type\":\"WebPage\",\"@id\":\"https:\/\/retoelajorge.es\/index.php\/2015\/08\/11\/xxxi-subida-al-veleta\/\",\"url\":\"https:\/\/retoelajorge.es\/index.php\/2015\/08\/11\/xxxi-subida-al-veleta\/\",\"name\":\"XXXI Subida al Veleta - Mis retos por la ELA\",\"isPartOf\":{\"@id\":\"https:\/\/retoelajorge.es\/#website\"},\"primaryImageOfPage\":{\"@id\":\"https:\/\/retoelajorge.es\/index.php\/2015\/08\/11\/xxxi-subida-al-veleta\/#primaryimage\"},\"image\":{\"@id\":\"https:\/\/retoelajorge.es\/index.php\/2015\/08\/11\/xxxi-subida-al-veleta\/#primaryimage\"},\"thumbnailUrl\":\"https:\/\/retoelajorge.es\/wp-content\/uploads\/2020\/02\/xxxi-veleta.jpg\",\"datePublished\":\"2015-08-11T13:40:00+00:00\",\"dateModified\":\"2020-02-10T10:43:32+00:00\",\"breadcrumb\":{\"@id\":\"https:\/\/retoelajorge.es\/index.php\/2015\/08\/11\/xxxi-subida-al-veleta\/#breadcrumb\"},\"inLanguage\":\"es\",\"potentialAction\":[{\"@type\":\"ReadAction\",\"target\":[\"https:\/\/retoelajorge.es\/index.php\/2015\/08\/11\/xxxi-subida-al-veleta\/\"]}]},{\"@type\":\"ImageObject\",\"inLanguage\":\"es\",\"@id\":\"https:\/\/retoelajorge.es\/index.php\/2015\/08\/11\/xxxi-subida-al-veleta\/#primaryimage\",\"url\":\"https:\/\/retoelajorge.es\/wp-content\/uploads\/2020\/02\/xxxi-veleta.jpg\",\"contentUrl\":\"https:\/\/retoelajorge.es\/wp-content\/uploads\/2020\/02\/xxxi-veleta.jpg\",\"width\":352,\"height\":512},{\"@type\":\"BreadcrumbList\",\"@id\":\"https:\/\/retoelajorge.es\/index.php\/2015\/08\/11\/xxxi-subida-al-veleta\/#breadcrumb\",\"itemListElement\":[{\"@type\":\"ListItem\",\"position\":1,\"name\":\"Portada\",\"item\":\"https:\/\/retoelajorge.es\/\"},{\"@type\":\"ListItem\",\"position\":2,\"name\":\"XXXI Subida al Veleta\"}]},{\"@type\":\"WebSite\",\"@id\":\"https:\/\/retoelajorge.es\/#website\",\"url\":\"https:\/\/retoelajorge.es\/\",\"name\":\"Mis retos por la ELA\",\"description\":\"Blog de un afectado de ELA\",\"publisher\":{\"@id\":\"https:\/\/retoelajorge.es\/#organization\"},\"potentialAction\":[{\"@type\":\"SearchAction\",\"target\":{\"@type\":\"EntryPoint\",\"urlTemplate\":\"https:\/\/retoelajorge.es\/?s={search_term_string}\"},\"query-input\":{\"@type\":\"PropertyValueSpecification\",\"valueRequired\":true,\"valueName\":\"search_term_string\"}}],\"inLanguage\":\"es\"},{\"@type\":\"Organization\",\"@id\":\"https:\/\/retoelajorge.es\/#organization\",\"name\":\"Mis retos por la ELA\",\"url\":\"https:\/\/retoelajorge.es\/\",\"logo\":{\"@type\":\"ImageObject\",\"inLanguage\":\"es\",\"@id\":\"https:\/\/retoelajorge.es\/#\/schema\/logo\/image\/\",\"url\":\"https:\/\/retoelajorge.es\/wp-content\/uploads\/2020\/02\/Jorge-scaled-e1583395872979.jpg\",\"contentUrl\":\"https:\/\/retoelajorge.es\/wp-content\/uploads\/2020\/02\/Jorge-scaled-e1583395872979.jpg\",\"width\":1900,\"height\":1045,\"caption\":\"Mis retos por la ELA\"},\"image\":{\"@id\":\"https:\/\/retoelajorge.es\/#\/schema\/logo\/image\/\"}},{\"@type\":\"Person\",\"@id\":\"https:\/\/retoelajorge.es\/#\/schema\/person\/0e209413f2de4fe381eda14e12288b7d\",\"name\":\"retoelajorge\",\"image\":{\"@type\":\"ImageObject\",\"inLanguage\":\"es\",\"@id\":\"https:\/\/retoelajorge.es\/#\/schema\/person\/image\/\",\"url\":\"https:\/\/secure.gravatar.com\/avatar\/bdd30a868985f69f97d362fc89c201f7860ec568aa2b42cb67e1ab7857b91971?s=96&d=mm&r=g\",\"contentUrl\":\"https:\/\/secure.gravatar.com\/avatar\/bdd30a868985f69f97d362fc89c201f7860ec568aa2b42cb67e1ab7857b91971?s=96&d=mm&r=g\",\"caption\":\"retoelajorge\"},\"url\":\"https:\/\/retoelajorge.es\/index.php\/author\/admin\/\"}]}<\/script>\n<!-- \/ Yoast SEO plugin. -->","yoast_head_json":{"title":"XXXI Subida al Veleta - Mis retos por la ELA","robots":{"index":"index","follow":"follow","max-snippet":"max-snippet:-1","max-image-preview":"max-image-preview:large","max-video-preview":"max-video-preview:-1"},"canonical":"https:\/\/retoelajorge.es\/index.php\/2015\/08\/11\/xxxi-subida-al-veleta\/","og_locale":"es_ES","og_type":"article","og_title":"XXXI Subida al Veleta - Mis retos por la ELA","og_description":"Aqu\u00ed cuelgo el v\u00eddeo que ha grabado el exjugador del Granada C.F. que milita actualmente en el Atl\u00e9tico de Madrid, Siqueira, dando \u00e1nimos a Jorge Abarca en su empresa de este fin de semana,...","og_url":"https:\/\/retoelajorge.es\/index.php\/2015\/08\/11\/xxxi-subida-al-veleta\/","og_site_name":"Mis retos por la ELA","article_published_time":"2015-08-11T13:40:00+00:00","article_modified_time":"2020-02-10T10:43:32+00:00","og_image":[{"width":352,"height":512,"url":"https:\/\/retoelajorge.es\/wp-content\/uploads\/2020\/02\/xxxi-veleta.jpg","type":"image\/jpeg"}],"author":"retoelajorge","twitter_card":"summary_large_image","twitter_misc":{"Escrito por":"retoelajorge","Tiempo de lectura":"1 minuto"},"schema":{"@context":"https:\/\/schema.org","@graph":[{"@type":"Article","@id":"https:\/\/retoelajorge.es\/index.php\/2015\/08\/11\/xxxi-subida-al-veleta\/#article","isPartOf":{"@id":"https:\/\/retoelajorge.es\/index.php\/2015\/08\/11\/xxxi-subida-al-veleta\/"},"author":{"name":"retoelajorge","@id":"https:\/\/retoelajorge.es\/#\/schema\/person\/0e209413f2de4fe381eda14e12288b7d"},"headline":"XXXI Subida al Veleta","datePublished":"2015-08-11T13:40:00+00:00","dateModified":"2020-02-10T10:43:32+00:00","mainEntityOfPage":{"@id":"https:\/\/retoelajorge.es\/index.php\/2015\/08\/11\/xxxi-subida-al-veleta\/"},"wordCount":178,"commentCount":0,"publisher":{"@id":"https:\/\/retoelajorge.es\/#organization"},"image":{"@id":"https:\/\/retoelajorge.es\/index.php\/2015\/08\/11\/xxxi-subida-al-veleta\/#primaryimage"},"thumbnailUrl":"https:\/\/retoelajorge.es\/wp-content\/uploads\/2020\/02\/xxxi-veleta.jpg","articleSection":["Retos"],"inLanguage":"es","potentialAction":[{"@type":"CommentAction","name":"Comment","target":["https:\/\/retoelajorge.es\/index.php\/2015\/08\/11\/xxxi-subida-al-veleta\/#respond"]}]},{"@type":"WebPage","@id":"https:\/\/retoelajorge.es\/index.php\/2015\/08\/11\/xxxi-subida-al-veleta\/","url":"https:\/\/retoelajorge.es\/index.php\/2015\/08\/11\/xxxi-subida-al-veleta\/","name":"XXXI Subida al Veleta - Mis retos por la ELA","isPartOf":{"@id":"https:\/\/retoelajorge.es\/#website"},"primaryImageOfPage":{"@id":"https:\/\/retoelajorge.es\/index.php\/2015\/08\/11\/xxxi-subida-al-veleta\/#primaryimage"},"image":{"@id":"https:\/\/retoelajorge.es\/index.php\/2015\/08\/11\/xxxi-subida-al-veleta\/#primaryimage"},"thumbnailUrl":"https:\/\/retoelajorge.es\/wp-content\/uploads\/2020\/02\/xxxi-veleta.jpg","datePublished":"2015-08-11T13:40:00+00:00","dateModified":"2020-02-10T10:43:32+00:00","breadcrumb":{"@id":"https:\/\/retoelajorge.es\/index.php\/2015\/08\/11\/xxxi-subida-al-veleta\/#breadcrumb"},"inLanguage":"es","potentialAction":[{"@type":"ReadAction","target":["https:\/\/retoelajorge.es\/index.php\/2015\/08\/11\/xxxi-subida-al-veleta\/"]}]},{"@type":"ImageObject","inLanguage":"es","@id":"https:\/\/retoelajorge.es\/index.php\/2015\/08\/11\/xxxi-subida-al-veleta\/#primaryimage","url":"https:\/\/retoelajorge.es\/wp-content\/uploads\/2020\/02\/xxxi-veleta.jpg","contentUrl":"https:\/\/retoelajorge.es\/wp-content\/uploads\/2020\/02\/xxxi-veleta.jpg","width":352,"height":512},{"@type":"BreadcrumbList","@id":"https:\/\/retoelajorge.es\/index.php\/2015\/08\/11\/xxxi-subida-al-veleta\/#breadcrumb","itemListElement":[{"@type":"ListItem","position":1,"name":"Portada","item":"https:\/\/retoelajorge.es\/"},{"@type":"ListItem","position":2,"name":"XXXI Subida al Veleta"}]},{"@type":"WebSite","@id":"https:\/\/retoelajorge.es\/#website","url":"https:\/\/retoelajorge.es\/","name":"Mis retos por la ELA","description":"Blog de un afectado de ELA","publisher":{"@id":"https:\/\/retoelajorge.es\/#organization"},"potentialAction":[{"@type":"SearchAction","target":{"@type":"EntryPoint","urlTemplate":"https:\/\/retoelajorge.es\/?s={search_term_string}"},"query-input":{"@type":"PropertyValueSpecification","valueRequired":true,"valueName":"search_term_string"}}],"inLanguage":"es"},{"@type":"Organization","@id":"https:\/\/retoelajorge.es\/#organization","name":"Mis retos por la ELA","url":"https:\/\/retoelajorge.es\/","logo":{"@type":"ImageObject","inLanguage":"es","@id":"https:\/\/retoelajorge.es\/#\/schema\/logo\/image\/","url":"https:\/\/retoelajorge.es\/wp-content\/uploads\/2020\/02\/Jorge-scaled-e1583395872979.jpg","contentUrl":"https:\/\/retoelajorge.es\/wp-content\/uploads\/2020\/02\/Jorge-scaled-e1583395872979.jpg","width":1900,"height":1045,"caption":"Mis retos por la ELA"},"image":{"@id":"https:\/\/retoelajorge.es\/#\/schema\/logo\/image\/"}},{"@type":"Person","@id":"https:\/\/retoelajorge.es\/#\/schema\/person\/0e209413f2de4fe381eda14e12288b7d","name":"retoelajorge","image":{"@type":"ImageObject","inLanguage":"es","@id":"https:\/\/retoelajorge.es\/#\/schema\/person\/image\/","url":"https:\/\/secure.gravatar.com\/avatar\/bdd30a868985f69f97d362fc89c201f7860ec568aa2b42cb67e1ab7857b91971?s=96&d=mm&r=g","contentUrl":"https:\/\/secure.gravatar.com\/avatar\/bdd30a868985f69f97d362fc89c201f7860ec568aa2b42cb67e1ab7857b91971?s=96&d=mm&r=g","caption":"retoelajorge"},"url":"https:\/\/retoelajorge.es\/index.php\/author\/admin\/"}]}},"_links":{"self":[{"href":"https:\/\/retoelajorge.es\/index.php\/wp-json\/wp\/v2\/posts\/572","targetHints":{"allow":["GET"]}}],"collection":[{"href":"https:\/\/retoelajorge.es\/index.php\/wp-json\/wp\/v2\/posts"}],"about":[{"href":"https:\/\/retoelajorge.es\/index.php\/wp-json\/wp\/v2\/types\/post"}],"author":[{"embeddable":true,"href":"https:\/\/retoelajorge.es\/index.php\/wp-json\/wp\/v2\/users\/1"}],"replies":[{"embeddable":true,"href":"https:\/\/retoelajorge.es\/index.php\/wp-json\/wp\/v2\/comments?post=572"}],"version-history":[{"count":3,"href":"https:\/\/retoelajorge.es\/index.php\/wp-json\/wp\/v2\/posts\/572\/revisions"}],"predecessor-version":[{"id":580,"href":"https:\/\/retoelajorge.es\/index.php\/wp-json\/wp\/v2\/posts\/572\/revisions\/580"}],"wp:featuredmedia":[{"embeddable":true,"href":"https:\/\/retoelajorge.es\/index.php\/wp-json\/wp\/v2\/media\/579"}],"wp:attachment":[{"href":"https:\/\/retoelajorge.es\/index.php\/wp-json\/wp\/v2\/media?parent=572"}],"wp:term":[{"taxonomy":"category","embeddable":true,"href":"https:\/\/retoelajorge.es\/index.php\/wp-json\/wp\/v2\/categories?post=572"},{"taxonomy":"post_tag","embeddable":true,"href":"https:\/\/retoelajorge.es\/index.php\/wp-json\/wp\/v2\/tags?post=572"}],"curies":[{"name":"wp","href":"https:\/\/api.w.org\/{rel}","templated":true}]}}