{"id":607,"date":"2015-08-29T19:55:26","date_gmt":"2015-08-29T19:55:26","guid":{"rendered":"http:\/\/retoelajorge.es\/?p=607"},"modified":"2020-02-10T12:07:55","modified_gmt":"2020-02-10T12:07:55","slug":"dia-tres-cordoba-villaharta","status":"publish","type":"post","link":"https:\/\/retoelajorge.es\/index.php\/2015\/08\/29\/dia-tres-cordoba-villaharta\/","title":{"rendered":"D\u00eda tres: C\u00f3rdoba &#8211; Villaharta"},"content":{"rendered":"\n<figure class=\"wp-block-embed-youtube wp-block-embed is-type-video is-provider-youtube wp-embed-aspect-4-3 wp-has-aspect-ratio\"><div class=\"wp-block-embed__wrapper\">\n<iframe loading=\"lazy\" title=\"Etapa3\" width=\"640\" height=\"480\" src=\"https:\/\/www.youtube.com\/embed\/PpsbKMSVjzc?feature=oembed\" frameborder=\"0\" allow=\"accelerometer; autoplay; clipboard-write; encrypted-media; gyroscope; picture-in-picture; web-share\" referrerpolicy=\"strict-origin-when-cross-origin\" allowfullscreen><\/iframe>\n<\/div><figcaption>Presentaci\u00f3n y dedicatoria de la etapa<\/figcaption><\/figure>\n\n\n\n<p>Despu\u00e9s de un fuerte d\u00eda de calor en C\u00f3rdoba, tanto por el recibimiento como por la fuerte subida de temperatura, nos preparamos para hacer la salida lo antes posible. Pakito Garc\u00eda y Rafa nos guiaron por la ciudad para salir hacia Cerro Muriano que nos esperaba tras una fuerte subida. <\/p>\n\n\n\n<p>Chelo y Rosa nos ten\u00edan preparado un avituallamiento a mitad de puerto, \u00a1qu\u00e9 har\u00edamos sin ellas! Llevamos una pareja especializada en perderse, como as\u00ed ocurri\u00f3. Aparecieron por el Vacar casi media hora tarde. <\/p>\n\n\n\n<div class=\"wp-block-image\"><figure class=\"aligncenter size-large\"><img loading=\"lazy\" decoding=\"async\" width=\"852\" height=\"640\" src=\"https:\/\/retoelajorge.es\/wp-content\/uploads\/2020\/02\/31_1.jpg\" alt=\"\" class=\"wp-image-609\" srcset=\"https:\/\/retoelajorge.es\/wp-content\/uploads\/2020\/02\/31_1.jpg 852w, https:\/\/retoelajorge.es\/wp-content\/uploads\/2020\/02\/31_1-300x225.jpg 300w, https:\/\/retoelajorge.es\/wp-content\/uploads\/2020\/02\/31_1-768x577.jpg 768w\" sizes=\"auto, (max-width: 852px) 100vw, 852px\" \/><figcaption>Avituallamiento en El Vacar (C\u00f3rdoba)<\/figcaption><\/figure><\/div>\n\n\n\n<p>Y como siempre, si hay siete caminos, hay siete opiniones sobre la mejor opci\u00f3n y Miguel \u00c1ngel, como conductor del t\u00e1ndem nos llev\u00f3 de excursi\u00f3n por medio del monte, por una vereda de cabras que por poco si podemos atravesar. Pasado el susto, continuamos para Villaharta por una fuerte subida al final de la cual nos sorprendi\u00f3 la presencia de nuestra familia venida desde Granada. <\/p>\n\n\n\n<div class=\"wp-block-image\"><figure class=\"aligncenter size-large\"><img loading=\"lazy\" decoding=\"async\" width=\"1024\" height=\"768\" src=\"https:\/\/retoelajorge.es\/wp-content\/uploads\/2020\/02\/31_2-1024x768.jpg\" alt=\"\" class=\"wp-image-610\" srcset=\"https:\/\/retoelajorge.es\/wp-content\/uploads\/2020\/02\/31_2-1024x768.jpg 1024w, https:\/\/retoelajorge.es\/wp-content\/uploads\/2020\/02\/31_2-300x225.jpg 300w, https:\/\/retoelajorge.es\/wp-content\/uploads\/2020\/02\/31_2-768x576.jpg 768w, https:\/\/retoelajorge.es\/wp-content\/uploads\/2020\/02\/31_2-1536x1152.jpg 1536w, https:\/\/retoelajorge.es\/wp-content\/uploads\/2020\/02\/31_2.jpg 1600w\" sizes=\"auto, (max-width: 1024px) 100vw, 1024px\" \/><figcaption>Llegada a Villaharta<\/figcaption><\/figure><\/div>\n\n\n\n<p>Acabamos la jornada en el balneario Aguas de Villaharta disfrutando de su piscina y ubicaci\u00f3n privilegiada.<\/p>\n\n\n\n<div class=\"wp-block-image\"><figure class=\"aligncenter size-large\"><img loading=\"lazy\" decoding=\"async\" width=\"852\" height=\"640\" src=\"https:\/\/retoelajorge.es\/wp-content\/uploads\/2020\/02\/31_4.jpg\" alt=\"\" class=\"wp-image-611\" srcset=\"https:\/\/retoelajorge.es\/wp-content\/uploads\/2020\/02\/31_4.jpg 852w, https:\/\/retoelajorge.es\/wp-content\/uploads\/2020\/02\/31_4-300x225.jpg 300w, https:\/\/retoelajorge.es\/wp-content\/uploads\/2020\/02\/31_4-768x577.jpg 768w\" sizes=\"auto, (max-width: 852px) 100vw, 852px\" \/><figcaption>En nuestro alojamiento de Villaharta, Balneario Aguas de Villaharta<\/figcaption><\/figure><\/div>\n","protected":false},"excerpt":{"rendered":"<p>Despu\u00e9s de un fuerte d\u00eda de calor en C\u00f3rdoba, tanto por el recibimiento como por la fuerte subida de temperatura, nos preparamos para hacer la salida lo antes posible. Pakito Garc\u00eda y Rafa nos&#8230;<\/p>\n","protected":false},"author":1,"featured_media":608,"comment_status":"open","ping_status":"open","sticky":false,"template":"","format":"standard","meta":{"footnotes":""},"categories":[39],"tags":[45,43],"class_list":["post-607","post","type-post","status-publish","format-standard","has-post-thumbnail","hentry","category-retos","tag-camino-de-santiago","tag-ela"],"yoast_head":"<!-- This site is optimized with the Yoast SEO plugin v26.7 - https:\/\/yoast.com\/wordpress\/plugins\/seo\/ -->\n<title>D\u00eda tres: C\u00f3rdoba - Villaharta - Mis retos por la ELA<\/title>\n<meta name=\"robots\" content=\"index, follow, max-snippet:-1, max-image-preview:large, max-video-preview:-1\" \/>\n<link rel=\"canonical\" href=\"https:\/\/retoelajorge.es\/index.php\/2015\/08\/29\/dia-tres-cordoba-villaharta\/\" \/>\n<meta property=\"og:locale\" content=\"es_ES\" \/>\n<meta property=\"og:type\" content=\"article\" \/>\n<meta property=\"og:title\" content=\"D\u00eda tres: C\u00f3rdoba - Villaharta - Mis retos por la ELA\" \/>\n<meta property=\"og:description\" content=\"Despu\u00e9s de un fuerte d\u00eda de calor en C\u00f3rdoba, tanto por el recibimiento como por la fuerte subida de temperatura, nos preparamos para hacer la salida lo antes posible. Pakito Garc\u00eda y Rafa nos...\" \/>\n<meta property=\"og:url\" content=\"https:\/\/retoelajorge.es\/index.php\/2015\/08\/29\/dia-tres-cordoba-villaharta\/\" \/>\n<meta property=\"og:site_name\" content=\"Mis retos por la ELA\" \/>\n<meta property=\"article:published_time\" content=\"2015-08-29T19:55:26+00:00\" \/>\n<meta property=\"article:modified_time\" content=\"2020-02-10T12:07:55+00:00\" \/>\n<meta property=\"og:image\" content=\"https:\/\/retoelajorge.es\/wp-content\/uploads\/2020\/02\/31_3.jpg\" \/>\n\t<meta property=\"og:image:width\" content=\"720\" \/>\n\t<meta property=\"og:image:height\" content=\"960\" \/>\n\t<meta property=\"og:image:type\" content=\"image\/jpeg\" \/>\n<meta name=\"author\" content=\"retoelajorge\" \/>\n<meta name=\"twitter:card\" content=\"summary_large_image\" \/>\n<meta name=\"twitter:label1\" content=\"Escrito por\" \/>\n\t<meta name=\"twitter:data1\" content=\"retoelajorge\" \/>\n\t<meta name=\"twitter:label2\" content=\"Tiempo de lectura\" \/>\n\t<meta name=\"twitter:data2\" content=\"1 minuto\" \/>\n<script type=\"application\/ld+json\" class=\"yoast-schema-graph\">{\"@context\":\"https:\/\/schema.org\",\"@graph\":[{\"@type\":\"Article\",\"@id\":\"https:\/\/retoelajorge.es\/index.php\/2015\/08\/29\/dia-tres-cordoba-villaharta\/#article\",\"isPartOf\":{\"@id\":\"https:\/\/retoelajorge.es\/index.php\/2015\/08\/29\/dia-tres-cordoba-villaharta\/\"},\"author\":{\"name\":\"retoelajorge\",\"@id\":\"https:\/\/retoelajorge.es\/#\/schema\/person\/0e209413f2de4fe381eda14e12288b7d\"},\"headline\":\"D\u00eda tres: C\u00f3rdoba &#8211; Villaharta\",\"datePublished\":\"2015-08-29T19:55:26+00:00\",\"dateModified\":\"2020-02-10T12:07:55+00:00\",\"mainEntityOfPage\":{\"@id\":\"https:\/\/retoelajorge.es\/index.php\/2015\/08\/29\/dia-tres-cordoba-villaharta\/\"},\"wordCount\":210,\"commentCount\":0,\"publisher\":{\"@id\":\"https:\/\/retoelajorge.es\/#organization\"},\"image\":{\"@id\":\"https:\/\/retoelajorge.es\/index.php\/2015\/08\/29\/dia-tres-cordoba-villaharta\/#primaryimage\"},\"thumbnailUrl\":\"https:\/\/retoelajorge.es\/wp-content\/uploads\/2020\/02\/31_3.jpg\",\"keywords\":[\"Camino de Santiago\",\"ELA\"],\"articleSection\":[\"Retos\"],\"inLanguage\":\"es\",\"potentialAction\":[{\"@type\":\"CommentAction\",\"name\":\"Comment\",\"target\":[\"https:\/\/retoelajorge.es\/index.php\/2015\/08\/29\/dia-tres-cordoba-villaharta\/#respond\"]}]},{\"@type\":\"WebPage\",\"@id\":\"https:\/\/retoelajorge.es\/index.php\/2015\/08\/29\/dia-tres-cordoba-villaharta\/\",\"url\":\"https:\/\/retoelajorge.es\/index.php\/2015\/08\/29\/dia-tres-cordoba-villaharta\/\",\"name\":\"D\u00eda tres: C\u00f3rdoba - Villaharta - Mis retos por la ELA\",\"isPartOf\":{\"@id\":\"https:\/\/retoelajorge.es\/#website\"},\"primaryImageOfPage\":{\"@id\":\"https:\/\/retoelajorge.es\/index.php\/2015\/08\/29\/dia-tres-cordoba-villaharta\/#primaryimage\"},\"image\":{\"@id\":\"https:\/\/retoelajorge.es\/index.php\/2015\/08\/29\/dia-tres-cordoba-villaharta\/#primaryimage\"},\"thumbnailUrl\":\"https:\/\/retoelajorge.es\/wp-content\/uploads\/2020\/02\/31_3.jpg\",\"datePublished\":\"2015-08-29T19:55:26+00:00\",\"dateModified\":\"2020-02-10T12:07:55+00:00\",\"breadcrumb\":{\"@id\":\"https:\/\/retoelajorge.es\/index.php\/2015\/08\/29\/dia-tres-cordoba-villaharta\/#breadcrumb\"},\"inLanguage\":\"es\",\"potentialAction\":[{\"@type\":\"ReadAction\",\"target\":[\"https:\/\/retoelajorge.es\/index.php\/2015\/08\/29\/dia-tres-cordoba-villaharta\/\"]}]},{\"@type\":\"ImageObject\",\"inLanguage\":\"es\",\"@id\":\"https:\/\/retoelajorge.es\/index.php\/2015\/08\/29\/dia-tres-cordoba-villaharta\/#primaryimage\",\"url\":\"https:\/\/retoelajorge.es\/wp-content\/uploads\/2020\/02\/31_3.jpg\",\"contentUrl\":\"https:\/\/retoelajorge.es\/wp-content\/uploads\/2020\/02\/31_3.jpg\",\"width\":720,\"height\":960},{\"@type\":\"BreadcrumbList\",\"@id\":\"https:\/\/retoelajorge.es\/index.php\/2015\/08\/29\/dia-tres-cordoba-villaharta\/#breadcrumb\",\"itemListElement\":[{\"@type\":\"ListItem\",\"position\":1,\"name\":\"Portada\",\"item\":\"https:\/\/retoelajorge.es\/\"},{\"@type\":\"ListItem\",\"position\":2,\"name\":\"D\u00eda tres: C\u00f3rdoba &#8211; Villaharta\"}]},{\"@type\":\"WebSite\",\"@id\":\"https:\/\/retoelajorge.es\/#website\",\"url\":\"https:\/\/retoelajorge.es\/\",\"name\":\"Mis retos por la ELA\",\"description\":\"Blog de un afectado de ELA\",\"publisher\":{\"@id\":\"https:\/\/retoelajorge.es\/#organization\"},\"potentialAction\":[{\"@type\":\"SearchAction\",\"target\":{\"@type\":\"EntryPoint\",\"urlTemplate\":\"https:\/\/retoelajorge.es\/?s={search_term_string}\"},\"query-input\":{\"@type\":\"PropertyValueSpecification\",\"valueRequired\":true,\"valueName\":\"search_term_string\"}}],\"inLanguage\":\"es\"},{\"@type\":\"Organization\",\"@id\":\"https:\/\/retoelajorge.es\/#organization\",\"name\":\"Mis retos por la ELA\",\"url\":\"https:\/\/retoelajorge.es\/\",\"logo\":{\"@type\":\"ImageObject\",\"inLanguage\":\"es\",\"@id\":\"https:\/\/retoelajorge.es\/#\/schema\/logo\/image\/\",\"url\":\"https:\/\/retoelajorge.es\/wp-content\/uploads\/2020\/02\/Jorge-scaled-e1583395872979.jpg\",\"contentUrl\":\"https:\/\/retoelajorge.es\/wp-content\/uploads\/2020\/02\/Jorge-scaled-e1583395872979.jpg\",\"width\":1900,\"height\":1045,\"caption\":\"Mis retos por la ELA\"},\"image\":{\"@id\":\"https:\/\/retoelajorge.es\/#\/schema\/logo\/image\/\"}},{\"@type\":\"Person\",\"@id\":\"https:\/\/retoelajorge.es\/#\/schema\/person\/0e209413f2de4fe381eda14e12288b7d\",\"name\":\"retoelajorge\",\"image\":{\"@type\":\"ImageObject\",\"inLanguage\":\"es\",\"@id\":\"https:\/\/retoelajorge.es\/#\/schema\/person\/image\/\",\"url\":\"https:\/\/secure.gravatar.com\/avatar\/bdd30a868985f69f97d362fc89c201f7860ec568aa2b42cb67e1ab7857b91971?s=96&d=mm&r=g\",\"contentUrl\":\"https:\/\/secure.gravatar.com\/avatar\/bdd30a868985f69f97d362fc89c201f7860ec568aa2b42cb67e1ab7857b91971?s=96&d=mm&r=g\",\"caption\":\"retoelajorge\"},\"url\":\"https:\/\/retoelajorge.es\/index.php\/author\/admin\/\"}]}<\/script>\n<!-- \/ Yoast SEO plugin. -->","yoast_head_json":{"title":"D\u00eda tres: C\u00f3rdoba - Villaharta - Mis retos por la ELA","robots":{"index":"index","follow":"follow","max-snippet":"max-snippet:-1","max-image-preview":"max-image-preview:large","max-video-preview":"max-video-preview:-1"},"canonical":"https:\/\/retoelajorge.es\/index.php\/2015\/08\/29\/dia-tres-cordoba-villaharta\/","og_locale":"es_ES","og_type":"article","og_title":"D\u00eda tres: C\u00f3rdoba - Villaharta - Mis retos por la ELA","og_description":"Despu\u00e9s de un fuerte d\u00eda de calor en C\u00f3rdoba, tanto por el recibimiento como por la fuerte subida de temperatura, nos preparamos para hacer la salida lo antes posible. Pakito Garc\u00eda y Rafa nos...","og_url":"https:\/\/retoelajorge.es\/index.php\/2015\/08\/29\/dia-tres-cordoba-villaharta\/","og_site_name":"Mis retos por la ELA","article_published_time":"2015-08-29T19:55:26+00:00","article_modified_time":"2020-02-10T12:07:55+00:00","og_image":[{"width":720,"height":960,"url":"https:\/\/retoelajorge.es\/wp-content\/uploads\/2020\/02\/31_3.jpg","type":"image\/jpeg"}],"author":"retoelajorge","twitter_card":"summary_large_image","twitter_misc":{"Escrito por":"retoelajorge","Tiempo de lectura":"1 minuto"},"schema":{"@context":"https:\/\/schema.org","@graph":[{"@type":"Article","@id":"https:\/\/retoelajorge.es\/index.php\/2015\/08\/29\/dia-tres-cordoba-villaharta\/#article","isPartOf":{"@id":"https:\/\/retoelajorge.es\/index.php\/2015\/08\/29\/dia-tres-cordoba-villaharta\/"},"author":{"name":"retoelajorge","@id":"https:\/\/retoelajorge.es\/#\/schema\/person\/0e209413f2de4fe381eda14e12288b7d"},"headline":"D\u00eda tres: C\u00f3rdoba &#8211; Villaharta","datePublished":"2015-08-29T19:55:26+00:00","dateModified":"2020-02-10T12:07:55+00:00","mainEntityOfPage":{"@id":"https:\/\/retoelajorge.es\/index.php\/2015\/08\/29\/dia-tres-cordoba-villaharta\/"},"wordCount":210,"commentCount":0,"publisher":{"@id":"https:\/\/retoelajorge.es\/#organization"},"image":{"@id":"https:\/\/retoelajorge.es\/index.php\/2015\/08\/29\/dia-tres-cordoba-villaharta\/#primaryimage"},"thumbnailUrl":"https:\/\/retoelajorge.es\/wp-content\/uploads\/2020\/02\/31_3.jpg","keywords":["Camino de Santiago","ELA"],"articleSection":["Retos"],"inLanguage":"es","potentialAction":[{"@type":"CommentAction","name":"Comment","target":["https:\/\/retoelajorge.es\/index.php\/2015\/08\/29\/dia-tres-cordoba-villaharta\/#respond"]}]},{"@type":"WebPage","@id":"https:\/\/retoelajorge.es\/index.php\/2015\/08\/29\/dia-tres-cordoba-villaharta\/","url":"https:\/\/retoelajorge.es\/index.php\/2015\/08\/29\/dia-tres-cordoba-villaharta\/","name":"D\u00eda tres: C\u00f3rdoba - Villaharta - Mis retos por la ELA","isPartOf":{"@id":"https:\/\/retoelajorge.es\/#website"},"primaryImageOfPage":{"@id":"https:\/\/retoelajorge.es\/index.php\/2015\/08\/29\/dia-tres-cordoba-villaharta\/#primaryimage"},"image":{"@id":"https:\/\/retoelajorge.es\/index.php\/2015\/08\/29\/dia-tres-cordoba-villaharta\/#primaryimage"},"thumbnailUrl":"https:\/\/retoelajorge.es\/wp-content\/uploads\/2020\/02\/31_3.jpg","datePublished":"2015-08-29T19:55:26+00:00","dateModified":"2020-02-10T12:07:55+00:00","breadcrumb":{"@id":"https:\/\/retoelajorge.es\/index.php\/2015\/08\/29\/dia-tres-cordoba-villaharta\/#breadcrumb"},"inLanguage":"es","potentialAction":[{"@type":"ReadAction","target":["https:\/\/retoelajorge.es\/index.php\/2015\/08\/29\/dia-tres-cordoba-villaharta\/"]}]},{"@type":"ImageObject","inLanguage":"es","@id":"https:\/\/retoelajorge.es\/index.php\/2015\/08\/29\/dia-tres-cordoba-villaharta\/#primaryimage","url":"https:\/\/retoelajorge.es\/wp-content\/uploads\/2020\/02\/31_3.jpg","contentUrl":"https:\/\/retoelajorge.es\/wp-content\/uploads\/2020\/02\/31_3.jpg","width":720,"height":960},{"@type":"BreadcrumbList","@id":"https:\/\/retoelajorge.es\/index.php\/2015\/08\/29\/dia-tres-cordoba-villaharta\/#breadcrumb","itemListElement":[{"@type":"ListItem","position":1,"name":"Portada","item":"https:\/\/retoelajorge.es\/"},{"@type":"ListItem","position":2,"name":"D\u00eda tres: C\u00f3rdoba &#8211; Villaharta"}]},{"@type":"WebSite","@id":"https:\/\/retoelajorge.es\/#website","url":"https:\/\/retoelajorge.es\/","name":"Mis retos por la ELA","description":"Blog de un afectado de ELA","publisher":{"@id":"https:\/\/retoelajorge.es\/#organization"},"potentialAction":[{"@type":"SearchAction","target":{"@type":"EntryPoint","urlTemplate":"https:\/\/retoelajorge.es\/?s={search_term_string}"},"query-input":{"@type":"PropertyValueSpecification","valueRequired":true,"valueName":"search_term_string"}}],"inLanguage":"es"},{"@type":"Organization","@id":"https:\/\/retoelajorge.es\/#organization","name":"Mis retos por la ELA","url":"https:\/\/retoelajorge.es\/","logo":{"@type":"ImageObject","inLanguage":"es","@id":"https:\/\/retoelajorge.es\/#\/schema\/logo\/image\/","url":"https:\/\/retoelajorge.es\/wp-content\/uploads\/2020\/02\/Jorge-scaled-e1583395872979.jpg","contentUrl":"https:\/\/retoelajorge.es\/wp-content\/uploads\/2020\/02\/Jorge-scaled-e1583395872979.jpg","width":1900,"height":1045,"caption":"Mis retos por la ELA"},"image":{"@id":"https:\/\/retoelajorge.es\/#\/schema\/logo\/image\/"}},{"@type":"Person","@id":"https:\/\/retoelajorge.es\/#\/schema\/person\/0e209413f2de4fe381eda14e12288b7d","name":"retoelajorge","image":{"@type":"ImageObject","inLanguage":"es","@id":"https:\/\/retoelajorge.es\/#\/schema\/person\/image\/","url":"https:\/\/secure.gravatar.com\/avatar\/bdd30a868985f69f97d362fc89c201f7860ec568aa2b42cb67e1ab7857b91971?s=96&d=mm&r=g","contentUrl":"https:\/\/secure.gravatar.com\/avatar\/bdd30a868985f69f97d362fc89c201f7860ec568aa2b42cb67e1ab7857b91971?s=96&d=mm&r=g","caption":"retoelajorge"},"url":"https:\/\/retoelajorge.es\/index.php\/author\/admin\/"}]}},"_links":{"self":[{"href":"https:\/\/retoelajorge.es\/index.php\/wp-json\/wp\/v2\/posts\/607","targetHints":{"allow":["GET"]}}],"collection":[{"href":"https:\/\/retoelajorge.es\/index.php\/wp-json\/wp\/v2\/posts"}],"about":[{"href":"https:\/\/retoelajorge.es\/index.php\/wp-json\/wp\/v2\/types\/post"}],"author":[{"embeddable":true,"href":"https:\/\/retoelajorge.es\/index.php\/wp-json\/wp\/v2\/users\/1"}],"replies":[{"embeddable":true,"href":"https:\/\/retoelajorge.es\/index.php\/wp-json\/wp\/v2\/comments?post=607"}],"version-history":[{"count":1,"href":"https:\/\/retoelajorge.es\/index.php\/wp-json\/wp\/v2\/posts\/607\/revisions"}],"predecessor-version":[{"id":612,"href":"https:\/\/retoelajorge.es\/index.php\/wp-json\/wp\/v2\/posts\/607\/revisions\/612"}],"wp:featuredmedia":[{"embeddable":true,"href":"https:\/\/retoelajorge.es\/index.php\/wp-json\/wp\/v2\/media\/608"}],"wp:attachment":[{"href":"https:\/\/retoelajorge.es\/index.php\/wp-json\/wp\/v2\/media?parent=607"}],"wp:term":[{"taxonomy":"category","embeddable":true,"href":"https:\/\/retoelajorge.es\/index.php\/wp-json\/wp\/v2\/categories?post=607"},{"taxonomy":"post_tag","embeddable":true,"href":"https:\/\/retoelajorge.es\/index.php\/wp-json\/wp\/v2\/tags?post=607"}],"curies":[{"name":"wp","href":"https:\/\/api.w.org\/{rel}","templated":true}]}}