{"id":613,"date":"2015-08-30T20:10:00","date_gmt":"2015-08-30T20:10:00","guid":{"rendered":"http:\/\/retoelajorge.es\/?p=613"},"modified":"2020-02-10T12:25:51","modified_gmt":"2020-02-10T12:25:51","slug":"dia-cuatro-villaharta-hinojosa-del-duque","status":"publish","type":"post","link":"https:\/\/retoelajorge.es\/index.php\/2015\/08\/30\/dia-cuatro-villaharta-hinojosa-del-duque\/","title":{"rendered":"D\u00eda cuatro: Villaharta &#8211; Hinojosa del Duque"},"content":{"rendered":"\n<p>Antes de empezar el relato de esta jornada, indicar que a partir de ahora hemos nombrado redactor de novedades a Miguel Aguilera, alias el abuelo y uno de los componentes principales del equipo de retoelajorge. Aqu\u00ed lo pod\u00e9is ver <\/p>\n\n\n\n<div class=\"wp-block-image\"><figure class=\"aligncenter size-large\"><img loading=\"lazy\" decoding=\"async\" width=\"533\" height=\"800\" src=\"https:\/\/retoelajorge.es\/wp-content\/uploads\/2020\/02\/32_1.jpg\" alt=\"\" class=\"wp-image-614\" srcset=\"https:\/\/retoelajorge.es\/wp-content\/uploads\/2020\/02\/32_1.jpg 533w, https:\/\/retoelajorge.es\/wp-content\/uploads\/2020\/02\/32_1-200x300.jpg 200w\" sizes=\"auto, (max-width: 533px) 100vw, 533px\" \/><figcaption>Nuestro redactor de las etapas del reto<\/figcaption><\/figure><\/div>\n\n\n\n<p>Iniciamos la jornada, ya sin Sara, que nos abandon\u00f3 tras tres d\u00edas siendo la sombra del t\u00e1ndem. <\/p>\n\n\n\n<div class=\"wp-block-image\"><figure class=\"aligncenter size-large\"><img loading=\"lazy\" decoding=\"async\" width=\"533\" height=\"800\" src=\"https:\/\/retoelajorge.es\/wp-content\/uploads\/2020\/02\/32_2.jpg\" alt=\"\" class=\"wp-image-615\" srcset=\"https:\/\/retoelajorge.es\/wp-content\/uploads\/2020\/02\/32_2.jpg 533w, https:\/\/retoelajorge.es\/wp-content\/uploads\/2020\/02\/32_2-200x300.jpg 200w\" sizes=\"auto, (max-width: 533px) 100vw, 533px\" \/><figcaption>Sara<\/figcaption><\/figure><\/div>\n\n\n\n<p>Antes de las 7 de la ma\u00f1ana nos estaban preparando un magn\u00edfico desayuno, incluyendo las rosquillas t\u00edpicas de la zona. Para esta jornada se nos uni\u00f3 Paco, cu\u00f1ado de Jorge que vino con su familia a pasar este d\u00eda. <\/p>\n\n\n\n<div class=\"wp-block-image\"><figure class=\"aligncenter size-large\"><img loading=\"lazy\" decoding=\"async\" width=\"1024\" height=\"768\" src=\"https:\/\/retoelajorge.es\/wp-content\/uploads\/2020\/02\/32_3-1024x768.jpg\" alt=\"\" class=\"wp-image-616\" srcset=\"https:\/\/retoelajorge.es\/wp-content\/uploads\/2020\/02\/32_3-1024x768.jpg 1024w, https:\/\/retoelajorge.es\/wp-content\/uploads\/2020\/02\/32_3-300x225.jpg 300w, https:\/\/retoelajorge.es\/wp-content\/uploads\/2020\/02\/32_3-768x576.jpg 768w, https:\/\/retoelajorge.es\/wp-content\/uploads\/2020\/02\/32_3-1536x1152.jpg 1536w, https:\/\/retoelajorge.es\/wp-content\/uploads\/2020\/02\/32_3.jpg 1600w\" sizes=\"auto, (max-width: 1024px) 100vw, 1024px\" \/><figcaption>Salida de Villaharta<\/figcaption><\/figure><\/div>\n\n\n\n<p>La subida al puerto Calatrave\u00f1o fue la dificultad mayor del d\u00eda, una subida de unos 5 km, al final de la cual nos esperaba uno de los avituallamientos que nos preparan tan bien Rosa y Chelo. Cuando hay subidas, cada cual lo hace a su ritmo y parecemos un rosario de ciclistas hasta la cima. <\/p>\n\n\n\n<div class=\"wp-block-image\"><figure class=\"aligncenter size-large\"><img loading=\"lazy\" decoding=\"async\" width=\"1024\" height=\"768\" src=\"https:\/\/retoelajorge.es\/wp-content\/uploads\/2020\/02\/32_4-1024x768.jpg\" alt=\"\" class=\"wp-image-617\" srcset=\"https:\/\/retoelajorge.es\/wp-content\/uploads\/2020\/02\/32_4-1024x768.jpg 1024w, https:\/\/retoelajorge.es\/wp-content\/uploads\/2020\/02\/32_4-300x225.jpg 300w, https:\/\/retoelajorge.es\/wp-content\/uploads\/2020\/02\/32_4-768x576.jpg 768w, https:\/\/retoelajorge.es\/wp-content\/uploads\/2020\/02\/32_4-1536x1152.jpg 1536w, https:\/\/retoelajorge.es\/wp-content\/uploads\/2020\/02\/32_4.jpg 1600w\" sizes=\"auto, (max-width: 1024px) 100vw, 1024px\" \/><figcaption>Coronando el puerto del Calatrave\u00f1o<\/figcaption><\/figure><\/div>\n\n\n\n<figure class=\"wp-block-image size-large\"><img loading=\"lazy\" decoding=\"async\" width=\"1024\" height=\"768\" src=\"https:\/\/retoelajorge.es\/wp-content\/uploads\/2020\/02\/32_5-1024x768.jpg\" alt=\"\" class=\"wp-image-618\" srcset=\"https:\/\/retoelajorge.es\/wp-content\/uploads\/2020\/02\/32_5-1024x768.jpg 1024w, https:\/\/retoelajorge.es\/wp-content\/uploads\/2020\/02\/32_5-300x225.jpg 300w, https:\/\/retoelajorge.es\/wp-content\/uploads\/2020\/02\/32_5-768x576.jpg 768w, https:\/\/retoelajorge.es\/wp-content\/uploads\/2020\/02\/32_5-1536x1152.jpg 1536w, https:\/\/retoelajorge.es\/wp-content\/uploads\/2020\/02\/32_5.jpg 1600w\" sizes=\"auto, (max-width: 1024px) 100vw, 1024px\" \/><figcaption>Avituallamiento tras la subida al puerto<\/figcaption><\/figure>\n\n\n\n<p>En Alcaracejos nos detuvimos en un nuevo avituallamiento, con Hinojosa del Duque en el punto de mira. Grande Hinojosa del Duque, resacosa de sus fiestas reci\u00e9n acabadas, pero con su alcalde Mat\u00edas al pi\u00e9 de ca\u00f1\u00f3n poniendo todos los medios disponibles a favor del reto. Grande Hinojosa, que entiende lo que este esfuerzo significa, se solidariza y lo apoya con lo que tiene. Gracias Hinojosa, gracias alcalde y gracias Enrique, concejal de turismo. Nos hemos sentido mimados, salimos orgullosos de vosotros. Ah\u00ed nos dejan Marga y Borja que nos acompa\u00f1aron desde Granada. Jorge por primera vez ha dormido en un monasterio con monjas de clausura, el de la Pur\u00edsima Concepci\u00f3n de Hinojosa del Duque, hubo mucha chanza a cuenta de esto en el grupo. Le atendi\u00f3 la hermana Paloma que le regal\u00f3 una pulsera anudada hecha por los hermanos franciscanos y le dijo que orar\u00edan por nosotros y nuestro reto.<\/p>\n\n\n\n<figure class=\"wp-block-gallery columns-3 is-cropped wp-block-gallery-1 is-layout-flex wp-block-gallery-is-layout-flex\"><ul class=\"blocks-gallery-grid\"><li class=\"blocks-gallery-item\"><figure><img loading=\"lazy\" decoding=\"async\" width=\"1024\" height=\"768\" src=\"https:\/\/retoelajorge.es\/wp-content\/uploads\/2020\/02\/32_7-1024x768.jpg\" alt=\"\" data-id=\"620\" data-full-url=\"https:\/\/retoelajorge.es\/wp-content\/uploads\/2020\/02\/32_7.jpg\" data-link=\"https:\/\/retoelajorge.es\/?attachment_id=620\" class=\"wp-image-620\" srcset=\"https:\/\/retoelajorge.es\/wp-content\/uploads\/2020\/02\/32_7-1024x768.jpg 1024w, https:\/\/retoelajorge.es\/wp-content\/uploads\/2020\/02\/32_7-300x225.jpg 300w, https:\/\/retoelajorge.es\/wp-content\/uploads\/2020\/02\/32_7-768x576.jpg 768w, https:\/\/retoelajorge.es\/wp-content\/uploads\/2020\/02\/32_7.jpg 1280w\" sizes=\"auto, (max-width: 1024px) 100vw, 1024px\" \/><figcaption class=\"blocks-gallery-item__caption\">Camino de Hinojosa<\/figcaption><\/figure><\/li><li class=\"blocks-gallery-item\"><figure><img loading=\"lazy\" decoding=\"async\" width=\"1024\" height=\"768\" src=\"https:\/\/retoelajorge.es\/wp-content\/uploads\/2020\/02\/32_8-1024x768.jpg\" alt=\"\" data-id=\"621\" data-full-url=\"https:\/\/retoelajorge.es\/wp-content\/uploads\/2020\/02\/32_8.jpg\" data-link=\"https:\/\/retoelajorge.es\/?attachment_id=621\" class=\"wp-image-621\" srcset=\"https:\/\/retoelajorge.es\/wp-content\/uploads\/2020\/02\/32_8-1024x768.jpg 1024w, https:\/\/retoelajorge.es\/wp-content\/uploads\/2020\/02\/32_8-300x225.jpg 300w, https:\/\/retoelajorge.es\/wp-content\/uploads\/2020\/02\/32_8-768x576.jpg 768w, https:\/\/retoelajorge.es\/wp-content\/uploads\/2020\/02\/32_8.jpg 1280w\" sizes=\"auto, (max-width: 1024px) 100vw, 1024px\" \/><figcaption class=\"blocks-gallery-item__caption\">Llegando a Hinojosa del Duque<\/figcaption><\/figure><\/li><li class=\"blocks-gallery-item\"><figure><img loading=\"lazy\" decoding=\"async\" width=\"1024\" height=\"576\" src=\"https:\/\/retoelajorge.es\/wp-content\/uploads\/2020\/02\/32_9-1024x576.jpg\" alt=\"\" data-id=\"622\" data-full-url=\"https:\/\/retoelajorge.es\/wp-content\/uploads\/2020\/02\/32_9.jpg\" data-link=\"https:\/\/retoelajorge.es\/?attachment_id=622\" class=\"wp-image-622\" srcset=\"https:\/\/retoelajorge.es\/wp-content\/uploads\/2020\/02\/32_9-1024x576.jpg 1024w, https:\/\/retoelajorge.es\/wp-content\/uploads\/2020\/02\/32_9-300x169.jpg 300w, https:\/\/retoelajorge.es\/wp-content\/uploads\/2020\/02\/32_9-768x432.jpg 768w, https:\/\/retoelajorge.es\/wp-content\/uploads\/2020\/02\/32_9-1536x864.jpg 1536w, https:\/\/retoelajorge.es\/wp-content\/uploads\/2020\/02\/32_9-800x450.jpg 800w, https:\/\/retoelajorge.es\/wp-content\/uploads\/2020\/02\/32_9.jpg 1600w\" sizes=\"auto, (max-width: 1024px) 100vw, 1024px\" \/><figcaption class=\"blocks-gallery-item__caption\">Con el se\u00f1or alcalde en la puerta del albergue de peregrinos<\/figcaption><\/figure><\/li><li class=\"blocks-gallery-item\"><figure><img loading=\"lazy\" decoding=\"async\" width=\"1024\" height=\"768\" src=\"https:\/\/retoelajorge.es\/wp-content\/uploads\/2020\/02\/32_10-1024x768.jpg\" alt=\"\" data-id=\"623\" data-full-url=\"https:\/\/retoelajorge.es\/wp-content\/uploads\/2020\/02\/32_10.jpg\" data-link=\"https:\/\/retoelajorge.es\/?attachment_id=623\" class=\"wp-image-623\" srcset=\"https:\/\/retoelajorge.es\/wp-content\/uploads\/2020\/02\/32_10-1024x768.jpg 1024w, https:\/\/retoelajorge.es\/wp-content\/uploads\/2020\/02\/32_10-300x225.jpg 300w, https:\/\/retoelajorge.es\/wp-content\/uploads\/2020\/02\/32_10-768x576.jpg 768w, https:\/\/retoelajorge.es\/wp-content\/uploads\/2020\/02\/32_10.jpg 1280w\" sizes=\"auto, (max-width: 1024px) 100vw, 1024px\" \/><figcaption class=\"blocks-gallery-item__caption\">Entrevista con la TV local<\/figcaption><\/figure><\/li><li class=\"blocks-gallery-item\"><figure><img loading=\"lazy\" decoding=\"async\" width=\"1024\" height=\"576\" src=\"https:\/\/retoelajorge.es\/wp-content\/uploads\/2020\/02\/32_11-1024x576.jpg\" alt=\"\" data-id=\"624\" data-full-url=\"https:\/\/retoelajorge.es\/wp-content\/uploads\/2020\/02\/32_11.jpg\" data-link=\"https:\/\/retoelajorge.es\/?attachment_id=624\" class=\"wp-image-624\" srcset=\"https:\/\/retoelajorge.es\/wp-content\/uploads\/2020\/02\/32_11-1024x576.jpg 1024w, https:\/\/retoelajorge.es\/wp-content\/uploads\/2020\/02\/32_11-300x169.jpg 300w, https:\/\/retoelajorge.es\/wp-content\/uploads\/2020\/02\/32_11-768x432.jpg 768w, https:\/\/retoelajorge.es\/wp-content\/uploads\/2020\/02\/32_11-1536x864.jpg 1536w, https:\/\/retoelajorge.es\/wp-content\/uploads\/2020\/02\/32_11-800x450.jpg 800w, https:\/\/retoelajorge.es\/wp-content\/uploads\/2020\/02\/32_11.jpg 1600w\" sizes=\"auto, (max-width: 1024px) 100vw, 1024px\" \/><figcaption class=\"blocks-gallery-item__caption\">Monasterio Pur\u00edsima Concepci\u00f3n<\/figcaption><\/figure><\/li><li class=\"blocks-gallery-item\"><figure><img loading=\"lazy\" decoding=\"async\" width=\"1024\" height=\"576\" src=\"https:\/\/retoelajorge.es\/wp-content\/uploads\/2020\/02\/32_12-1024x576.jpg\" alt=\"\" data-id=\"625\" data-full-url=\"https:\/\/retoelajorge.es\/wp-content\/uploads\/2020\/02\/32_12.jpg\" data-link=\"https:\/\/retoelajorge.es\/?attachment_id=625\" class=\"wp-image-625\" srcset=\"https:\/\/retoelajorge.es\/wp-content\/uploads\/2020\/02\/32_12-1024x576.jpg 1024w, https:\/\/retoelajorge.es\/wp-content\/uploads\/2020\/02\/32_12-300x169.jpg 300w, https:\/\/retoelajorge.es\/wp-content\/uploads\/2020\/02\/32_12-768x432.jpg 768w, https:\/\/retoelajorge.es\/wp-content\/uploads\/2020\/02\/32_12-1536x864.jpg 1536w, https:\/\/retoelajorge.es\/wp-content\/uploads\/2020\/02\/32_12-800x450.jpg 800w, https:\/\/retoelajorge.es\/wp-content\/uploads\/2020\/02\/32_12.jpg 1600w\" sizes=\"auto, (max-width: 1024px) 100vw, 1024px\" \/><figcaption class=\"blocks-gallery-item__caption\">Ayuntamiento de Hinojosa del Duque<\/figcaption><\/figure><\/li><\/ul><\/figure>\n","protected":false},"excerpt":{"rendered":"<p>Antes de empezar el relato de esta jornada, indicar que a partir de ahora hemos nombrado redactor de novedades a Miguel Aguilera, alias el abuelo y uno de los componentes principales del equipo de&#8230;<\/p>\n","protected":false},"author":1,"featured_media":619,"comment_status":"open","ping_status":"open","sticky":false,"template":"","format":"standard","meta":{"footnotes":""},"categories":[39],"tags":[45,43],"class_list":["post-613","post","type-post","status-publish","format-standard","has-post-thumbnail","hentry","category-retos","tag-camino-de-santiago","tag-ela"],"yoast_head":"<!-- This site is optimized with the Yoast SEO plugin v26.7 - https:\/\/yoast.com\/wordpress\/plugins\/seo\/ -->\n<title>D\u00eda cuatro: Villaharta - Hinojosa del Duque - Mis retos por la ELA<\/title>\n<meta name=\"robots\" content=\"index, follow, max-snippet:-1, max-image-preview:large, max-video-preview:-1\" \/>\n<link rel=\"canonical\" href=\"https:\/\/retoelajorge.es\/index.php\/2015\/08\/30\/dia-cuatro-villaharta-hinojosa-del-duque\/\" \/>\n<meta property=\"og:locale\" content=\"es_ES\" \/>\n<meta property=\"og:type\" content=\"article\" \/>\n<meta property=\"og:title\" content=\"D\u00eda cuatro: Villaharta - Hinojosa del Duque - Mis retos por la ELA\" \/>\n<meta property=\"og:description\" content=\"Antes de empezar el relato de esta jornada, indicar que a partir de ahora hemos nombrado redactor de novedades a Miguel Aguilera, alias el abuelo y uno de los componentes principales del equipo de...\" \/>\n<meta property=\"og:url\" content=\"https:\/\/retoelajorge.es\/index.php\/2015\/08\/30\/dia-cuatro-villaharta-hinojosa-del-duque\/\" \/>\n<meta property=\"og:site_name\" content=\"Mis retos por la ELA\" \/>\n<meta property=\"article:published_time\" content=\"2015-08-30T20:10:00+00:00\" \/>\n<meta property=\"article:modified_time\" content=\"2020-02-10T12:25:51+00:00\" \/>\n<meta property=\"og:image\" content=\"https:\/\/retoelajorge.es\/wp-content\/uploads\/2020\/02\/32_6.jpg\" \/>\n\t<meta property=\"og:image:width\" content=\"1280\" \/>\n\t<meta property=\"og:image:height\" content=\"960\" \/>\n\t<meta property=\"og:image:type\" content=\"image\/jpeg\" \/>\n<meta name=\"author\" content=\"retoelajorge\" \/>\n<meta name=\"twitter:card\" content=\"summary_large_image\" \/>\n<meta name=\"twitter:label1\" content=\"Escrito por\" \/>\n\t<meta name=\"twitter:data1\" content=\"retoelajorge\" \/>\n\t<meta name=\"twitter:label2\" content=\"Tiempo de lectura\" \/>\n\t<meta name=\"twitter:data2\" content=\"2 minutos\" \/>\n<script type=\"application\/ld+json\" class=\"yoast-schema-graph\">{\"@context\":\"https:\/\/schema.org\",\"@graph\":[{\"@type\":\"Article\",\"@id\":\"https:\/\/retoelajorge.es\/index.php\/2015\/08\/30\/dia-cuatro-villaharta-hinojosa-del-duque\/#article\",\"isPartOf\":{\"@id\":\"https:\/\/retoelajorge.es\/index.php\/2015\/08\/30\/dia-cuatro-villaharta-hinojosa-del-duque\/\"},\"author\":{\"name\":\"retoelajorge\",\"@id\":\"https:\/\/retoelajorge.es\/#\/schema\/person\/0e209413f2de4fe381eda14e12288b7d\"},\"headline\":\"D\u00eda cuatro: Villaharta &#8211; Hinojosa del Duque\",\"datePublished\":\"2015-08-30T20:10:00+00:00\",\"dateModified\":\"2020-02-10T12:25:51+00:00\",\"mainEntityOfPage\":{\"@id\":\"https:\/\/retoelajorge.es\/index.php\/2015\/08\/30\/dia-cuatro-villaharta-hinojosa-del-duque\/\"},\"wordCount\":381,\"commentCount\":0,\"publisher\":{\"@id\":\"https:\/\/retoelajorge.es\/#organization\"},\"image\":{\"@id\":\"https:\/\/retoelajorge.es\/index.php\/2015\/08\/30\/dia-cuatro-villaharta-hinojosa-del-duque\/#primaryimage\"},\"thumbnailUrl\":\"https:\/\/retoelajorge.es\/wp-content\/uploads\/2020\/02\/32_6.jpg\",\"keywords\":[\"Camino de Santiago\",\"ELA\"],\"articleSection\":[\"Retos\"],\"inLanguage\":\"es\",\"potentialAction\":[{\"@type\":\"CommentAction\",\"name\":\"Comment\",\"target\":[\"https:\/\/retoelajorge.es\/index.php\/2015\/08\/30\/dia-cuatro-villaharta-hinojosa-del-duque\/#respond\"]}]},{\"@type\":\"WebPage\",\"@id\":\"https:\/\/retoelajorge.es\/index.php\/2015\/08\/30\/dia-cuatro-villaharta-hinojosa-del-duque\/\",\"url\":\"https:\/\/retoelajorge.es\/index.php\/2015\/08\/30\/dia-cuatro-villaharta-hinojosa-del-duque\/\",\"name\":\"D\u00eda cuatro: Villaharta - Hinojosa del Duque - Mis retos por la ELA\",\"isPartOf\":{\"@id\":\"https:\/\/retoelajorge.es\/#website\"},\"primaryImageOfPage\":{\"@id\":\"https:\/\/retoelajorge.es\/index.php\/2015\/08\/30\/dia-cuatro-villaharta-hinojosa-del-duque\/#primaryimage\"},\"image\":{\"@id\":\"https:\/\/retoelajorge.es\/index.php\/2015\/08\/30\/dia-cuatro-villaharta-hinojosa-del-duque\/#primaryimage\"},\"thumbnailUrl\":\"https:\/\/retoelajorge.es\/wp-content\/uploads\/2020\/02\/32_6.jpg\",\"datePublished\":\"2015-08-30T20:10:00+00:00\",\"dateModified\":\"2020-02-10T12:25:51+00:00\",\"breadcrumb\":{\"@id\":\"https:\/\/retoelajorge.es\/index.php\/2015\/08\/30\/dia-cuatro-villaharta-hinojosa-del-duque\/#breadcrumb\"},\"inLanguage\":\"es\",\"potentialAction\":[{\"@type\":\"ReadAction\",\"target\":[\"https:\/\/retoelajorge.es\/index.php\/2015\/08\/30\/dia-cuatro-villaharta-hinojosa-del-duque\/\"]}]},{\"@type\":\"ImageObject\",\"inLanguage\":\"es\",\"@id\":\"https:\/\/retoelajorge.es\/index.php\/2015\/08\/30\/dia-cuatro-villaharta-hinojosa-del-duque\/#primaryimage\",\"url\":\"https:\/\/retoelajorge.es\/wp-content\/uploads\/2020\/02\/32_6.jpg\",\"contentUrl\":\"https:\/\/retoelajorge.es\/wp-content\/uploads\/2020\/02\/32_6.jpg\",\"width\":1280,\"height\":960},{\"@type\":\"BreadcrumbList\",\"@id\":\"https:\/\/retoelajorge.es\/index.php\/2015\/08\/30\/dia-cuatro-villaharta-hinojosa-del-duque\/#breadcrumb\",\"itemListElement\":[{\"@type\":\"ListItem\",\"position\":1,\"name\":\"Portada\",\"item\":\"https:\/\/retoelajorge.es\/\"},{\"@type\":\"ListItem\",\"position\":2,\"name\":\"D\u00eda cuatro: Villaharta &#8211; Hinojosa del Duque\"}]},{\"@type\":\"WebSite\",\"@id\":\"https:\/\/retoelajorge.es\/#website\",\"url\":\"https:\/\/retoelajorge.es\/\",\"name\":\"Mis retos por la ELA\",\"description\":\"Blog de un afectado de ELA\",\"publisher\":{\"@id\":\"https:\/\/retoelajorge.es\/#organization\"},\"potentialAction\":[{\"@type\":\"SearchAction\",\"target\":{\"@type\":\"EntryPoint\",\"urlTemplate\":\"https:\/\/retoelajorge.es\/?s={search_term_string}\"},\"query-input\":{\"@type\":\"PropertyValueSpecification\",\"valueRequired\":true,\"valueName\":\"search_term_string\"}}],\"inLanguage\":\"es\"},{\"@type\":\"Organization\",\"@id\":\"https:\/\/retoelajorge.es\/#organization\",\"name\":\"Mis retos por la ELA\",\"url\":\"https:\/\/retoelajorge.es\/\",\"logo\":{\"@type\":\"ImageObject\",\"inLanguage\":\"es\",\"@id\":\"https:\/\/retoelajorge.es\/#\/schema\/logo\/image\/\",\"url\":\"https:\/\/retoelajorge.es\/wp-content\/uploads\/2020\/02\/Jorge-scaled-e1583395872979.jpg\",\"contentUrl\":\"https:\/\/retoelajorge.es\/wp-content\/uploads\/2020\/02\/Jorge-scaled-e1583395872979.jpg\",\"width\":1900,\"height\":1045,\"caption\":\"Mis retos por la ELA\"},\"image\":{\"@id\":\"https:\/\/retoelajorge.es\/#\/schema\/logo\/image\/\"}},{\"@type\":\"Person\",\"@id\":\"https:\/\/retoelajorge.es\/#\/schema\/person\/0e209413f2de4fe381eda14e12288b7d\",\"name\":\"retoelajorge\",\"image\":{\"@type\":\"ImageObject\",\"inLanguage\":\"es\",\"@id\":\"https:\/\/retoelajorge.es\/#\/schema\/person\/image\/\",\"url\":\"https:\/\/secure.gravatar.com\/avatar\/bdd30a868985f69f97d362fc89c201f7860ec568aa2b42cb67e1ab7857b91971?s=96&d=mm&r=g\",\"contentUrl\":\"https:\/\/secure.gravatar.com\/avatar\/bdd30a868985f69f97d362fc89c201f7860ec568aa2b42cb67e1ab7857b91971?s=96&d=mm&r=g\",\"caption\":\"retoelajorge\"},\"url\":\"https:\/\/retoelajorge.es\/index.php\/author\/admin\/\"}]}<\/script>\n<!-- \/ Yoast SEO plugin. -->","yoast_head_json":{"title":"D\u00eda cuatro: Villaharta - Hinojosa del Duque - Mis retos por la ELA","robots":{"index":"index","follow":"follow","max-snippet":"max-snippet:-1","max-image-preview":"max-image-preview:large","max-video-preview":"max-video-preview:-1"},"canonical":"https:\/\/retoelajorge.es\/index.php\/2015\/08\/30\/dia-cuatro-villaharta-hinojosa-del-duque\/","og_locale":"es_ES","og_type":"article","og_title":"D\u00eda cuatro: Villaharta - Hinojosa del Duque - Mis retos por la ELA","og_description":"Antes de empezar el relato de esta jornada, indicar que a partir de ahora hemos nombrado redactor de novedades a Miguel Aguilera, alias el abuelo y uno de los componentes principales del equipo de...","og_url":"https:\/\/retoelajorge.es\/index.php\/2015\/08\/30\/dia-cuatro-villaharta-hinojosa-del-duque\/","og_site_name":"Mis retos por la ELA","article_published_time":"2015-08-30T20:10:00+00:00","article_modified_time":"2020-02-10T12:25:51+00:00","og_image":[{"width":1280,"height":960,"url":"https:\/\/retoelajorge.es\/wp-content\/uploads\/2020\/02\/32_6.jpg","type":"image\/jpeg"}],"author":"retoelajorge","twitter_card":"summary_large_image","twitter_misc":{"Escrito por":"retoelajorge","Tiempo de lectura":"2 minutos"},"schema":{"@context":"https:\/\/schema.org","@graph":[{"@type":"Article","@id":"https:\/\/retoelajorge.es\/index.php\/2015\/08\/30\/dia-cuatro-villaharta-hinojosa-del-duque\/#article","isPartOf":{"@id":"https:\/\/retoelajorge.es\/index.php\/2015\/08\/30\/dia-cuatro-villaharta-hinojosa-del-duque\/"},"author":{"name":"retoelajorge","@id":"https:\/\/retoelajorge.es\/#\/schema\/person\/0e209413f2de4fe381eda14e12288b7d"},"headline":"D\u00eda cuatro: Villaharta &#8211; Hinojosa del Duque","datePublished":"2015-08-30T20:10:00+00:00","dateModified":"2020-02-10T12:25:51+00:00","mainEntityOfPage":{"@id":"https:\/\/retoelajorge.es\/index.php\/2015\/08\/30\/dia-cuatro-villaharta-hinojosa-del-duque\/"},"wordCount":381,"commentCount":0,"publisher":{"@id":"https:\/\/retoelajorge.es\/#organization"},"image":{"@id":"https:\/\/retoelajorge.es\/index.php\/2015\/08\/30\/dia-cuatro-villaharta-hinojosa-del-duque\/#primaryimage"},"thumbnailUrl":"https:\/\/retoelajorge.es\/wp-content\/uploads\/2020\/02\/32_6.jpg","keywords":["Camino de Santiago","ELA"],"articleSection":["Retos"],"inLanguage":"es","potentialAction":[{"@type":"CommentAction","name":"Comment","target":["https:\/\/retoelajorge.es\/index.php\/2015\/08\/30\/dia-cuatro-villaharta-hinojosa-del-duque\/#respond"]}]},{"@type":"WebPage","@id":"https:\/\/retoelajorge.es\/index.php\/2015\/08\/30\/dia-cuatro-villaharta-hinojosa-del-duque\/","url":"https:\/\/retoelajorge.es\/index.php\/2015\/08\/30\/dia-cuatro-villaharta-hinojosa-del-duque\/","name":"D\u00eda cuatro: Villaharta - Hinojosa del Duque - Mis retos por la ELA","isPartOf":{"@id":"https:\/\/retoelajorge.es\/#website"},"primaryImageOfPage":{"@id":"https:\/\/retoelajorge.es\/index.php\/2015\/08\/30\/dia-cuatro-villaharta-hinojosa-del-duque\/#primaryimage"},"image":{"@id":"https:\/\/retoelajorge.es\/index.php\/2015\/08\/30\/dia-cuatro-villaharta-hinojosa-del-duque\/#primaryimage"},"thumbnailUrl":"https:\/\/retoelajorge.es\/wp-content\/uploads\/2020\/02\/32_6.jpg","datePublished":"2015-08-30T20:10:00+00:00","dateModified":"2020-02-10T12:25:51+00:00","breadcrumb":{"@id":"https:\/\/retoelajorge.es\/index.php\/2015\/08\/30\/dia-cuatro-villaharta-hinojosa-del-duque\/#breadcrumb"},"inLanguage":"es","potentialAction":[{"@type":"ReadAction","target":["https:\/\/retoelajorge.es\/index.php\/2015\/08\/30\/dia-cuatro-villaharta-hinojosa-del-duque\/"]}]},{"@type":"ImageObject","inLanguage":"es","@id":"https:\/\/retoelajorge.es\/index.php\/2015\/08\/30\/dia-cuatro-villaharta-hinojosa-del-duque\/#primaryimage","url":"https:\/\/retoelajorge.es\/wp-content\/uploads\/2020\/02\/32_6.jpg","contentUrl":"https:\/\/retoelajorge.es\/wp-content\/uploads\/2020\/02\/32_6.jpg","width":1280,"height":960},{"@type":"BreadcrumbList","@id":"https:\/\/retoelajorge.es\/index.php\/2015\/08\/30\/dia-cuatro-villaharta-hinojosa-del-duque\/#breadcrumb","itemListElement":[{"@type":"ListItem","position":1,"name":"Portada","item":"https:\/\/retoelajorge.es\/"},{"@type":"ListItem","position":2,"name":"D\u00eda cuatro: Villaharta &#8211; Hinojosa del Duque"}]},{"@type":"WebSite","@id":"https:\/\/retoelajorge.es\/#website","url":"https:\/\/retoelajorge.es\/","name":"Mis retos por la ELA","description":"Blog de un afectado de ELA","publisher":{"@id":"https:\/\/retoelajorge.es\/#organization"},"potentialAction":[{"@type":"SearchAction","target":{"@type":"EntryPoint","urlTemplate":"https:\/\/retoelajorge.es\/?s={search_term_string}"},"query-input":{"@type":"PropertyValueSpecification","valueRequired":true,"valueName":"search_term_string"}}],"inLanguage":"es"},{"@type":"Organization","@id":"https:\/\/retoelajorge.es\/#organization","name":"Mis retos por la ELA","url":"https:\/\/retoelajorge.es\/","logo":{"@type":"ImageObject","inLanguage":"es","@id":"https:\/\/retoelajorge.es\/#\/schema\/logo\/image\/","url":"https:\/\/retoelajorge.es\/wp-content\/uploads\/2020\/02\/Jorge-scaled-e1583395872979.jpg","contentUrl":"https:\/\/retoelajorge.es\/wp-content\/uploads\/2020\/02\/Jorge-scaled-e1583395872979.jpg","width":1900,"height":1045,"caption":"Mis retos por la ELA"},"image":{"@id":"https:\/\/retoelajorge.es\/#\/schema\/logo\/image\/"}},{"@type":"Person","@id":"https:\/\/retoelajorge.es\/#\/schema\/person\/0e209413f2de4fe381eda14e12288b7d","name":"retoelajorge","image":{"@type":"ImageObject","inLanguage":"es","@id":"https:\/\/retoelajorge.es\/#\/schema\/person\/image\/","url":"https:\/\/secure.gravatar.com\/avatar\/bdd30a868985f69f97d362fc89c201f7860ec568aa2b42cb67e1ab7857b91971?s=96&d=mm&r=g","contentUrl":"https:\/\/secure.gravatar.com\/avatar\/bdd30a868985f69f97d362fc89c201f7860ec568aa2b42cb67e1ab7857b91971?s=96&d=mm&r=g","caption":"retoelajorge"},"url":"https:\/\/retoelajorge.es\/index.php\/author\/admin\/"}]}},"_links":{"self":[{"href":"https:\/\/retoelajorge.es\/index.php\/wp-json\/wp\/v2\/posts\/613","targetHints":{"allow":["GET"]}}],"collection":[{"href":"https:\/\/retoelajorge.es\/index.php\/wp-json\/wp\/v2\/posts"}],"about":[{"href":"https:\/\/retoelajorge.es\/index.php\/wp-json\/wp\/v2\/types\/post"}],"author":[{"embeddable":true,"href":"https:\/\/retoelajorge.es\/index.php\/wp-json\/wp\/v2\/users\/1"}],"replies":[{"embeddable":true,"href":"https:\/\/retoelajorge.es\/index.php\/wp-json\/wp\/v2\/comments?post=613"}],"version-history":[{"count":1,"href":"https:\/\/retoelajorge.es\/index.php\/wp-json\/wp\/v2\/posts\/613\/revisions"}],"predecessor-version":[{"id":626,"href":"https:\/\/retoelajorge.es\/index.php\/wp-json\/wp\/v2\/posts\/613\/revisions\/626"}],"wp:featuredmedia":[{"embeddable":true,"href":"https:\/\/retoelajorge.es\/index.php\/wp-json\/wp\/v2\/media\/619"}],"wp:attachment":[{"href":"https:\/\/retoelajorge.es\/index.php\/wp-json\/wp\/v2\/media?parent=613"}],"wp:term":[{"taxonomy":"category","embeddable":true,"href":"https:\/\/retoelajorge.es\/index.php\/wp-json\/wp\/v2\/categories?post=613"},{"taxonomy":"post_tag","embeddable":true,"href":"https:\/\/retoelajorge.es\/index.php\/wp-json\/wp\/v2\/tags?post=613"}],"curies":[{"name":"wp","href":"https:\/\/api.w.org\/{rel}","templated":true}]}}