{"id":628,"date":"2015-08-31T21:32:00","date_gmt":"2015-08-31T21:32:00","guid":{"rendered":"http:\/\/retoelajorge.es\/?p=628"},"modified":"2021-11-11T11:28:50","modified_gmt":"2021-11-11T11:28:50","slug":"dia-5-hinojosa-del-duque-campanario","status":"publish","type":"post","link":"https:\/\/retoelajorge.es\/index.php\/2015\/08\/31\/dia-5-hinojosa-del-duque-campanario\/","title":{"rendered":"D\u00eda cinco: Hinojosa del Duque &#8211; Campanario"},"content":{"rendered":"\n<p>Una foto ante la catedral de Hijonosa Del Duque marca nuestra salida una vez desayunamos en el Bar Central. <\/p>\n\n\n\n<div class=\"wp-block-image\"><figure class=\"aligncenter size-large\"><img loading=\"lazy\" decoding=\"async\" width=\"1024\" height=\"768\" src=\"https:\/\/retoelajorge.es\/wp-content\/uploads\/2020\/02\/33_1-1024x768.jpg\" alt=\"\" class=\"wp-image-629\" srcset=\"https:\/\/retoelajorge.es\/wp-content\/uploads\/2020\/02\/33_1-1024x768.jpg 1024w, https:\/\/retoelajorge.es\/wp-content\/uploads\/2020\/02\/33_1-300x225.jpg 300w, https:\/\/retoelajorge.es\/wp-content\/uploads\/2020\/02\/33_1-768x576.jpg 768w, https:\/\/retoelajorge.es\/wp-content\/uploads\/2020\/02\/33_1.jpg 1280w\" sizes=\"auto, (max-width: 1024px) 100vw, 1024px\" \/><\/figure><\/div>\n\n\n\n<div style=\"height:49px\" aria-hidden=\"true\" class=\"wp-block-spacer\"><\/div>\n\n\n\n<p>Fue un d\u00eda de &#8216;hasta luego&#8217; para M\u00f3nica y Joaqu\u00edn a los que vamos a echar de menos. La etapa fue normal hasta el avituallamiento de Monterrubio de la Serena donde Miguel &#8216;el explorador&#8217; sal\u00ed\u00f3, como siempre, delante para luego no quedarse muy atr\u00e1s, y encima de todo nos di\u00f3 esquinazo. <\/p>\n\n\n\n<div class=\"wp-block-image\"><figure class=\"aligncenter size-large\"><img loading=\"lazy\" decoding=\"async\" width=\"1024\" height=\"768\" src=\"https:\/\/retoelajorge.es\/wp-content\/uploads\/2020\/02\/33_3-1024x768.jpg\" alt=\"\" class=\"wp-image-631\" srcset=\"https:\/\/retoelajorge.es\/wp-content\/uploads\/2020\/02\/33_3-1024x768.jpg 1024w, https:\/\/retoelajorge.es\/wp-content\/uploads\/2020\/02\/33_3-300x225.jpg 300w, https:\/\/retoelajorge.es\/wp-content\/uploads\/2020\/02\/33_3-768x576.jpg 768w, https:\/\/retoelajorge.es\/wp-content\/uploads\/2020\/02\/33_3.jpg 1280w\" sizes=\"auto, (max-width: 1024px) 100vw, 1024px\" \/><\/figure><\/div>\n\n\n\n<div style=\"height:47px\" aria-hidden=\"true\" class=\"wp-block-spacer\"><\/div>\n\n\n\n<p>Para la una y media llegamos a Campanario, all\u00ed nos recibi\u00f3 El\u00edas, su Alcalde y Fran su concejal de Cultura, Turismo y Festejos en la plaza del ayuntamiento. <\/p>\n\n\n\n<div class=\"wp-block-image\"><figure class=\"aligncenter size-large\"><img loading=\"lazy\" decoding=\"async\" width=\"1024\" height=\"768\" src=\"https:\/\/retoelajorge.es\/wp-content\/uploads\/2020\/02\/33_6-1024x768.jpg\" alt=\"\" class=\"wp-image-632\" srcset=\"https:\/\/retoelajorge.es\/wp-content\/uploads\/2020\/02\/33_6-1024x768.jpg 1024w, https:\/\/retoelajorge.es\/wp-content\/uploads\/2020\/02\/33_6-300x225.jpg 300w, https:\/\/retoelajorge.es\/wp-content\/uploads\/2020\/02\/33_6-768x576.jpg 768w, https:\/\/retoelajorge.es\/wp-content\/uploads\/2020\/02\/33_6-1536x1152.jpg 1536w, https:\/\/retoelajorge.es\/wp-content\/uploads\/2020\/02\/33_6.jpg 1600w\" sizes=\"auto, (max-width: 1024px) 100vw, 1024px\" \/><figcaption>Plaza del Ayuntamiento de Campanario<\/figcaption><\/figure><\/div>\n\n\n\n<p>Gracias Campanario, gracias Fran por contarnos tantas cosas del pueblo, lo de los tratantes de Campanario, lo de la f\u00e1brica y artesan\u00eda del esparto, nos ayudaste a resolver cada detalle de nuestras necesidades. Disfrutamos la piscina municipal, donde Kevin nos arruin\u00f3 en el chinch\u00f3n. Ya tenemos m\u00e1s de 200 reglas, pu\u00e9s cada vez que jugamos a\u00f1adimos una nueva.<\/p>\n\n\n\n<div class=\"wp-block-image\"><figure class=\"aligncenter size-large\"><img loading=\"lazy\" decoding=\"async\" width=\"1024\" height=\"768\" src=\"https:\/\/retoelajorge.es\/wp-content\/uploads\/2020\/02\/33_7-1024x768.jpg\" alt=\"\" class=\"wp-image-633\" srcset=\"https:\/\/retoelajorge.es\/wp-content\/uploads\/2020\/02\/33_7-1024x768.jpg 1024w, https:\/\/retoelajorge.es\/wp-content\/uploads\/2020\/02\/33_7-300x225.jpg 300w, https:\/\/retoelajorge.es\/wp-content\/uploads\/2020\/02\/33_7-768x576.jpg 768w, https:\/\/retoelajorge.es\/wp-content\/uploads\/2020\/02\/33_7-1536x1152.jpg 1536w, https:\/\/retoelajorge.es\/wp-content\/uploads\/2020\/02\/33_7.jpg 1600w\" sizes=\"auto, (max-width: 1024px) 100vw, 1024px\" \/><figcaption>El\u00edas, alcalde de Campanario, colaborando con nuestro reto<\/figcaption><\/figure><\/div>\n\n\n\n<p>Hoy nuestro alojamiento fue el albergue La Estaci\u00f3n, donde nos encontramos muy a gusto. En esta etapa se han incorporado al reto desde Hinojosa, Fernando en la bici y Sonia con sus hijos para la fisioterapia de Jorge. El grupo est\u00e1 vivo, entramos y salimos seg\u00fan podemos estar m\u00e1s o menos d\u00edas. A ver si todos pudieran mantenerse hasta Santiago.<\/p>\n","protected":false},"excerpt":{"rendered":"<p>Una foto ante la catedral de Hijonosa Del Duque marca nuestra salida una vez desayunamos en el Bar Central. Fue un d\u00eda de &#8216;hasta luego&#8217; para M\u00f3nica y Joaqu\u00edn a los que vamos a&#8230;<\/p>\n","protected":false},"author":1,"featured_media":630,"comment_status":"open","ping_status":"open","sticky":false,"template":"","format":"standard","meta":{"footnotes":""},"categories":[39],"tags":[45,43],"class_list":["post-628","post","type-post","status-publish","format-standard","has-post-thumbnail","hentry","category-retos","tag-camino-de-santiago","tag-ela"],"yoast_head":"<!-- This site is optimized with the Yoast SEO plugin v26.7 - https:\/\/yoast.com\/wordpress\/plugins\/seo\/ -->\n<title>D\u00eda cinco: Hinojosa del Duque - Campanario - Mis retos por la ELA<\/title>\n<meta name=\"robots\" content=\"index, follow, max-snippet:-1, max-image-preview:large, max-video-preview:-1\" \/>\n<link rel=\"canonical\" href=\"https:\/\/retoelajorge.es\/index.php\/2015\/08\/31\/dia-5-hinojosa-del-duque-campanario\/\" \/>\n<meta property=\"og:locale\" content=\"es_ES\" \/>\n<meta property=\"og:type\" content=\"article\" \/>\n<meta property=\"og:title\" content=\"D\u00eda cinco: Hinojosa del Duque - Campanario - Mis retos por la ELA\" \/>\n<meta property=\"og:description\" content=\"Una foto ante la catedral de Hijonosa Del Duque marca nuestra salida una vez desayunamos en el Bar Central. Fue un d\u00eda de &#8216;hasta luego&#8217; para M\u00f3nica y Joaqu\u00edn a los que vamos a...\" \/>\n<meta property=\"og:url\" content=\"https:\/\/retoelajorge.es\/index.php\/2015\/08\/31\/dia-5-hinojosa-del-duque-campanario\/\" \/>\n<meta property=\"og:site_name\" content=\"Mis retos por la ELA\" \/>\n<meta property=\"article:published_time\" content=\"2015-08-31T21:32:00+00:00\" \/>\n<meta property=\"article:modified_time\" content=\"2021-11-11T11:28:50+00:00\" \/>\n<meta property=\"og:image\" content=\"https:\/\/retoelajorge.es\/wp-content\/uploads\/2020\/02\/33_4.jpg\" \/>\n\t<meta property=\"og:image:width\" content=\"1280\" \/>\n\t<meta property=\"og:image:height\" content=\"960\" \/>\n\t<meta property=\"og:image:type\" content=\"image\/jpeg\" \/>\n<meta name=\"author\" content=\"retoelajorge\" \/>\n<meta name=\"twitter:card\" content=\"summary_large_image\" \/>\n<meta name=\"twitter:label1\" content=\"Escrito por\" \/>\n\t<meta name=\"twitter:data1\" content=\"retoelajorge\" \/>\n\t<meta name=\"twitter:label2\" content=\"Tiempo de lectura\" \/>\n\t<meta name=\"twitter:data2\" content=\"2 minutos\" \/>\n<script type=\"application\/ld+json\" class=\"yoast-schema-graph\">{\"@context\":\"https:\/\/schema.org\",\"@graph\":[{\"@type\":\"Article\",\"@id\":\"https:\/\/retoelajorge.es\/index.php\/2015\/08\/31\/dia-5-hinojosa-del-duque-campanario\/#article\",\"isPartOf\":{\"@id\":\"https:\/\/retoelajorge.es\/index.php\/2015\/08\/31\/dia-5-hinojosa-del-duque-campanario\/\"},\"author\":{\"name\":\"retoelajorge\",\"@id\":\"https:\/\/retoelajorge.es\/#\/schema\/person\/0e209413f2de4fe381eda14e12288b7d\"},\"headline\":\"D\u00eda cinco: Hinojosa del Duque &#8211; Campanario\",\"datePublished\":\"2015-08-31T21:32:00+00:00\",\"dateModified\":\"2021-11-11T11:28:50+00:00\",\"mainEntityOfPage\":{\"@id\":\"https:\/\/retoelajorge.es\/index.php\/2015\/08\/31\/dia-5-hinojosa-del-duque-campanario\/\"},\"wordCount\":252,\"commentCount\":0,\"publisher\":{\"@id\":\"https:\/\/retoelajorge.es\/#organization\"},\"image\":{\"@id\":\"https:\/\/retoelajorge.es\/index.php\/2015\/08\/31\/dia-5-hinojosa-del-duque-campanario\/#primaryimage\"},\"thumbnailUrl\":\"https:\/\/retoelajorge.es\/wp-content\/uploads\/2020\/02\/33_4.jpg\",\"keywords\":[\"Camino de Santiago\",\"ELA\"],\"articleSection\":[\"Retos\"],\"inLanguage\":\"es\",\"potentialAction\":[{\"@type\":\"CommentAction\",\"name\":\"Comment\",\"target\":[\"https:\/\/retoelajorge.es\/index.php\/2015\/08\/31\/dia-5-hinojosa-del-duque-campanario\/#respond\"]}]},{\"@type\":\"WebPage\",\"@id\":\"https:\/\/retoelajorge.es\/index.php\/2015\/08\/31\/dia-5-hinojosa-del-duque-campanario\/\",\"url\":\"https:\/\/retoelajorge.es\/index.php\/2015\/08\/31\/dia-5-hinojosa-del-duque-campanario\/\",\"name\":\"D\u00eda cinco: Hinojosa del Duque - Campanario - Mis retos por la ELA\",\"isPartOf\":{\"@id\":\"https:\/\/retoelajorge.es\/#website\"},\"primaryImageOfPage\":{\"@id\":\"https:\/\/retoelajorge.es\/index.php\/2015\/08\/31\/dia-5-hinojosa-del-duque-campanario\/#primaryimage\"},\"image\":{\"@id\":\"https:\/\/retoelajorge.es\/index.php\/2015\/08\/31\/dia-5-hinojosa-del-duque-campanario\/#primaryimage\"},\"thumbnailUrl\":\"https:\/\/retoelajorge.es\/wp-content\/uploads\/2020\/02\/33_4.jpg\",\"datePublished\":\"2015-08-31T21:32:00+00:00\",\"dateModified\":\"2021-11-11T11:28:50+00:00\",\"breadcrumb\":{\"@id\":\"https:\/\/retoelajorge.es\/index.php\/2015\/08\/31\/dia-5-hinojosa-del-duque-campanario\/#breadcrumb\"},\"inLanguage\":\"es\",\"potentialAction\":[{\"@type\":\"ReadAction\",\"target\":[\"https:\/\/retoelajorge.es\/index.php\/2015\/08\/31\/dia-5-hinojosa-del-duque-campanario\/\"]}]},{\"@type\":\"ImageObject\",\"inLanguage\":\"es\",\"@id\":\"https:\/\/retoelajorge.es\/index.php\/2015\/08\/31\/dia-5-hinojosa-del-duque-campanario\/#primaryimage\",\"url\":\"https:\/\/retoelajorge.es\/wp-content\/uploads\/2020\/02\/33_4.jpg\",\"contentUrl\":\"https:\/\/retoelajorge.es\/wp-content\/uploads\/2020\/02\/33_4.jpg\",\"width\":1280,\"height\":960},{\"@type\":\"BreadcrumbList\",\"@id\":\"https:\/\/retoelajorge.es\/index.php\/2015\/08\/31\/dia-5-hinojosa-del-duque-campanario\/#breadcrumb\",\"itemListElement\":[{\"@type\":\"ListItem\",\"position\":1,\"name\":\"Portada\",\"item\":\"https:\/\/retoelajorge.es\/\"},{\"@type\":\"ListItem\",\"position\":2,\"name\":\"D\u00eda cinco: Hinojosa del Duque &#8211; Campanario\"}]},{\"@type\":\"WebSite\",\"@id\":\"https:\/\/retoelajorge.es\/#website\",\"url\":\"https:\/\/retoelajorge.es\/\",\"name\":\"Mis retos por la ELA\",\"description\":\"Blog de un afectado de ELA\",\"publisher\":{\"@id\":\"https:\/\/retoelajorge.es\/#organization\"},\"potentialAction\":[{\"@type\":\"SearchAction\",\"target\":{\"@type\":\"EntryPoint\",\"urlTemplate\":\"https:\/\/retoelajorge.es\/?s={search_term_string}\"},\"query-input\":{\"@type\":\"PropertyValueSpecification\",\"valueRequired\":true,\"valueName\":\"search_term_string\"}}],\"inLanguage\":\"es\"},{\"@type\":\"Organization\",\"@id\":\"https:\/\/retoelajorge.es\/#organization\",\"name\":\"Mis retos por la ELA\",\"url\":\"https:\/\/retoelajorge.es\/\",\"logo\":{\"@type\":\"ImageObject\",\"inLanguage\":\"es\",\"@id\":\"https:\/\/retoelajorge.es\/#\/schema\/logo\/image\/\",\"url\":\"https:\/\/retoelajorge.es\/wp-content\/uploads\/2020\/02\/Jorge-scaled-e1583395872979.jpg\",\"contentUrl\":\"https:\/\/retoelajorge.es\/wp-content\/uploads\/2020\/02\/Jorge-scaled-e1583395872979.jpg\",\"width\":1900,\"height\":1045,\"caption\":\"Mis retos por la ELA\"},\"image\":{\"@id\":\"https:\/\/retoelajorge.es\/#\/schema\/logo\/image\/\"}},{\"@type\":\"Person\",\"@id\":\"https:\/\/retoelajorge.es\/#\/schema\/person\/0e209413f2de4fe381eda14e12288b7d\",\"name\":\"retoelajorge\",\"image\":{\"@type\":\"ImageObject\",\"inLanguage\":\"es\",\"@id\":\"https:\/\/retoelajorge.es\/#\/schema\/person\/image\/\",\"url\":\"https:\/\/secure.gravatar.com\/avatar\/bdd30a868985f69f97d362fc89c201f7860ec568aa2b42cb67e1ab7857b91971?s=96&d=mm&r=g\",\"contentUrl\":\"https:\/\/secure.gravatar.com\/avatar\/bdd30a868985f69f97d362fc89c201f7860ec568aa2b42cb67e1ab7857b91971?s=96&d=mm&r=g\",\"caption\":\"retoelajorge\"},\"url\":\"https:\/\/retoelajorge.es\/index.php\/author\/admin\/\"}]}<\/script>\n<!-- \/ Yoast SEO plugin. -->","yoast_head_json":{"title":"D\u00eda cinco: Hinojosa del Duque - Campanario - Mis retos por la ELA","robots":{"index":"index","follow":"follow","max-snippet":"max-snippet:-1","max-image-preview":"max-image-preview:large","max-video-preview":"max-video-preview:-1"},"canonical":"https:\/\/retoelajorge.es\/index.php\/2015\/08\/31\/dia-5-hinojosa-del-duque-campanario\/","og_locale":"es_ES","og_type":"article","og_title":"D\u00eda cinco: Hinojosa del Duque - Campanario - Mis retos por la ELA","og_description":"Una foto ante la catedral de Hijonosa Del Duque marca nuestra salida una vez desayunamos en el Bar Central. Fue un d\u00eda de &#8216;hasta luego&#8217; para M\u00f3nica y Joaqu\u00edn a los que vamos a...","og_url":"https:\/\/retoelajorge.es\/index.php\/2015\/08\/31\/dia-5-hinojosa-del-duque-campanario\/","og_site_name":"Mis retos por la ELA","article_published_time":"2015-08-31T21:32:00+00:00","article_modified_time":"2021-11-11T11:28:50+00:00","og_image":[{"width":1280,"height":960,"url":"https:\/\/retoelajorge.es\/wp-content\/uploads\/2020\/02\/33_4.jpg","type":"image\/jpeg"}],"author":"retoelajorge","twitter_card":"summary_large_image","twitter_misc":{"Escrito por":"retoelajorge","Tiempo de lectura":"2 minutos"},"schema":{"@context":"https:\/\/schema.org","@graph":[{"@type":"Article","@id":"https:\/\/retoelajorge.es\/index.php\/2015\/08\/31\/dia-5-hinojosa-del-duque-campanario\/#article","isPartOf":{"@id":"https:\/\/retoelajorge.es\/index.php\/2015\/08\/31\/dia-5-hinojosa-del-duque-campanario\/"},"author":{"name":"retoelajorge","@id":"https:\/\/retoelajorge.es\/#\/schema\/person\/0e209413f2de4fe381eda14e12288b7d"},"headline":"D\u00eda cinco: Hinojosa del Duque &#8211; Campanario","datePublished":"2015-08-31T21:32:00+00:00","dateModified":"2021-11-11T11:28:50+00:00","mainEntityOfPage":{"@id":"https:\/\/retoelajorge.es\/index.php\/2015\/08\/31\/dia-5-hinojosa-del-duque-campanario\/"},"wordCount":252,"commentCount":0,"publisher":{"@id":"https:\/\/retoelajorge.es\/#organization"},"image":{"@id":"https:\/\/retoelajorge.es\/index.php\/2015\/08\/31\/dia-5-hinojosa-del-duque-campanario\/#primaryimage"},"thumbnailUrl":"https:\/\/retoelajorge.es\/wp-content\/uploads\/2020\/02\/33_4.jpg","keywords":["Camino de Santiago","ELA"],"articleSection":["Retos"],"inLanguage":"es","potentialAction":[{"@type":"CommentAction","name":"Comment","target":["https:\/\/retoelajorge.es\/index.php\/2015\/08\/31\/dia-5-hinojosa-del-duque-campanario\/#respond"]}]},{"@type":"WebPage","@id":"https:\/\/retoelajorge.es\/index.php\/2015\/08\/31\/dia-5-hinojosa-del-duque-campanario\/","url":"https:\/\/retoelajorge.es\/index.php\/2015\/08\/31\/dia-5-hinojosa-del-duque-campanario\/","name":"D\u00eda cinco: Hinojosa del Duque - Campanario - Mis retos por la ELA","isPartOf":{"@id":"https:\/\/retoelajorge.es\/#website"},"primaryImageOfPage":{"@id":"https:\/\/retoelajorge.es\/index.php\/2015\/08\/31\/dia-5-hinojosa-del-duque-campanario\/#primaryimage"},"image":{"@id":"https:\/\/retoelajorge.es\/index.php\/2015\/08\/31\/dia-5-hinojosa-del-duque-campanario\/#primaryimage"},"thumbnailUrl":"https:\/\/retoelajorge.es\/wp-content\/uploads\/2020\/02\/33_4.jpg","datePublished":"2015-08-31T21:32:00+00:00","dateModified":"2021-11-11T11:28:50+00:00","breadcrumb":{"@id":"https:\/\/retoelajorge.es\/index.php\/2015\/08\/31\/dia-5-hinojosa-del-duque-campanario\/#breadcrumb"},"inLanguage":"es","potentialAction":[{"@type":"ReadAction","target":["https:\/\/retoelajorge.es\/index.php\/2015\/08\/31\/dia-5-hinojosa-del-duque-campanario\/"]}]},{"@type":"ImageObject","inLanguage":"es","@id":"https:\/\/retoelajorge.es\/index.php\/2015\/08\/31\/dia-5-hinojosa-del-duque-campanario\/#primaryimage","url":"https:\/\/retoelajorge.es\/wp-content\/uploads\/2020\/02\/33_4.jpg","contentUrl":"https:\/\/retoelajorge.es\/wp-content\/uploads\/2020\/02\/33_4.jpg","width":1280,"height":960},{"@type":"BreadcrumbList","@id":"https:\/\/retoelajorge.es\/index.php\/2015\/08\/31\/dia-5-hinojosa-del-duque-campanario\/#breadcrumb","itemListElement":[{"@type":"ListItem","position":1,"name":"Portada","item":"https:\/\/retoelajorge.es\/"},{"@type":"ListItem","position":2,"name":"D\u00eda cinco: Hinojosa del Duque &#8211; Campanario"}]},{"@type":"WebSite","@id":"https:\/\/retoelajorge.es\/#website","url":"https:\/\/retoelajorge.es\/","name":"Mis retos por la ELA","description":"Blog de un afectado de ELA","publisher":{"@id":"https:\/\/retoelajorge.es\/#organization"},"potentialAction":[{"@type":"SearchAction","target":{"@type":"EntryPoint","urlTemplate":"https:\/\/retoelajorge.es\/?s={search_term_string}"},"query-input":{"@type":"PropertyValueSpecification","valueRequired":true,"valueName":"search_term_string"}}],"inLanguage":"es"},{"@type":"Organization","@id":"https:\/\/retoelajorge.es\/#organization","name":"Mis retos por la ELA","url":"https:\/\/retoelajorge.es\/","logo":{"@type":"ImageObject","inLanguage":"es","@id":"https:\/\/retoelajorge.es\/#\/schema\/logo\/image\/","url":"https:\/\/retoelajorge.es\/wp-content\/uploads\/2020\/02\/Jorge-scaled-e1583395872979.jpg","contentUrl":"https:\/\/retoelajorge.es\/wp-content\/uploads\/2020\/02\/Jorge-scaled-e1583395872979.jpg","width":1900,"height":1045,"caption":"Mis retos por la ELA"},"image":{"@id":"https:\/\/retoelajorge.es\/#\/schema\/logo\/image\/"}},{"@type":"Person","@id":"https:\/\/retoelajorge.es\/#\/schema\/person\/0e209413f2de4fe381eda14e12288b7d","name":"retoelajorge","image":{"@type":"ImageObject","inLanguage":"es","@id":"https:\/\/retoelajorge.es\/#\/schema\/person\/image\/","url":"https:\/\/secure.gravatar.com\/avatar\/bdd30a868985f69f97d362fc89c201f7860ec568aa2b42cb67e1ab7857b91971?s=96&d=mm&r=g","contentUrl":"https:\/\/secure.gravatar.com\/avatar\/bdd30a868985f69f97d362fc89c201f7860ec568aa2b42cb67e1ab7857b91971?s=96&d=mm&r=g","caption":"retoelajorge"},"url":"https:\/\/retoelajorge.es\/index.php\/author\/admin\/"}]}},"_links":{"self":[{"href":"https:\/\/retoelajorge.es\/index.php\/wp-json\/wp\/v2\/posts\/628","targetHints":{"allow":["GET"]}}],"collection":[{"href":"https:\/\/retoelajorge.es\/index.php\/wp-json\/wp\/v2\/posts"}],"about":[{"href":"https:\/\/retoelajorge.es\/index.php\/wp-json\/wp\/v2\/types\/post"}],"author":[{"embeddable":true,"href":"https:\/\/retoelajorge.es\/index.php\/wp-json\/wp\/v2\/users\/1"}],"replies":[{"embeddable":true,"href":"https:\/\/retoelajorge.es\/index.php\/wp-json\/wp\/v2\/comments?post=628"}],"version-history":[{"count":6,"href":"https:\/\/retoelajorge.es\/index.php\/wp-json\/wp\/v2\/posts\/628\/revisions"}],"predecessor-version":[{"id":1437,"href":"https:\/\/retoelajorge.es\/index.php\/wp-json\/wp\/v2\/posts\/628\/revisions\/1437"}],"wp:featuredmedia":[{"embeddable":true,"href":"https:\/\/retoelajorge.es\/index.php\/wp-json\/wp\/v2\/media\/630"}],"wp:attachment":[{"href":"https:\/\/retoelajorge.es\/index.php\/wp-json\/wp\/v2\/media?parent=628"}],"wp:term":[{"taxonomy":"category","embeddable":true,"href":"https:\/\/retoelajorge.es\/index.php\/wp-json\/wp\/v2\/categories?post=628"},{"taxonomy":"post_tag","embeddable":true,"href":"https:\/\/retoelajorge.es\/index.php\/wp-json\/wp\/v2\/tags?post=628"}],"curies":[{"name":"wp","href":"https:\/\/api.w.org\/{rel}","templated":true}]}}