{"id":636,"date":"2015-09-01T21:43:58","date_gmt":"2015-09-01T21:43:58","guid":{"rendered":"http:\/\/retoelajorge.es\/?p=636"},"modified":"2020-02-11T12:52:13","modified_gmt":"2020-02-11T12:52:13","slug":"dia-6-campanario-merida","status":"publish","type":"post","link":"https:\/\/retoelajorge.es\/index.php\/2015\/09\/01\/dia-6-campanario-merida\/","title":{"rendered":"D\u00eda seis: Campanario &#8211; M\u00e9rida"},"content":{"rendered":"\n<p>Hoy ha sido el d\u00eda de Don Quijote de Granada, tambi\u00e9n conocido como Jorge Abarca Hern\u00e1ndez, porque esta vez no ha encontrado el apoyo ni el calor de una ciudad tan hermosa como M\u00e9rida. No hemos sabido explicarles lo grande de este reto,  \u00e9stos molinos que en nuestra sociedad no llegan a ver lo humano, lo solidario, lo que este reto es y significa\u2026 La culpa habr\u00e1 sido nuestra. En M\u00e9rida nadie nos esper\u00f3, nadie nos recibi\u00f3, tampoco pusimos el puesto de informaci\u00f3n, pues hab\u00eda que pedirlo por escrito. \u00a1Si la solidaridad no tiene burocracia! Hab\u00eda que llegar a ciertas horas fijas. \u00a1\u00a1Pero si venimos en bicicleta!! Directos al albergue Molino de Pancaliente, \u00a1\u00a1 que fiasco !! La habitaci\u00f3n de discapacitados era un trastero de 2 camas separadas del resto. \u00bfPero qui\u00e9n pens\u00e1is que es Jorge Abarca? Jorge es un gigante, pero enfermo de ELA, necesita de unos  cuidados m\u00ednimos, su terapia, su aseo y su descanso. Un timo este albergue, nos dice que tiene habitaci\u00f3n de  discapacitados y luego nos ofrece unas instalaciones deficientes y cutres.<br>Ni siquiera devolvieron el dinero.  <\/p>\n\n\n\n<p>Por el camino estuvimos agrupados bastante tiempo, poco a poco vamos aprendiendo a ir juntos, que es el arte de acompa\u00f1ar los r\u00e1pidos con los lentos. <\/p>\n\n\n\n<figure class=\"wp-block-gallery columns-3 is-cropped wp-block-gallery-1 is-layout-flex wp-block-gallery-is-layout-flex\"><ul class=\"blocks-gallery-grid\"><li class=\"blocks-gallery-item\"><figure><img loading=\"lazy\" decoding=\"async\" width=\"1024\" height=\"576\" src=\"https:\/\/retoelajorge.es\/wp-content\/uploads\/2020\/02\/34_2-1024x576.jpg\" alt=\"\" data-id=\"639\" data-full-url=\"https:\/\/retoelajorge.es\/wp-content\/uploads\/2020\/02\/34_2.jpg\" data-link=\"https:\/\/retoelajorge.es\/?attachment_id=639\" class=\"wp-image-639\" srcset=\"https:\/\/retoelajorge.es\/wp-content\/uploads\/2020\/02\/34_2-1024x576.jpg 1024w, https:\/\/retoelajorge.es\/wp-content\/uploads\/2020\/02\/34_2-300x169.jpg 300w, https:\/\/retoelajorge.es\/wp-content\/uploads\/2020\/02\/34_2-768x432.jpg 768w, https:\/\/retoelajorge.es\/wp-content\/uploads\/2020\/02\/34_2-1536x864.jpg 1536w, https:\/\/retoelajorge.es\/wp-content\/uploads\/2020\/02\/34_2-800x450.jpg 800w, https:\/\/retoelajorge.es\/wp-content\/uploads\/2020\/02\/34_2.jpg 1552w\" sizes=\"auto, (max-width: 1024px) 100vw, 1024px\" \/><figcaption class=\"blocks-gallery-item__caption\">Camino de Magacela<\/figcaption><\/figure><\/li><li class=\"blocks-gallery-item\"><figure><img loading=\"lazy\" decoding=\"async\" width=\"1024\" height=\"576\" src=\"https:\/\/retoelajorge.es\/wp-content\/uploads\/2020\/02\/34_3-1024x576.jpg\" alt=\"\" data-id=\"640\" data-full-url=\"https:\/\/retoelajorge.es\/wp-content\/uploads\/2020\/02\/34_3.jpg\" data-link=\"https:\/\/retoelajorge.es\/?attachment_id=640\" class=\"wp-image-640\" srcset=\"https:\/\/retoelajorge.es\/wp-content\/uploads\/2020\/02\/34_3-1024x576.jpg 1024w, https:\/\/retoelajorge.es\/wp-content\/uploads\/2020\/02\/34_3-300x169.jpg 300w, https:\/\/retoelajorge.es\/wp-content\/uploads\/2020\/02\/34_3-768x432.jpg 768w, https:\/\/retoelajorge.es\/wp-content\/uploads\/2020\/02\/34_3-1536x864.jpg 1536w, https:\/\/retoelajorge.es\/wp-content\/uploads\/2020\/02\/34_3-800x450.jpg 800w, https:\/\/retoelajorge.es\/wp-content\/uploads\/2020\/02\/34_3.jpg 1552w\" sizes=\"auto, (max-width: 1024px) 100vw, 1024px\" \/><figcaption class=\"blocks-gallery-item__caption\">Entrando en Don Benito<\/figcaption><\/figure><\/li><li class=\"blocks-gallery-item\"><figure><img loading=\"lazy\" decoding=\"async\" width=\"1024\" height=\"768\" src=\"https:\/\/retoelajorge.es\/wp-content\/uploads\/2020\/02\/34_4-1024x768.jpg\" alt=\"\" data-id=\"641\" data-full-url=\"https:\/\/retoelajorge.es\/wp-content\/uploads\/2020\/02\/34_4.jpg\" data-link=\"https:\/\/retoelajorge.es\/?attachment_id=641\" class=\"wp-image-641\" srcset=\"https:\/\/retoelajorge.es\/wp-content\/uploads\/2020\/02\/34_4-1024x768.jpg 1024w, https:\/\/retoelajorge.es\/wp-content\/uploads\/2020\/02\/34_4-300x225.jpg 300w, https:\/\/retoelajorge.es\/wp-content\/uploads\/2020\/02\/34_4-768x576.jpg 768w, https:\/\/retoelajorge.es\/wp-content\/uploads\/2020\/02\/34_4-1536x1152.jpg 1536w, https:\/\/retoelajorge.es\/wp-content\/uploads\/2020\/02\/34_4.jpg 1600w\" sizes=\"auto, (max-width: 1024px) 100vw, 1024px\" \/><figcaption class=\"blocks-gallery-item__caption\">Don Benito<\/figcaption><\/figure><\/li><li class=\"blocks-gallery-item\"><figure><img loading=\"lazy\" decoding=\"async\" width=\"1024\" height=\"576\" src=\"https:\/\/retoelajorge.es\/wp-content\/uploads\/2020\/02\/34_5-1024x576.jpg\" alt=\"\" data-id=\"642\" data-full-url=\"https:\/\/retoelajorge.es\/wp-content\/uploads\/2020\/02\/34_5.jpg\" data-link=\"https:\/\/retoelajorge.es\/?attachment_id=642\" class=\"wp-image-642\" srcset=\"https:\/\/retoelajorge.es\/wp-content\/uploads\/2020\/02\/34_5-1024x576.jpg 1024w, https:\/\/retoelajorge.es\/wp-content\/uploads\/2020\/02\/34_5-300x169.jpg 300w, https:\/\/retoelajorge.es\/wp-content\/uploads\/2020\/02\/34_5-768x432.jpg 768w, https:\/\/retoelajorge.es\/wp-content\/uploads\/2020\/02\/34_5-1536x864.jpg 1536w, https:\/\/retoelajorge.es\/wp-content\/uploads\/2020\/02\/34_5-800x450.jpg 800w, https:\/\/retoelajorge.es\/wp-content\/uploads\/2020\/02\/34_5.jpg 1552w\" sizes=\"auto, (max-width: 1024px) 100vw, 1024px\" \/><figcaption class=\"blocks-gallery-item__caption\">Medell\u00edn<\/figcaption><\/figure><\/li><li class=\"blocks-gallery-item\"><figure><img loading=\"lazy\" decoding=\"async\" width=\"960\" height=\"720\" src=\"https:\/\/retoelajorge.es\/wp-content\/uploads\/2020\/02\/34_6.jpg\" alt=\"\" data-id=\"643\" data-full-url=\"https:\/\/retoelajorge.es\/wp-content\/uploads\/2020\/02\/34_6.jpg\" data-link=\"https:\/\/retoelajorge.es\/?attachment_id=643\" class=\"wp-image-643\" srcset=\"https:\/\/retoelajorge.es\/wp-content\/uploads\/2020\/02\/34_6.jpg 960w, https:\/\/retoelajorge.es\/wp-content\/uploads\/2020\/02\/34_6-300x225.jpg 300w, https:\/\/retoelajorge.es\/wp-content\/uploads\/2020\/02\/34_6-768x576.jpg 768w\" sizes=\"auto, (max-width: 960px) 100vw, 960px\" \/><\/figure><\/li><li class=\"blocks-gallery-item\"><figure><img loading=\"lazy\" decoding=\"async\" width=\"1024\" height=\"768\" src=\"https:\/\/retoelajorge.es\/wp-content\/uploads\/2020\/02\/34_7-1024x768.jpg\" alt=\"\" data-id=\"644\" data-full-url=\"https:\/\/retoelajorge.es\/wp-content\/uploads\/2020\/02\/34_7.jpg\" data-link=\"https:\/\/retoelajorge.es\/?attachment_id=644\" class=\"wp-image-644\" srcset=\"https:\/\/retoelajorge.es\/wp-content\/uploads\/2020\/02\/34_7-1024x768.jpg 1024w, https:\/\/retoelajorge.es\/wp-content\/uploads\/2020\/02\/34_7-300x225.jpg 300w, https:\/\/retoelajorge.es\/wp-content\/uploads\/2020\/02\/34_7-768x576.jpg 768w, https:\/\/retoelajorge.es\/wp-content\/uploads\/2020\/02\/34_7-1536x1152.jpg 1536w, https:\/\/retoelajorge.es\/wp-content\/uploads\/2020\/02\/34_7.jpg 1600w\" sizes=\"auto, (max-width: 1024px) 100vw, 1024px\" \/><\/figure><\/li><\/ul><\/figure>\n\n\n\n<p>El grupo se busc\u00f3 un alojamiento adecuado a nuestras necesidades. Fernando encontr\u00f3 una casa rural en Mirandilla, donde hospedarnos, usamos la piscina para relajarnos de un d\u00eda tenso y un poco atravesado.<\/p>\n\n\n\n<div class=\"wp-block-image\"><figure class=\"aligncenter size-large\"><img loading=\"lazy\" decoding=\"async\" width=\"1024\" height=\"768\" src=\"https:\/\/retoelajorge.es\/wp-content\/uploads\/2020\/02\/35_1-1024x768.jpg\" alt=\"\" class=\"wp-image-648\" srcset=\"https:\/\/retoelajorge.es\/wp-content\/uploads\/2020\/02\/35_1-1024x768.jpg 1024w, https:\/\/retoelajorge.es\/wp-content\/uploads\/2020\/02\/35_1-300x225.jpg 300w, https:\/\/retoelajorge.es\/wp-content\/uploads\/2020\/02\/35_1-768x576.jpg 768w, https:\/\/retoelajorge.es\/wp-content\/uploads\/2020\/02\/35_1-1536x1153.jpg 1536w, https:\/\/retoelajorge.es\/wp-content\/uploads\/2020\/02\/35_1.jpg 1599w\" sizes=\"auto, (max-width: 1024px) 100vw, 1024px\" \/><figcaption>Alojamiento en Mirandilla<\/figcaption><\/figure><\/div>\n","protected":false},"excerpt":{"rendered":"<p>Hoy ha sido el d\u00eda de Don Quijote de Granada, tambi\u00e9n conocido como Jorge Abarca Hern\u00e1ndez, porque esta vez no ha encontrado el apoyo ni el calor de una ciudad tan hermosa como M\u00e9rida&#8230;.<\/p>\n","protected":false},"author":1,"featured_media":637,"comment_status":"open","ping_status":"open","sticky":false,"template":"","format":"standard","meta":{"footnotes":""},"categories":[39],"tags":[45,43],"class_list":["post-636","post","type-post","status-publish","format-standard","has-post-thumbnail","hentry","category-retos","tag-camino-de-santiago","tag-ela"],"yoast_head":"<!-- This site is optimized with the Yoast SEO plugin v26.7 - https:\/\/yoast.com\/wordpress\/plugins\/seo\/ -->\n<title>D\u00eda seis: Campanario - M\u00e9rida - Mis retos por la ELA<\/title>\n<meta name=\"robots\" content=\"index, follow, max-snippet:-1, max-image-preview:large, max-video-preview:-1\" \/>\n<link rel=\"canonical\" href=\"https:\/\/retoelajorge.es\/index.php\/2015\/09\/01\/dia-6-campanario-merida\/\" \/>\n<meta property=\"og:locale\" content=\"es_ES\" \/>\n<meta property=\"og:type\" content=\"article\" \/>\n<meta property=\"og:title\" content=\"D\u00eda seis: Campanario - M\u00e9rida - Mis retos por la ELA\" \/>\n<meta property=\"og:description\" content=\"Hoy ha sido el d\u00eda de Don Quijote de Granada, tambi\u00e9n conocido como Jorge Abarca Hern\u00e1ndez, porque esta vez no ha encontrado el apoyo ni el calor de una ciudad tan hermosa como M\u00e9rida....\" \/>\n<meta property=\"og:url\" content=\"https:\/\/retoelajorge.es\/index.php\/2015\/09\/01\/dia-6-campanario-merida\/\" \/>\n<meta property=\"og:site_name\" content=\"Mis retos por la ELA\" \/>\n<meta property=\"article:published_time\" content=\"2015-09-01T21:43:58+00:00\" \/>\n<meta property=\"article:modified_time\" content=\"2020-02-11T12:52:13+00:00\" \/>\n<meta property=\"og:image\" content=\"https:\/\/retoelajorge.es\/wp-content\/uploads\/2020\/02\/34_1.jpg\" \/>\n\t<meta property=\"og:image:width\" content=\"1200\" \/>\n\t<meta property=\"og:image:height\" content=\"1600\" \/>\n\t<meta property=\"og:image:type\" content=\"image\/jpeg\" \/>\n<meta name=\"author\" content=\"retoelajorge\" \/>\n<meta name=\"twitter:card\" content=\"summary_large_image\" \/>\n<meta name=\"twitter:label1\" content=\"Escrito por\" \/>\n\t<meta name=\"twitter:data1\" content=\"retoelajorge\" \/>\n\t<meta name=\"twitter:label2\" content=\"Tiempo de lectura\" \/>\n\t<meta name=\"twitter:data2\" content=\"1 minuto\" \/>\n<script type=\"application\/ld+json\" class=\"yoast-schema-graph\">{\"@context\":\"https:\/\/schema.org\",\"@graph\":[{\"@type\":\"Article\",\"@id\":\"https:\/\/retoelajorge.es\/index.php\/2015\/09\/01\/dia-6-campanario-merida\/#article\",\"isPartOf\":{\"@id\":\"https:\/\/retoelajorge.es\/index.php\/2015\/09\/01\/dia-6-campanario-merida\/\"},\"author\":{\"name\":\"retoelajorge\",\"@id\":\"https:\/\/retoelajorge.es\/#\/schema\/person\/0e209413f2de4fe381eda14e12288b7d\"},\"headline\":\"D\u00eda seis: Campanario &#8211; M\u00e9rida\",\"datePublished\":\"2015-09-01T21:43:58+00:00\",\"dateModified\":\"2020-02-11T12:52:13+00:00\",\"mainEntityOfPage\":{\"@id\":\"https:\/\/retoelajorge.es\/index.php\/2015\/09\/01\/dia-6-campanario-merida\/\"},\"wordCount\":274,\"commentCount\":0,\"publisher\":{\"@id\":\"https:\/\/retoelajorge.es\/#organization\"},\"image\":{\"@id\":\"https:\/\/retoelajorge.es\/index.php\/2015\/09\/01\/dia-6-campanario-merida\/#primaryimage\"},\"thumbnailUrl\":\"https:\/\/retoelajorge.es\/wp-content\/uploads\/2020\/02\/34_1.jpg\",\"keywords\":[\"Camino de Santiago\",\"ELA\"],\"articleSection\":[\"Retos\"],\"inLanguage\":\"es\",\"potentialAction\":[{\"@type\":\"CommentAction\",\"name\":\"Comment\",\"target\":[\"https:\/\/retoelajorge.es\/index.php\/2015\/09\/01\/dia-6-campanario-merida\/#respond\"]}]},{\"@type\":\"WebPage\",\"@id\":\"https:\/\/retoelajorge.es\/index.php\/2015\/09\/01\/dia-6-campanario-merida\/\",\"url\":\"https:\/\/retoelajorge.es\/index.php\/2015\/09\/01\/dia-6-campanario-merida\/\",\"name\":\"D\u00eda seis: Campanario - M\u00e9rida - Mis retos por la ELA\",\"isPartOf\":{\"@id\":\"https:\/\/retoelajorge.es\/#website\"},\"primaryImageOfPage\":{\"@id\":\"https:\/\/retoelajorge.es\/index.php\/2015\/09\/01\/dia-6-campanario-merida\/#primaryimage\"},\"image\":{\"@id\":\"https:\/\/retoelajorge.es\/index.php\/2015\/09\/01\/dia-6-campanario-merida\/#primaryimage\"},\"thumbnailUrl\":\"https:\/\/retoelajorge.es\/wp-content\/uploads\/2020\/02\/34_1.jpg\",\"datePublished\":\"2015-09-01T21:43:58+00:00\",\"dateModified\":\"2020-02-11T12:52:13+00:00\",\"breadcrumb\":{\"@id\":\"https:\/\/retoelajorge.es\/index.php\/2015\/09\/01\/dia-6-campanario-merida\/#breadcrumb\"},\"inLanguage\":\"es\",\"potentialAction\":[{\"@type\":\"ReadAction\",\"target\":[\"https:\/\/retoelajorge.es\/index.php\/2015\/09\/01\/dia-6-campanario-merida\/\"]}]},{\"@type\":\"ImageObject\",\"inLanguage\":\"es\",\"@id\":\"https:\/\/retoelajorge.es\/index.php\/2015\/09\/01\/dia-6-campanario-merida\/#primaryimage\",\"url\":\"https:\/\/retoelajorge.es\/wp-content\/uploads\/2020\/02\/34_1.jpg\",\"contentUrl\":\"https:\/\/retoelajorge.es\/wp-content\/uploads\/2020\/02\/34_1.jpg\",\"width\":1200,\"height\":1600,\"caption\":\"Saliendo de Campanario\"},{\"@type\":\"BreadcrumbList\",\"@id\":\"https:\/\/retoelajorge.es\/index.php\/2015\/09\/01\/dia-6-campanario-merida\/#breadcrumb\",\"itemListElement\":[{\"@type\":\"ListItem\",\"position\":1,\"name\":\"Portada\",\"item\":\"https:\/\/retoelajorge.es\/\"},{\"@type\":\"ListItem\",\"position\":2,\"name\":\"D\u00eda seis: Campanario &#8211; M\u00e9rida\"}]},{\"@type\":\"WebSite\",\"@id\":\"https:\/\/retoelajorge.es\/#website\",\"url\":\"https:\/\/retoelajorge.es\/\",\"name\":\"Mis retos por la ELA\",\"description\":\"Blog de un afectado de ELA\",\"publisher\":{\"@id\":\"https:\/\/retoelajorge.es\/#organization\"},\"potentialAction\":[{\"@type\":\"SearchAction\",\"target\":{\"@type\":\"EntryPoint\",\"urlTemplate\":\"https:\/\/retoelajorge.es\/?s={search_term_string}\"},\"query-input\":{\"@type\":\"PropertyValueSpecification\",\"valueRequired\":true,\"valueName\":\"search_term_string\"}}],\"inLanguage\":\"es\"},{\"@type\":\"Organization\",\"@id\":\"https:\/\/retoelajorge.es\/#organization\",\"name\":\"Mis retos por la ELA\",\"url\":\"https:\/\/retoelajorge.es\/\",\"logo\":{\"@type\":\"ImageObject\",\"inLanguage\":\"es\",\"@id\":\"https:\/\/retoelajorge.es\/#\/schema\/logo\/image\/\",\"url\":\"https:\/\/retoelajorge.es\/wp-content\/uploads\/2020\/02\/Jorge-scaled-e1583395872979.jpg\",\"contentUrl\":\"https:\/\/retoelajorge.es\/wp-content\/uploads\/2020\/02\/Jorge-scaled-e1583395872979.jpg\",\"width\":1900,\"height\":1045,\"caption\":\"Mis retos por la ELA\"},\"image\":{\"@id\":\"https:\/\/retoelajorge.es\/#\/schema\/logo\/image\/\"}},{\"@type\":\"Person\",\"@id\":\"https:\/\/retoelajorge.es\/#\/schema\/person\/0e209413f2de4fe381eda14e12288b7d\",\"name\":\"retoelajorge\",\"image\":{\"@type\":\"ImageObject\",\"inLanguage\":\"es\",\"@id\":\"https:\/\/retoelajorge.es\/#\/schema\/person\/image\/\",\"url\":\"https:\/\/secure.gravatar.com\/avatar\/bdd30a868985f69f97d362fc89c201f7860ec568aa2b42cb67e1ab7857b91971?s=96&d=mm&r=g\",\"contentUrl\":\"https:\/\/secure.gravatar.com\/avatar\/bdd30a868985f69f97d362fc89c201f7860ec568aa2b42cb67e1ab7857b91971?s=96&d=mm&r=g\",\"caption\":\"retoelajorge\"},\"url\":\"https:\/\/retoelajorge.es\/index.php\/author\/admin\/\"}]}<\/script>\n<!-- \/ Yoast SEO plugin. -->","yoast_head_json":{"title":"D\u00eda seis: Campanario - M\u00e9rida - Mis retos por la ELA","robots":{"index":"index","follow":"follow","max-snippet":"max-snippet:-1","max-image-preview":"max-image-preview:large","max-video-preview":"max-video-preview:-1"},"canonical":"https:\/\/retoelajorge.es\/index.php\/2015\/09\/01\/dia-6-campanario-merida\/","og_locale":"es_ES","og_type":"article","og_title":"D\u00eda seis: Campanario - M\u00e9rida - Mis retos por la ELA","og_description":"Hoy ha sido el d\u00eda de Don Quijote de Granada, tambi\u00e9n conocido como Jorge Abarca Hern\u00e1ndez, porque esta vez no ha encontrado el apoyo ni el calor de una ciudad tan hermosa como M\u00e9rida....","og_url":"https:\/\/retoelajorge.es\/index.php\/2015\/09\/01\/dia-6-campanario-merida\/","og_site_name":"Mis retos por la ELA","article_published_time":"2015-09-01T21:43:58+00:00","article_modified_time":"2020-02-11T12:52:13+00:00","og_image":[{"width":1200,"height":1600,"url":"https:\/\/retoelajorge.es\/wp-content\/uploads\/2020\/02\/34_1.jpg","type":"image\/jpeg"}],"author":"retoelajorge","twitter_card":"summary_large_image","twitter_misc":{"Escrito por":"retoelajorge","Tiempo de lectura":"1 minuto"},"schema":{"@context":"https:\/\/schema.org","@graph":[{"@type":"Article","@id":"https:\/\/retoelajorge.es\/index.php\/2015\/09\/01\/dia-6-campanario-merida\/#article","isPartOf":{"@id":"https:\/\/retoelajorge.es\/index.php\/2015\/09\/01\/dia-6-campanario-merida\/"},"author":{"name":"retoelajorge","@id":"https:\/\/retoelajorge.es\/#\/schema\/person\/0e209413f2de4fe381eda14e12288b7d"},"headline":"D\u00eda seis: Campanario &#8211; M\u00e9rida","datePublished":"2015-09-01T21:43:58+00:00","dateModified":"2020-02-11T12:52:13+00:00","mainEntityOfPage":{"@id":"https:\/\/retoelajorge.es\/index.php\/2015\/09\/01\/dia-6-campanario-merida\/"},"wordCount":274,"commentCount":0,"publisher":{"@id":"https:\/\/retoelajorge.es\/#organization"},"image":{"@id":"https:\/\/retoelajorge.es\/index.php\/2015\/09\/01\/dia-6-campanario-merida\/#primaryimage"},"thumbnailUrl":"https:\/\/retoelajorge.es\/wp-content\/uploads\/2020\/02\/34_1.jpg","keywords":["Camino de Santiago","ELA"],"articleSection":["Retos"],"inLanguage":"es","potentialAction":[{"@type":"CommentAction","name":"Comment","target":["https:\/\/retoelajorge.es\/index.php\/2015\/09\/01\/dia-6-campanario-merida\/#respond"]}]},{"@type":"WebPage","@id":"https:\/\/retoelajorge.es\/index.php\/2015\/09\/01\/dia-6-campanario-merida\/","url":"https:\/\/retoelajorge.es\/index.php\/2015\/09\/01\/dia-6-campanario-merida\/","name":"D\u00eda seis: Campanario - M\u00e9rida - Mis retos por la ELA","isPartOf":{"@id":"https:\/\/retoelajorge.es\/#website"},"primaryImageOfPage":{"@id":"https:\/\/retoelajorge.es\/index.php\/2015\/09\/01\/dia-6-campanario-merida\/#primaryimage"},"image":{"@id":"https:\/\/retoelajorge.es\/index.php\/2015\/09\/01\/dia-6-campanario-merida\/#primaryimage"},"thumbnailUrl":"https:\/\/retoelajorge.es\/wp-content\/uploads\/2020\/02\/34_1.jpg","datePublished":"2015-09-01T21:43:58+00:00","dateModified":"2020-02-11T12:52:13+00:00","breadcrumb":{"@id":"https:\/\/retoelajorge.es\/index.php\/2015\/09\/01\/dia-6-campanario-merida\/#breadcrumb"},"inLanguage":"es","potentialAction":[{"@type":"ReadAction","target":["https:\/\/retoelajorge.es\/index.php\/2015\/09\/01\/dia-6-campanario-merida\/"]}]},{"@type":"ImageObject","inLanguage":"es","@id":"https:\/\/retoelajorge.es\/index.php\/2015\/09\/01\/dia-6-campanario-merida\/#primaryimage","url":"https:\/\/retoelajorge.es\/wp-content\/uploads\/2020\/02\/34_1.jpg","contentUrl":"https:\/\/retoelajorge.es\/wp-content\/uploads\/2020\/02\/34_1.jpg","width":1200,"height":1600,"caption":"Saliendo de Campanario"},{"@type":"BreadcrumbList","@id":"https:\/\/retoelajorge.es\/index.php\/2015\/09\/01\/dia-6-campanario-merida\/#breadcrumb","itemListElement":[{"@type":"ListItem","position":1,"name":"Portada","item":"https:\/\/retoelajorge.es\/"},{"@type":"ListItem","position":2,"name":"D\u00eda seis: Campanario &#8211; M\u00e9rida"}]},{"@type":"WebSite","@id":"https:\/\/retoelajorge.es\/#website","url":"https:\/\/retoelajorge.es\/","name":"Mis retos por la ELA","description":"Blog de un afectado de ELA","publisher":{"@id":"https:\/\/retoelajorge.es\/#organization"},"potentialAction":[{"@type":"SearchAction","target":{"@type":"EntryPoint","urlTemplate":"https:\/\/retoelajorge.es\/?s={search_term_string}"},"query-input":{"@type":"PropertyValueSpecification","valueRequired":true,"valueName":"search_term_string"}}],"inLanguage":"es"},{"@type":"Organization","@id":"https:\/\/retoelajorge.es\/#organization","name":"Mis retos por la ELA","url":"https:\/\/retoelajorge.es\/","logo":{"@type":"ImageObject","inLanguage":"es","@id":"https:\/\/retoelajorge.es\/#\/schema\/logo\/image\/","url":"https:\/\/retoelajorge.es\/wp-content\/uploads\/2020\/02\/Jorge-scaled-e1583395872979.jpg","contentUrl":"https:\/\/retoelajorge.es\/wp-content\/uploads\/2020\/02\/Jorge-scaled-e1583395872979.jpg","width":1900,"height":1045,"caption":"Mis retos por la ELA"},"image":{"@id":"https:\/\/retoelajorge.es\/#\/schema\/logo\/image\/"}},{"@type":"Person","@id":"https:\/\/retoelajorge.es\/#\/schema\/person\/0e209413f2de4fe381eda14e12288b7d","name":"retoelajorge","image":{"@type":"ImageObject","inLanguage":"es","@id":"https:\/\/retoelajorge.es\/#\/schema\/person\/image\/","url":"https:\/\/secure.gravatar.com\/avatar\/bdd30a868985f69f97d362fc89c201f7860ec568aa2b42cb67e1ab7857b91971?s=96&d=mm&r=g","contentUrl":"https:\/\/secure.gravatar.com\/avatar\/bdd30a868985f69f97d362fc89c201f7860ec568aa2b42cb67e1ab7857b91971?s=96&d=mm&r=g","caption":"retoelajorge"},"url":"https:\/\/retoelajorge.es\/index.php\/author\/admin\/"}]}},"_links":{"self":[{"href":"https:\/\/retoelajorge.es\/index.php\/wp-json\/wp\/v2\/posts\/636","targetHints":{"allow":["GET"]}}],"collection":[{"href":"https:\/\/retoelajorge.es\/index.php\/wp-json\/wp\/v2\/posts"}],"about":[{"href":"https:\/\/retoelajorge.es\/index.php\/wp-json\/wp\/v2\/types\/post"}],"author":[{"embeddable":true,"href":"https:\/\/retoelajorge.es\/index.php\/wp-json\/wp\/v2\/users\/1"}],"replies":[{"embeddable":true,"href":"https:\/\/retoelajorge.es\/index.php\/wp-json\/wp\/v2\/comments?post=636"}],"version-history":[{"count":7,"href":"https:\/\/retoelajorge.es\/index.php\/wp-json\/wp\/v2\/posts\/636\/revisions"}],"predecessor-version":[{"id":696,"href":"https:\/\/retoelajorge.es\/index.php\/wp-json\/wp\/v2\/posts\/636\/revisions\/696"}],"wp:featuredmedia":[{"embeddable":true,"href":"https:\/\/retoelajorge.es\/index.php\/wp-json\/wp\/v2\/media\/637"}],"wp:attachment":[{"href":"https:\/\/retoelajorge.es\/index.php\/wp-json\/wp\/v2\/media?parent=636"}],"wp:term":[{"taxonomy":"category","embeddable":true,"href":"https:\/\/retoelajorge.es\/index.php\/wp-json\/wp\/v2\/categories?post=636"},{"taxonomy":"post_tag","embeddable":true,"href":"https:\/\/retoelajorge.es\/index.php\/wp-json\/wp\/v2\/tags?post=636"}],"curies":[{"name":"wp","href":"https:\/\/api.w.org\/{rel}","templated":true}]}}