{"id":686,"date":"2015-09-05T20:32:33","date_gmt":"2015-09-05T20:32:33","guid":{"rendered":"http:\/\/retoelajorge.es\/?p=686"},"modified":"2020-02-11T12:49:01","modified_gmt":"2020-02-11T12:49:01","slug":"dia-diez-la-calzada-de-bejar-salamanca","status":"publish","type":"post","link":"https:\/\/retoelajorge.es\/index.php\/2015\/09\/05\/dia-diez-la-calzada-de-bejar-salamanca\/","title":{"rendered":"D\u00eda diez: La Calzada de B\u00e9jar &#8211; Salamanca"},"content":{"rendered":"\n<p>Como alguien se ten\u00eda que despistar, esta vez fue Miguel, como casi siempre, que tom\u00f3 otra direcci\u00f3n hacia Guijuelo. Al menos David pudo cogerlo y juntos llegar al desayuno.<br>En esta etapa salimos de la comarca de B\u00e9jar, pasando y desayunando en Guijuelo. Como pens\u00e1is el jam\u00f3n no falt\u00f3 en las tostadas. Edu nos invit\u00f3 y nos compr\u00f3 unos blister de jam\u00f3n. <\/p>\n\n\n\n<figure class=\"wp-block-image size-large\"><img loading=\"lazy\" decoding=\"async\" width=\"1024\" height=\"768\" src=\"https:\/\/retoelajorge.es\/wp-content\/uploads\/2020\/02\/38_4-1024x768.jpg\" alt=\"\" class=\"wp-image-688\" srcset=\"https:\/\/retoelajorge.es\/wp-content\/uploads\/2020\/02\/38_4-1024x768.jpg 1024w, https:\/\/retoelajorge.es\/wp-content\/uploads\/2020\/02\/38_4-300x225.jpg 300w, https:\/\/retoelajorge.es\/wp-content\/uploads\/2020\/02\/38_4-768x576.jpg 768w, https:\/\/retoelajorge.es\/wp-content\/uploads\/2020\/02\/38_4-1536x1153.jpg 1536w, https:\/\/retoelajorge.es\/wp-content\/uploads\/2020\/02\/38_4.jpg 1599w\" sizes=\"auto, (max-width: 1024px) 100vw, 1024px\" \/><figcaption>Desayunando en Guijuelo<\/figcaption><\/figure>\n\n\n\n<p>Ya lo queremos todos, no por esto, sino porque nos ha refrescado el ambiente. Desde C\u00e1ceres el grupo viene con 9 integrantes. Por las carreteras subidas y bajadas que solo un reba\u00f1o de ovejas permite el reagrupamiento. Estos d\u00edas modificamos los avituallamientos dejando dos por jornada.<br>Despu\u00e9s del \u00faltimo, fuimos reprendidos por una pareja de la Guardia Civil que nos cogi\u00f3 infraganti haciendo un \u00bbceda\u00bb donde era un \u00bbSTOP\u00bb. Es verdad que no hab\u00eda peligro y era una carretera local pero las reglas son para cumplirlas. Fue una buena reprimenda. <\/p>\n\n\n\n<div class=\"wp-block-image\"><figure class=\"aligncenter size-large\"><img loading=\"lazy\" decoding=\"async\" width=\"1024\" height=\"576\" src=\"https:\/\/retoelajorge.es\/wp-content\/uploads\/2020\/02\/38_3-1024x576.jpg\" alt=\"\" class=\"wp-image-689\" srcset=\"https:\/\/retoelajorge.es\/wp-content\/uploads\/2020\/02\/38_3-1024x576.jpg 1024w, https:\/\/retoelajorge.es\/wp-content\/uploads\/2020\/02\/38_3-300x169.jpg 300w, https:\/\/retoelajorge.es\/wp-content\/uploads\/2020\/02\/38_3-768x432.jpg 768w, https:\/\/retoelajorge.es\/wp-content\/uploads\/2020\/02\/38_3-1536x864.jpg 1536w, https:\/\/retoelajorge.es\/wp-content\/uploads\/2020\/02\/38_3-800x450.jpg 800w, https:\/\/retoelajorge.es\/wp-content\/uploads\/2020\/02\/38_3.jpg 1600w\" sizes=\"auto, (max-width: 1024px) 100vw, 1024px\" \/><figcaption>Camino de Salamanca<\/figcaption><\/figure><\/div>\n\n\n\n<p>Salamanca est\u00e1 en fiestas, la ELA no. Lo digo porque, como en M\u00e9rida, nadie nos esper\u00f3, y fueron Chelo y Rosa las que nos recibieron en la Plaza Mayor. <\/p>\n\n\n\n<figure class=\"wp-block-gallery aligncenter columns-2 is-cropped wp-block-gallery-1 is-layout-flex wp-block-gallery-is-layout-flex\"><ul class=\"blocks-gallery-grid\"><li class=\"blocks-gallery-item\"><figure><img loading=\"lazy\" decoding=\"async\" width=\"1024\" height=\"768\" src=\"https:\/\/retoelajorge.es\/wp-content\/uploads\/2020\/02\/38_6-1024x768.jpg\" alt=\"\" data-id=\"690\" data-full-url=\"https:\/\/retoelajorge.es\/wp-content\/uploads\/2020\/02\/38_6.jpg\" data-link=\"https:\/\/retoelajorge.es\/?attachment_id=690\" class=\"wp-image-690\" srcset=\"https:\/\/retoelajorge.es\/wp-content\/uploads\/2020\/02\/38_6-1024x768.jpg 1024w, https:\/\/retoelajorge.es\/wp-content\/uploads\/2020\/02\/38_6-300x225.jpg 300w, https:\/\/retoelajorge.es\/wp-content\/uploads\/2020\/02\/38_6-768x576.jpg 768w, https:\/\/retoelajorge.es\/wp-content\/uploads\/2020\/02\/38_6-1536x1152.jpg 1536w, https:\/\/retoelajorge.es\/wp-content\/uploads\/2020\/02\/38_6.jpg 1600w\" sizes=\"auto, (max-width: 1024px) 100vw, 1024px\" \/><\/figure><\/li><li class=\"blocks-gallery-item\"><figure><img loading=\"lazy\" decoding=\"async\" width=\"1024\" height=\"768\" src=\"https:\/\/retoelajorge.es\/wp-content\/uploads\/2020\/02\/38_7-1024x768.jpg\" alt=\"\" data-id=\"691\" data-full-url=\"https:\/\/retoelajorge.es\/wp-content\/uploads\/2020\/02\/38_7.jpg\" data-link=\"https:\/\/retoelajorge.es\/?attachment_id=691\" class=\"wp-image-691\" srcset=\"https:\/\/retoelajorge.es\/wp-content\/uploads\/2020\/02\/38_7-1024x768.jpg 1024w, https:\/\/retoelajorge.es\/wp-content\/uploads\/2020\/02\/38_7-300x225.jpg 300w, https:\/\/retoelajorge.es\/wp-content\/uploads\/2020\/02\/38_7-768x576.jpg 768w, https:\/\/retoelajorge.es\/wp-content\/uploads\/2020\/02\/38_7-1536x1152.jpg 1536w, https:\/\/retoelajorge.es\/wp-content\/uploads\/2020\/02\/38_7.jpg 1600w\" sizes=\"auto, (max-width: 1024px) 100vw, 1024px\" \/><\/figure><\/li><\/ul><figcaption class=\"blocks-gallery-caption\">Salamanca<\/figcaption><\/figure>\n\n\n\n<p>Nos ofreci\u00f3 el Ayuntamiento el uso de la piscina del Helm\u00e1ntico, pero llegamos muy cansados y no paramos por all\u00ed. Ten\u00edamos ganas de comer pasta y buscamos un italiano con buffet libre. Kevin se meti\u00f3 3 platos diferentes \u00a1 qu\u00e9 barbaridad ! Todos comimos mucho, y ya llenos nos fuimos al hostal, donde nos aseamos y descansamos, para al final de la tarde dar un paseo por la ciudad. Nos topamos con la Parroquia Santuario Mar\u00eda Auxiliadora donde se introdujeron Rosa y Chelo para ver si nos pod\u00edan poner un sello en las credenciales de peregrino y, tras saludar al p\u00e1rraco y explicarle nuestro proyecto, no solo sell\u00f3 las credenciales, sino que incluso hizo una donaci\u00f3n de 20\u20ac que las dej\u00f3 anonadadas.<br>Salamanca preciosa en fiestas, pero la ELA no tiene fiestas ni descansa. Cada d\u00eda mina un poco m\u00e1s la salud de todas las personas que la tienen. Grande Jorge que dedica tanta energ\u00eda a combatirla, a reivindicarla para m\u00e1s investigaci\u00f3n, a ir pidiendo por estos caminos apoyo y solidaridad para dar esperanza a todos\/as los que la sufren. L\u00e1stima que Salamanca no haya tenido la oportunidad de conocer y disfrutar a Jorge Abarca, que un d\u00eda pas\u00f3 por all\u00ed reivindicando m\u00e1s medios para investigar sobre la ELA, y el pueblo salmantino no la recibi\u00f3.<br>En nuestro hostal se alojaban personas de una boda que trasladaron la alegr\u00eda del convite a \u00e9ste. Fue sobre las 4 de la ma\u00f1ana, a partir de entonces casi nadie durmi\u00f3.<\/p>\n","protected":false},"excerpt":{"rendered":"<p>Como alguien se ten\u00eda que despistar, esta vez fue Miguel, como casi siempre, que tom\u00f3 otra direcci\u00f3n hacia Guijuelo. Al menos David pudo cogerlo y juntos llegar al desayuno.En esta etapa salimos de la&#8230;<\/p>\n","protected":false},"author":1,"featured_media":687,"comment_status":"open","ping_status":"open","sticky":false,"template":"","format":"standard","meta":{"footnotes":""},"categories":[39],"tags":[45,43],"class_list":["post-686","post","type-post","status-publish","format-standard","has-post-thumbnail","hentry","category-retos","tag-camino-de-santiago","tag-ela"],"yoast_head":"<!-- This site is optimized with the Yoast SEO plugin v26.7 - https:\/\/yoast.com\/wordpress\/plugins\/seo\/ -->\n<title>D\u00eda diez: La Calzada de B\u00e9jar - Salamanca - Mis retos por la ELA<\/title>\n<meta name=\"robots\" content=\"index, follow, max-snippet:-1, max-image-preview:large, max-video-preview:-1\" \/>\n<link rel=\"canonical\" href=\"https:\/\/retoelajorge.es\/index.php\/2015\/09\/05\/dia-diez-la-calzada-de-bejar-salamanca\/\" \/>\n<meta property=\"og:locale\" content=\"es_ES\" \/>\n<meta property=\"og:type\" content=\"article\" \/>\n<meta property=\"og:title\" content=\"D\u00eda diez: La Calzada de B\u00e9jar - Salamanca - Mis retos por la ELA\" \/>\n<meta property=\"og:description\" content=\"Como alguien se ten\u00eda que despistar, esta vez fue Miguel, como casi siempre, que tom\u00f3 otra direcci\u00f3n hacia Guijuelo. Al menos David pudo cogerlo y juntos llegar al desayuno.En esta etapa salimos de la...\" \/>\n<meta property=\"og:url\" content=\"https:\/\/retoelajorge.es\/index.php\/2015\/09\/05\/dia-diez-la-calzada-de-bejar-salamanca\/\" \/>\n<meta property=\"og:site_name\" content=\"Mis retos por la ELA\" \/>\n<meta property=\"article:published_time\" content=\"2015-09-05T20:32:33+00:00\" \/>\n<meta property=\"article:modified_time\" content=\"2020-02-11T12:49:01+00:00\" \/>\n<meta property=\"og:image\" content=\"https:\/\/retoelajorge.es\/wp-content\/uploads\/2020\/02\/38_2.jpg\" \/>\n\t<meta property=\"og:image:width\" content=\"1599\" \/>\n\t<meta property=\"og:image:height\" content=\"1200\" \/>\n\t<meta property=\"og:image:type\" content=\"image\/jpeg\" \/>\n<meta name=\"author\" content=\"retoelajorge\" \/>\n<meta name=\"twitter:card\" content=\"summary_large_image\" \/>\n<meta name=\"twitter:label1\" content=\"Escrito por\" \/>\n\t<meta name=\"twitter:data1\" content=\"retoelajorge\" \/>\n\t<meta name=\"twitter:label2\" content=\"Tiempo de lectura\" \/>\n\t<meta name=\"twitter:data2\" content=\"2 minutos\" \/>\n<script type=\"application\/ld+json\" class=\"yoast-schema-graph\">{\"@context\":\"https:\/\/schema.org\",\"@graph\":[{\"@type\":\"Article\",\"@id\":\"https:\/\/retoelajorge.es\/index.php\/2015\/09\/05\/dia-diez-la-calzada-de-bejar-salamanca\/#article\",\"isPartOf\":{\"@id\":\"https:\/\/retoelajorge.es\/index.php\/2015\/09\/05\/dia-diez-la-calzada-de-bejar-salamanca\/\"},\"author\":{\"name\":\"retoelajorge\",\"@id\":\"https:\/\/retoelajorge.es\/#\/schema\/person\/0e209413f2de4fe381eda14e12288b7d\"},\"headline\":\"D\u00eda diez: La Calzada de B\u00e9jar &#8211; Salamanca\",\"datePublished\":\"2015-09-05T20:32:33+00:00\",\"dateModified\":\"2020-02-11T12:49:01+00:00\",\"mainEntityOfPage\":{\"@id\":\"https:\/\/retoelajorge.es\/index.php\/2015\/09\/05\/dia-diez-la-calzada-de-bejar-salamanca\/\"},\"wordCount\":468,\"commentCount\":0,\"publisher\":{\"@id\":\"https:\/\/retoelajorge.es\/#organization\"},\"image\":{\"@id\":\"https:\/\/retoelajorge.es\/index.php\/2015\/09\/05\/dia-diez-la-calzada-de-bejar-salamanca\/#primaryimage\"},\"thumbnailUrl\":\"https:\/\/retoelajorge.es\/wp-content\/uploads\/2020\/02\/38_2.jpg\",\"keywords\":[\"Camino de Santiago\",\"ELA\"],\"articleSection\":[\"Retos\"],\"inLanguage\":\"es\",\"potentialAction\":[{\"@type\":\"CommentAction\",\"name\":\"Comment\",\"target\":[\"https:\/\/retoelajorge.es\/index.php\/2015\/09\/05\/dia-diez-la-calzada-de-bejar-salamanca\/#respond\"]}]},{\"@type\":\"WebPage\",\"@id\":\"https:\/\/retoelajorge.es\/index.php\/2015\/09\/05\/dia-diez-la-calzada-de-bejar-salamanca\/\",\"url\":\"https:\/\/retoelajorge.es\/index.php\/2015\/09\/05\/dia-diez-la-calzada-de-bejar-salamanca\/\",\"name\":\"D\u00eda diez: La Calzada de B\u00e9jar - Salamanca - Mis retos por la ELA\",\"isPartOf\":{\"@id\":\"https:\/\/retoelajorge.es\/#website\"},\"primaryImageOfPage\":{\"@id\":\"https:\/\/retoelajorge.es\/index.php\/2015\/09\/05\/dia-diez-la-calzada-de-bejar-salamanca\/#primaryimage\"},\"image\":{\"@id\":\"https:\/\/retoelajorge.es\/index.php\/2015\/09\/05\/dia-diez-la-calzada-de-bejar-salamanca\/#primaryimage\"},\"thumbnailUrl\":\"https:\/\/retoelajorge.es\/wp-content\/uploads\/2020\/02\/38_2.jpg\",\"datePublished\":\"2015-09-05T20:32:33+00:00\",\"dateModified\":\"2020-02-11T12:49:01+00:00\",\"breadcrumb\":{\"@id\":\"https:\/\/retoelajorge.es\/index.php\/2015\/09\/05\/dia-diez-la-calzada-de-bejar-salamanca\/#breadcrumb\"},\"inLanguage\":\"es\",\"potentialAction\":[{\"@type\":\"ReadAction\",\"target\":[\"https:\/\/retoelajorge.es\/index.php\/2015\/09\/05\/dia-diez-la-calzada-de-bejar-salamanca\/\"]}]},{\"@type\":\"ImageObject\",\"inLanguage\":\"es\",\"@id\":\"https:\/\/retoelajorge.es\/index.php\/2015\/09\/05\/dia-diez-la-calzada-de-bejar-salamanca\/#primaryimage\",\"url\":\"https:\/\/retoelajorge.es\/wp-content\/uploads\/2020\/02\/38_2.jpg\",\"contentUrl\":\"https:\/\/retoelajorge.es\/wp-content\/uploads\/2020\/02\/38_2.jpg\",\"width\":1599,\"height\":1200},{\"@type\":\"BreadcrumbList\",\"@id\":\"https:\/\/retoelajorge.es\/index.php\/2015\/09\/05\/dia-diez-la-calzada-de-bejar-salamanca\/#breadcrumb\",\"itemListElement\":[{\"@type\":\"ListItem\",\"position\":1,\"name\":\"Portada\",\"item\":\"https:\/\/retoelajorge.es\/\"},{\"@type\":\"ListItem\",\"position\":2,\"name\":\"D\u00eda diez: La Calzada de B\u00e9jar &#8211; Salamanca\"}]},{\"@type\":\"WebSite\",\"@id\":\"https:\/\/retoelajorge.es\/#website\",\"url\":\"https:\/\/retoelajorge.es\/\",\"name\":\"Mis retos por la ELA\",\"description\":\"Blog de un afectado de ELA\",\"publisher\":{\"@id\":\"https:\/\/retoelajorge.es\/#organization\"},\"potentialAction\":[{\"@type\":\"SearchAction\",\"target\":{\"@type\":\"EntryPoint\",\"urlTemplate\":\"https:\/\/retoelajorge.es\/?s={search_term_string}\"},\"query-input\":{\"@type\":\"PropertyValueSpecification\",\"valueRequired\":true,\"valueName\":\"search_term_string\"}}],\"inLanguage\":\"es\"},{\"@type\":\"Organization\",\"@id\":\"https:\/\/retoelajorge.es\/#organization\",\"name\":\"Mis retos por la ELA\",\"url\":\"https:\/\/retoelajorge.es\/\",\"logo\":{\"@type\":\"ImageObject\",\"inLanguage\":\"es\",\"@id\":\"https:\/\/retoelajorge.es\/#\/schema\/logo\/image\/\",\"url\":\"https:\/\/retoelajorge.es\/wp-content\/uploads\/2020\/02\/Jorge-scaled-e1583395872979.jpg\",\"contentUrl\":\"https:\/\/retoelajorge.es\/wp-content\/uploads\/2020\/02\/Jorge-scaled-e1583395872979.jpg\",\"width\":1900,\"height\":1045,\"caption\":\"Mis retos por la ELA\"},\"image\":{\"@id\":\"https:\/\/retoelajorge.es\/#\/schema\/logo\/image\/\"}},{\"@type\":\"Person\",\"@id\":\"https:\/\/retoelajorge.es\/#\/schema\/person\/0e209413f2de4fe381eda14e12288b7d\",\"name\":\"retoelajorge\",\"image\":{\"@type\":\"ImageObject\",\"inLanguage\":\"es\",\"@id\":\"https:\/\/retoelajorge.es\/#\/schema\/person\/image\/\",\"url\":\"https:\/\/secure.gravatar.com\/avatar\/bdd30a868985f69f97d362fc89c201f7860ec568aa2b42cb67e1ab7857b91971?s=96&d=mm&r=g\",\"contentUrl\":\"https:\/\/secure.gravatar.com\/avatar\/bdd30a868985f69f97d362fc89c201f7860ec568aa2b42cb67e1ab7857b91971?s=96&d=mm&r=g\",\"caption\":\"retoelajorge\"},\"url\":\"https:\/\/retoelajorge.es\/index.php\/author\/admin\/\"}]}<\/script>\n<!-- \/ Yoast SEO plugin. -->","yoast_head_json":{"title":"D\u00eda diez: La Calzada de B\u00e9jar - Salamanca - Mis retos por la ELA","robots":{"index":"index","follow":"follow","max-snippet":"max-snippet:-1","max-image-preview":"max-image-preview:large","max-video-preview":"max-video-preview:-1"},"canonical":"https:\/\/retoelajorge.es\/index.php\/2015\/09\/05\/dia-diez-la-calzada-de-bejar-salamanca\/","og_locale":"es_ES","og_type":"article","og_title":"D\u00eda diez: La Calzada de B\u00e9jar - Salamanca - Mis retos por la ELA","og_description":"Como alguien se ten\u00eda que despistar, esta vez fue Miguel, como casi siempre, que tom\u00f3 otra direcci\u00f3n hacia Guijuelo. Al menos David pudo cogerlo y juntos llegar al desayuno.En esta etapa salimos de la...","og_url":"https:\/\/retoelajorge.es\/index.php\/2015\/09\/05\/dia-diez-la-calzada-de-bejar-salamanca\/","og_site_name":"Mis retos por la ELA","article_published_time":"2015-09-05T20:32:33+00:00","article_modified_time":"2020-02-11T12:49:01+00:00","og_image":[{"width":1599,"height":1200,"url":"https:\/\/retoelajorge.es\/wp-content\/uploads\/2020\/02\/38_2.jpg","type":"image\/jpeg"}],"author":"retoelajorge","twitter_card":"summary_large_image","twitter_misc":{"Escrito por":"retoelajorge","Tiempo de lectura":"2 minutos"},"schema":{"@context":"https:\/\/schema.org","@graph":[{"@type":"Article","@id":"https:\/\/retoelajorge.es\/index.php\/2015\/09\/05\/dia-diez-la-calzada-de-bejar-salamanca\/#article","isPartOf":{"@id":"https:\/\/retoelajorge.es\/index.php\/2015\/09\/05\/dia-diez-la-calzada-de-bejar-salamanca\/"},"author":{"name":"retoelajorge","@id":"https:\/\/retoelajorge.es\/#\/schema\/person\/0e209413f2de4fe381eda14e12288b7d"},"headline":"D\u00eda diez: La Calzada de B\u00e9jar &#8211; Salamanca","datePublished":"2015-09-05T20:32:33+00:00","dateModified":"2020-02-11T12:49:01+00:00","mainEntityOfPage":{"@id":"https:\/\/retoelajorge.es\/index.php\/2015\/09\/05\/dia-diez-la-calzada-de-bejar-salamanca\/"},"wordCount":468,"commentCount":0,"publisher":{"@id":"https:\/\/retoelajorge.es\/#organization"},"image":{"@id":"https:\/\/retoelajorge.es\/index.php\/2015\/09\/05\/dia-diez-la-calzada-de-bejar-salamanca\/#primaryimage"},"thumbnailUrl":"https:\/\/retoelajorge.es\/wp-content\/uploads\/2020\/02\/38_2.jpg","keywords":["Camino de Santiago","ELA"],"articleSection":["Retos"],"inLanguage":"es","potentialAction":[{"@type":"CommentAction","name":"Comment","target":["https:\/\/retoelajorge.es\/index.php\/2015\/09\/05\/dia-diez-la-calzada-de-bejar-salamanca\/#respond"]}]},{"@type":"WebPage","@id":"https:\/\/retoelajorge.es\/index.php\/2015\/09\/05\/dia-diez-la-calzada-de-bejar-salamanca\/","url":"https:\/\/retoelajorge.es\/index.php\/2015\/09\/05\/dia-diez-la-calzada-de-bejar-salamanca\/","name":"D\u00eda diez: La Calzada de B\u00e9jar - Salamanca - Mis retos por la ELA","isPartOf":{"@id":"https:\/\/retoelajorge.es\/#website"},"primaryImageOfPage":{"@id":"https:\/\/retoelajorge.es\/index.php\/2015\/09\/05\/dia-diez-la-calzada-de-bejar-salamanca\/#primaryimage"},"image":{"@id":"https:\/\/retoelajorge.es\/index.php\/2015\/09\/05\/dia-diez-la-calzada-de-bejar-salamanca\/#primaryimage"},"thumbnailUrl":"https:\/\/retoelajorge.es\/wp-content\/uploads\/2020\/02\/38_2.jpg","datePublished":"2015-09-05T20:32:33+00:00","dateModified":"2020-02-11T12:49:01+00:00","breadcrumb":{"@id":"https:\/\/retoelajorge.es\/index.php\/2015\/09\/05\/dia-diez-la-calzada-de-bejar-salamanca\/#breadcrumb"},"inLanguage":"es","potentialAction":[{"@type":"ReadAction","target":["https:\/\/retoelajorge.es\/index.php\/2015\/09\/05\/dia-diez-la-calzada-de-bejar-salamanca\/"]}]},{"@type":"ImageObject","inLanguage":"es","@id":"https:\/\/retoelajorge.es\/index.php\/2015\/09\/05\/dia-diez-la-calzada-de-bejar-salamanca\/#primaryimage","url":"https:\/\/retoelajorge.es\/wp-content\/uploads\/2020\/02\/38_2.jpg","contentUrl":"https:\/\/retoelajorge.es\/wp-content\/uploads\/2020\/02\/38_2.jpg","width":1599,"height":1200},{"@type":"BreadcrumbList","@id":"https:\/\/retoelajorge.es\/index.php\/2015\/09\/05\/dia-diez-la-calzada-de-bejar-salamanca\/#breadcrumb","itemListElement":[{"@type":"ListItem","position":1,"name":"Portada","item":"https:\/\/retoelajorge.es\/"},{"@type":"ListItem","position":2,"name":"D\u00eda diez: La Calzada de B\u00e9jar &#8211; Salamanca"}]},{"@type":"WebSite","@id":"https:\/\/retoelajorge.es\/#website","url":"https:\/\/retoelajorge.es\/","name":"Mis retos por la ELA","description":"Blog de un afectado de ELA","publisher":{"@id":"https:\/\/retoelajorge.es\/#organization"},"potentialAction":[{"@type":"SearchAction","target":{"@type":"EntryPoint","urlTemplate":"https:\/\/retoelajorge.es\/?s={search_term_string}"},"query-input":{"@type":"PropertyValueSpecification","valueRequired":true,"valueName":"search_term_string"}}],"inLanguage":"es"},{"@type":"Organization","@id":"https:\/\/retoelajorge.es\/#organization","name":"Mis retos por la ELA","url":"https:\/\/retoelajorge.es\/","logo":{"@type":"ImageObject","inLanguage":"es","@id":"https:\/\/retoelajorge.es\/#\/schema\/logo\/image\/","url":"https:\/\/retoelajorge.es\/wp-content\/uploads\/2020\/02\/Jorge-scaled-e1583395872979.jpg","contentUrl":"https:\/\/retoelajorge.es\/wp-content\/uploads\/2020\/02\/Jorge-scaled-e1583395872979.jpg","width":1900,"height":1045,"caption":"Mis retos por la ELA"},"image":{"@id":"https:\/\/retoelajorge.es\/#\/schema\/logo\/image\/"}},{"@type":"Person","@id":"https:\/\/retoelajorge.es\/#\/schema\/person\/0e209413f2de4fe381eda14e12288b7d","name":"retoelajorge","image":{"@type":"ImageObject","inLanguage":"es","@id":"https:\/\/retoelajorge.es\/#\/schema\/person\/image\/","url":"https:\/\/secure.gravatar.com\/avatar\/bdd30a868985f69f97d362fc89c201f7860ec568aa2b42cb67e1ab7857b91971?s=96&d=mm&r=g","contentUrl":"https:\/\/secure.gravatar.com\/avatar\/bdd30a868985f69f97d362fc89c201f7860ec568aa2b42cb67e1ab7857b91971?s=96&d=mm&r=g","caption":"retoelajorge"},"url":"https:\/\/retoelajorge.es\/index.php\/author\/admin\/"}]}},"_links":{"self":[{"href":"https:\/\/retoelajorge.es\/index.php\/wp-json\/wp\/v2\/posts\/686","targetHints":{"allow":["GET"]}}],"collection":[{"href":"https:\/\/retoelajorge.es\/index.php\/wp-json\/wp\/v2\/posts"}],"about":[{"href":"https:\/\/retoelajorge.es\/index.php\/wp-json\/wp\/v2\/types\/post"}],"author":[{"embeddable":true,"href":"https:\/\/retoelajorge.es\/index.php\/wp-json\/wp\/v2\/users\/1"}],"replies":[{"embeddable":true,"href":"https:\/\/retoelajorge.es\/index.php\/wp-json\/wp\/v2\/comments?post=686"}],"version-history":[{"count":1,"href":"https:\/\/retoelajorge.es\/index.php\/wp-json\/wp\/v2\/posts\/686\/revisions"}],"predecessor-version":[{"id":692,"href":"https:\/\/retoelajorge.es\/index.php\/wp-json\/wp\/v2\/posts\/686\/revisions\/692"}],"wp:featuredmedia":[{"embeddable":true,"href":"https:\/\/retoelajorge.es\/index.php\/wp-json\/wp\/v2\/media\/687"}],"wp:attachment":[{"href":"https:\/\/retoelajorge.es\/index.php\/wp-json\/wp\/v2\/media?parent=686"}],"wp:term":[{"taxonomy":"category","embeddable":true,"href":"https:\/\/retoelajorge.es\/index.php\/wp-json\/wp\/v2\/categories?post=686"},{"taxonomy":"post_tag","embeddable":true,"href":"https:\/\/retoelajorge.es\/index.php\/wp-json\/wp\/v2\/tags?post=686"}],"curies":[{"name":"wp","href":"https:\/\/api.w.org\/{rel}","templated":true}]}}