{"id":699,"date":"2015-09-06T20:07:24","date_gmt":"2015-09-06T20:07:24","guid":{"rendered":"http:\/\/retoelajorge.es\/?p=699"},"modified":"2020-02-12T08:20:22","modified_gmt":"2020-02-12T08:20:22","slug":"dia-once-salamanca-zamora","status":"publish","type":"post","link":"https:\/\/retoelajorge.es\/index.php\/2015\/09\/06\/dia-once-salamanca-zamora\/","title":{"rendered":"D\u00eda once: Salamanca &#8211; Zamora"},"content":{"rendered":"\n<p>Tal vez una de las etapas m\u00e1s asequibles, pues aunque tiene subibajas se hace muy llevadera. A veces parece m\u00e1s f\u00e1cil y lo hacemos dif\u00edcil corriendo como locos -esto lo dice el redactor porque siempre es \u00e9l que se queda atr\u00e1s-. Llevamos unos d\u00edas que el aire no nos deja marchar c\u00f3modos, estas llanuras nos dejan al descubierto y estamos a su merced.<\/p>\n\n\n\n<figure class=\"wp-block-gallery columns-2 is-cropped wp-block-gallery-1 is-layout-flex wp-block-gallery-is-layout-flex\"><ul class=\"blocks-gallery-grid\"><li class=\"blocks-gallery-item\"><figure><img loading=\"lazy\" decoding=\"async\" width=\"576\" height=\"1024\" src=\"https:\/\/retoelajorge.es\/wp-content\/uploads\/2020\/02\/39_2-576x1024.jpg\" alt=\"\" data-id=\"701\" data-full-url=\"https:\/\/retoelajorge.es\/wp-content\/uploads\/2020\/02\/39_2.jpg\" data-link=\"https:\/\/retoelajorge.es\/?attachment_id=701\" class=\"wp-image-701\" srcset=\"https:\/\/retoelajorge.es\/wp-content\/uploads\/2020\/02\/39_2-576x1024.jpg 576w, https:\/\/retoelajorge.es\/wp-content\/uploads\/2020\/02\/39_2-169x300.jpg 169w, https:\/\/retoelajorge.es\/wp-content\/uploads\/2020\/02\/39_2-768x1365.jpg 768w, https:\/\/retoelajorge.es\/wp-content\/uploads\/2020\/02\/39_2-864x1536.jpg 864w, https:\/\/retoelajorge.es\/wp-content\/uploads\/2020\/02\/39_2.jpg 900w\" sizes=\"auto, (max-width: 576px) 100vw, 576px\" \/><\/figure><\/li><li class=\"blocks-gallery-item\"><figure><img loading=\"lazy\" decoding=\"async\" width=\"1024\" height=\"768\" src=\"https:\/\/retoelajorge.es\/wp-content\/uploads\/2020\/02\/39_3-1024x768.jpg\" alt=\"\" data-id=\"702\" data-full-url=\"https:\/\/retoelajorge.es\/wp-content\/uploads\/2020\/02\/39_3.jpg\" data-link=\"https:\/\/retoelajorge.es\/?attachment_id=702\" class=\"wp-image-702\" srcset=\"https:\/\/retoelajorge.es\/wp-content\/uploads\/2020\/02\/39_3-1024x768.jpg 1024w, https:\/\/retoelajorge.es\/wp-content\/uploads\/2020\/02\/39_3-300x225.jpg 300w, https:\/\/retoelajorge.es\/wp-content\/uploads\/2020\/02\/39_3-768x576.jpg 768w, https:\/\/retoelajorge.es\/wp-content\/uploads\/2020\/02\/39_3-1536x1152.jpg 1536w, https:\/\/retoelajorge.es\/wp-content\/uploads\/2020\/02\/39_3.jpg 1600w\" sizes=\"auto, (max-width: 1024px) 100vw, 1024px\" \/><\/figure><\/li><\/ul><\/figure>\n\n\n\n<p>A Zamora llegamos con contactos realizados con su ayuntamiento que nos espera y recibe. Tambi\u00e9n nos apoya log\u00edsticamente con su albergue municipal donde nos alojan. El gabinete municipal hab\u00eda informado y comunicado a los medios locales nuestra llegada y, desde el d\u00eda anterior, la edici\u00f3n digital de la Opini\u00f3n de Zamora informaba sobre nuestro reto. Entramos por una zona peatonal hasta la plaza Sagasta donde Chelo y Rosa hab\u00edan instalado el puesto informativo sobre la ELA y el Reto de Jorge. All\u00ed nos recibieron Laura Rivera, teniente de alcalde del Ayuntamiento de Zamora junto con David y Concha del Gabinete de la Alcald\u00eda. Se interesaron por nuestras necesidades y nos dieron informaci\u00f3n \u00fatil para disfrutar de su ciudad, que celebraba la fiesta de la Concha por lo que estaba muy concurrida. Varios medios de comunicaci\u00f3n entrevistaron a Jorge all\u00ed mismo. Laura se despidi\u00f3, no sin antes disfrutar de una cerveza y del arroz zamorano junto a nosotros y Concha y David.<\/p>\n\n\n\n<figure class=\"wp-block-gallery columns-3 is-cropped wp-block-gallery-2 is-layout-flex wp-block-gallery-is-layout-flex\"><ul class=\"blocks-gallery-grid\"><li class=\"blocks-gallery-item\"><figure><img loading=\"lazy\" decoding=\"async\" width=\"1024\" height=\"768\" src=\"https:\/\/retoelajorge.es\/wp-content\/uploads\/2020\/02\/39_4-1024x768.jpg\" alt=\"\" data-id=\"703\" data-full-url=\"https:\/\/retoelajorge.es\/wp-content\/uploads\/2020\/02\/39_4.jpg\" data-link=\"https:\/\/retoelajorge.es\/?attachment_id=703\" class=\"wp-image-703\" srcset=\"https:\/\/retoelajorge.es\/wp-content\/uploads\/2020\/02\/39_4-1024x768.jpg 1024w, https:\/\/retoelajorge.es\/wp-content\/uploads\/2020\/02\/39_4-300x225.jpg 300w, https:\/\/retoelajorge.es\/wp-content\/uploads\/2020\/02\/39_4-768x576.jpg 768w, https:\/\/retoelajorge.es\/wp-content\/uploads\/2020\/02\/39_4-1536x1152.jpg 1536w, https:\/\/retoelajorge.es\/wp-content\/uploads\/2020\/02\/39_4.jpg 1600w\" sizes=\"auto, (max-width: 1024px) 100vw, 1024px\" \/><\/figure><\/li><li class=\"blocks-gallery-item\"><figure><img loading=\"lazy\" decoding=\"async\" width=\"768\" height=\"1024\" src=\"https:\/\/retoelajorge.es\/wp-content\/uploads\/2020\/02\/39_5-768x1024.jpg\" alt=\"\" data-id=\"704\" data-full-url=\"https:\/\/retoelajorge.es\/wp-content\/uploads\/2020\/02\/39_5.jpg\" data-link=\"https:\/\/retoelajorge.es\/?attachment_id=704\" class=\"wp-image-704\" srcset=\"https:\/\/retoelajorge.es\/wp-content\/uploads\/2020\/02\/39_5-768x1024.jpg 768w, https:\/\/retoelajorge.es\/wp-content\/uploads\/2020\/02\/39_5-225x300.jpg 225w, https:\/\/retoelajorge.es\/wp-content\/uploads\/2020\/02\/39_5-1152x1536.jpg 1152w, https:\/\/retoelajorge.es\/wp-content\/uploads\/2020\/02\/39_5.jpg 1200w\" sizes=\"auto, (max-width: 768px) 100vw, 768px\" \/><\/figure><\/li><li class=\"blocks-gallery-item\"><figure><img loading=\"lazy\" decoding=\"async\" width=\"1024\" height=\"768\" src=\"https:\/\/retoelajorge.es\/wp-content\/uploads\/2020\/02\/39_6-1024x768.jpg\" alt=\"\" data-id=\"705\" data-full-url=\"https:\/\/retoelajorge.es\/wp-content\/uploads\/2020\/02\/39_6.jpg\" data-link=\"https:\/\/retoelajorge.es\/?attachment_id=705\" class=\"wp-image-705\" srcset=\"https:\/\/retoelajorge.es\/wp-content\/uploads\/2020\/02\/39_6-1024x768.jpg 1024w, https:\/\/retoelajorge.es\/wp-content\/uploads\/2020\/02\/39_6-300x225.jpg 300w, https:\/\/retoelajorge.es\/wp-content\/uploads\/2020\/02\/39_6-768x576.jpg 768w, https:\/\/retoelajorge.es\/wp-content\/uploads\/2020\/02\/39_6-1536x1152.jpg 1536w, https:\/\/retoelajorge.es\/wp-content\/uploads\/2020\/02\/39_6.jpg 1600w\" sizes=\"auto, (max-width: 1024px) 100vw, 1024px\" \/><\/figure><\/li><\/ul><\/figure>\n\n\n\n<p>En el albergue municipal coincidimos con muchos peregrinos. Se llen\u00f3 el albergue. All\u00ed mismo comimos de las chacinas que a\u00fan ten\u00edamos de Edu y de Ba\u00f1os de Montemayor. Conocimos a Juanlu de Cai, un peregrino con bici que nos hab\u00edamos cruzado ya varias veces por el camino. Nos pregunt\u00f3 por el reto y nos habl\u00f3 de la F\u00e9 en Dios que para \u00e9l representaba mucho. Es un gran tipo, tanto por su corpulencia como por lo buena persona que es. Le cuesta hacer el camino pero avanza metro a metro. Nos cant\u00f3 una canci\u00f3n que nos emocion\u00f3 a todos y que hab\u00eda dedicado a Paloma, una monja enferma de c\u00e1ncer. En facebook lo pod\u00e9is encontrar como Juanlu Cai.<\/p>\n\n\n\n<div class=\"wp-block-image\"><figure class=\"aligncenter size-large\"><img loading=\"lazy\" decoding=\"async\" width=\"612\" height=\"816\" src=\"https:\/\/retoelajorge.es\/wp-content\/uploads\/2020\/02\/39_7.jpg\" alt=\"\" class=\"wp-image-706\" srcset=\"https:\/\/retoelajorge.es\/wp-content\/uploads\/2020\/02\/39_7.jpg 612w, https:\/\/retoelajorge.es\/wp-content\/uploads\/2020\/02\/39_7-225x300.jpg 225w\" sizes=\"auto, (max-width: 612px) 100vw, 612px\" \/><figcaption>Albergue municipal de Zamora<\/figcaption><\/figure><\/div>\n\n\n\n<p>Por la tarde nos paseamos por al ciudad, visitamos las murallas, su castillo, incluso el museo de Ciudad Medieval y los hermosos rincones zamoranos. Cuando volvimos al albergue, Juanlu hab\u00eda preparado una grand\u00edsima cazuela de lentejas que estaban buen\u00edsimas y nos enton\u00f3 la noche. Gracias Juanlu Montes, buen camino. Gracias tambi\u00e9n a las hospitaleras del albergue por su apoyo y donativo al reto.<\/p>\n","protected":false},"excerpt":{"rendered":"<p>Tal vez una de las etapas m\u00e1s asequibles, pues aunque tiene subibajas se hace muy llevadera. A veces parece m\u00e1s f\u00e1cil y lo hacemos dif\u00edcil corriendo como locos -esto lo dice el redactor porque&#8230;<\/p>\n","protected":false},"author":1,"featured_media":700,"comment_status":"open","ping_status":"open","sticky":false,"template":"","format":"standard","meta":{"footnotes":""},"categories":[39],"tags":[45,43],"class_list":["post-699","post","type-post","status-publish","format-standard","has-post-thumbnail","hentry","category-retos","tag-camino-de-santiago","tag-ela"],"yoast_head":"<!-- This site is optimized with the Yoast SEO plugin v26.7 - https:\/\/yoast.com\/wordpress\/plugins\/seo\/ -->\n<title>D\u00eda once: Salamanca - Zamora - Mis retos por la ELA<\/title>\n<meta name=\"robots\" content=\"index, follow, max-snippet:-1, max-image-preview:large, max-video-preview:-1\" \/>\n<link rel=\"canonical\" href=\"https:\/\/retoelajorge.es\/index.php\/2015\/09\/06\/dia-once-salamanca-zamora\/\" \/>\n<meta property=\"og:locale\" content=\"es_ES\" \/>\n<meta property=\"og:type\" content=\"article\" \/>\n<meta property=\"og:title\" content=\"D\u00eda once: Salamanca - Zamora - Mis retos por la ELA\" \/>\n<meta property=\"og:description\" content=\"Tal vez una de las etapas m\u00e1s asequibles, pues aunque tiene subibajas se hace muy llevadera. A veces parece m\u00e1s f\u00e1cil y lo hacemos dif\u00edcil corriendo como locos -esto lo dice el redactor porque...\" \/>\n<meta property=\"og:url\" content=\"https:\/\/retoelajorge.es\/index.php\/2015\/09\/06\/dia-once-salamanca-zamora\/\" \/>\n<meta property=\"og:site_name\" content=\"Mis retos por la ELA\" \/>\n<meta property=\"article:published_time\" content=\"2015-09-06T20:07:24+00:00\" \/>\n<meta property=\"article:modified_time\" content=\"2020-02-12T08:20:22+00:00\" \/>\n<meta property=\"og:image\" content=\"https:\/\/retoelajorge.es\/wp-content\/uploads\/2020\/02\/39_1.jpg\" \/>\n\t<meta property=\"og:image:width\" content=\"1600\" \/>\n\t<meta property=\"og:image:height\" content=\"1200\" \/>\n\t<meta property=\"og:image:type\" content=\"image\/jpeg\" \/>\n<meta name=\"author\" content=\"retoelajorge\" \/>\n<meta name=\"twitter:card\" content=\"summary_large_image\" \/>\n<meta name=\"twitter:label1\" content=\"Escrito por\" \/>\n\t<meta name=\"twitter:data1\" content=\"retoelajorge\" \/>\n\t<meta name=\"twitter:label2\" content=\"Tiempo de lectura\" \/>\n\t<meta name=\"twitter:data2\" content=\"2 minutos\" \/>\n<script type=\"application\/ld+json\" class=\"yoast-schema-graph\">{\"@context\":\"https:\/\/schema.org\",\"@graph\":[{\"@type\":\"Article\",\"@id\":\"https:\/\/retoelajorge.es\/index.php\/2015\/09\/06\/dia-once-salamanca-zamora\/#article\",\"isPartOf\":{\"@id\":\"https:\/\/retoelajorge.es\/index.php\/2015\/09\/06\/dia-once-salamanca-zamora\/\"},\"author\":{\"name\":\"retoelajorge\",\"@id\":\"https:\/\/retoelajorge.es\/#\/schema\/person\/0e209413f2de4fe381eda14e12288b7d\"},\"headline\":\"D\u00eda once: Salamanca &#8211; Zamora\",\"datePublished\":\"2015-09-06T20:07:24+00:00\",\"dateModified\":\"2020-02-12T08:20:22+00:00\",\"mainEntityOfPage\":{\"@id\":\"https:\/\/retoelajorge.es\/index.php\/2015\/09\/06\/dia-once-salamanca-zamora\/\"},\"wordCount\":444,\"commentCount\":0,\"publisher\":{\"@id\":\"https:\/\/retoelajorge.es\/#organization\"},\"image\":{\"@id\":\"https:\/\/retoelajorge.es\/index.php\/2015\/09\/06\/dia-once-salamanca-zamora\/#primaryimage\"},\"thumbnailUrl\":\"https:\/\/retoelajorge.es\/wp-content\/uploads\/2020\/02\/39_1.jpg\",\"keywords\":[\"Camino de Santiago\",\"ELA\"],\"articleSection\":[\"Retos\"],\"inLanguage\":\"es\",\"potentialAction\":[{\"@type\":\"CommentAction\",\"name\":\"Comment\",\"target\":[\"https:\/\/retoelajorge.es\/index.php\/2015\/09\/06\/dia-once-salamanca-zamora\/#respond\"]}]},{\"@type\":\"WebPage\",\"@id\":\"https:\/\/retoelajorge.es\/index.php\/2015\/09\/06\/dia-once-salamanca-zamora\/\",\"url\":\"https:\/\/retoelajorge.es\/index.php\/2015\/09\/06\/dia-once-salamanca-zamora\/\",\"name\":\"D\u00eda once: Salamanca - Zamora - Mis retos por la ELA\",\"isPartOf\":{\"@id\":\"https:\/\/retoelajorge.es\/#website\"},\"primaryImageOfPage\":{\"@id\":\"https:\/\/retoelajorge.es\/index.php\/2015\/09\/06\/dia-once-salamanca-zamora\/#primaryimage\"},\"image\":{\"@id\":\"https:\/\/retoelajorge.es\/index.php\/2015\/09\/06\/dia-once-salamanca-zamora\/#primaryimage\"},\"thumbnailUrl\":\"https:\/\/retoelajorge.es\/wp-content\/uploads\/2020\/02\/39_1.jpg\",\"datePublished\":\"2015-09-06T20:07:24+00:00\",\"dateModified\":\"2020-02-12T08:20:22+00:00\",\"breadcrumb\":{\"@id\":\"https:\/\/retoelajorge.es\/index.php\/2015\/09\/06\/dia-once-salamanca-zamora\/#breadcrumb\"},\"inLanguage\":\"es\",\"potentialAction\":[{\"@type\":\"ReadAction\",\"target\":[\"https:\/\/retoelajorge.es\/index.php\/2015\/09\/06\/dia-once-salamanca-zamora\/\"]}]},{\"@type\":\"ImageObject\",\"inLanguage\":\"es\",\"@id\":\"https:\/\/retoelajorge.es\/index.php\/2015\/09\/06\/dia-once-salamanca-zamora\/#primaryimage\",\"url\":\"https:\/\/retoelajorge.es\/wp-content\/uploads\/2020\/02\/39_1.jpg\",\"contentUrl\":\"https:\/\/retoelajorge.es\/wp-content\/uploads\/2020\/02\/39_1.jpg\",\"width\":1600,\"height\":1200},{\"@type\":\"BreadcrumbList\",\"@id\":\"https:\/\/retoelajorge.es\/index.php\/2015\/09\/06\/dia-once-salamanca-zamora\/#breadcrumb\",\"itemListElement\":[{\"@type\":\"ListItem\",\"position\":1,\"name\":\"Portada\",\"item\":\"https:\/\/retoelajorge.es\/\"},{\"@type\":\"ListItem\",\"position\":2,\"name\":\"D\u00eda once: Salamanca &#8211; Zamora\"}]},{\"@type\":\"WebSite\",\"@id\":\"https:\/\/retoelajorge.es\/#website\",\"url\":\"https:\/\/retoelajorge.es\/\",\"name\":\"Mis retos por la ELA\",\"description\":\"Blog de un afectado de ELA\",\"publisher\":{\"@id\":\"https:\/\/retoelajorge.es\/#organization\"},\"potentialAction\":[{\"@type\":\"SearchAction\",\"target\":{\"@type\":\"EntryPoint\",\"urlTemplate\":\"https:\/\/retoelajorge.es\/?s={search_term_string}\"},\"query-input\":{\"@type\":\"PropertyValueSpecification\",\"valueRequired\":true,\"valueName\":\"search_term_string\"}}],\"inLanguage\":\"es\"},{\"@type\":\"Organization\",\"@id\":\"https:\/\/retoelajorge.es\/#organization\",\"name\":\"Mis retos por la ELA\",\"url\":\"https:\/\/retoelajorge.es\/\",\"logo\":{\"@type\":\"ImageObject\",\"inLanguage\":\"es\",\"@id\":\"https:\/\/retoelajorge.es\/#\/schema\/logo\/image\/\",\"url\":\"https:\/\/retoelajorge.es\/wp-content\/uploads\/2020\/02\/Jorge-scaled-e1583395872979.jpg\",\"contentUrl\":\"https:\/\/retoelajorge.es\/wp-content\/uploads\/2020\/02\/Jorge-scaled-e1583395872979.jpg\",\"width\":1900,\"height\":1045,\"caption\":\"Mis retos por la ELA\"},\"image\":{\"@id\":\"https:\/\/retoelajorge.es\/#\/schema\/logo\/image\/\"}},{\"@type\":\"Person\",\"@id\":\"https:\/\/retoelajorge.es\/#\/schema\/person\/0e209413f2de4fe381eda14e12288b7d\",\"name\":\"retoelajorge\",\"image\":{\"@type\":\"ImageObject\",\"inLanguage\":\"es\",\"@id\":\"https:\/\/retoelajorge.es\/#\/schema\/person\/image\/\",\"url\":\"https:\/\/secure.gravatar.com\/avatar\/bdd30a868985f69f97d362fc89c201f7860ec568aa2b42cb67e1ab7857b91971?s=96&d=mm&r=g\",\"contentUrl\":\"https:\/\/secure.gravatar.com\/avatar\/bdd30a868985f69f97d362fc89c201f7860ec568aa2b42cb67e1ab7857b91971?s=96&d=mm&r=g\",\"caption\":\"retoelajorge\"},\"url\":\"https:\/\/retoelajorge.es\/index.php\/author\/admin\/\"}]}<\/script>\n<!-- \/ Yoast SEO plugin. -->","yoast_head_json":{"title":"D\u00eda once: Salamanca - Zamora - Mis retos por la ELA","robots":{"index":"index","follow":"follow","max-snippet":"max-snippet:-1","max-image-preview":"max-image-preview:large","max-video-preview":"max-video-preview:-1"},"canonical":"https:\/\/retoelajorge.es\/index.php\/2015\/09\/06\/dia-once-salamanca-zamora\/","og_locale":"es_ES","og_type":"article","og_title":"D\u00eda once: Salamanca - Zamora - Mis retos por la ELA","og_description":"Tal vez una de las etapas m\u00e1s asequibles, pues aunque tiene subibajas se hace muy llevadera. A veces parece m\u00e1s f\u00e1cil y lo hacemos dif\u00edcil corriendo como locos -esto lo dice el redactor porque...","og_url":"https:\/\/retoelajorge.es\/index.php\/2015\/09\/06\/dia-once-salamanca-zamora\/","og_site_name":"Mis retos por la ELA","article_published_time":"2015-09-06T20:07:24+00:00","article_modified_time":"2020-02-12T08:20:22+00:00","og_image":[{"width":1600,"height":1200,"url":"https:\/\/retoelajorge.es\/wp-content\/uploads\/2020\/02\/39_1.jpg","type":"image\/jpeg"}],"author":"retoelajorge","twitter_card":"summary_large_image","twitter_misc":{"Escrito por":"retoelajorge","Tiempo de lectura":"2 minutos"},"schema":{"@context":"https:\/\/schema.org","@graph":[{"@type":"Article","@id":"https:\/\/retoelajorge.es\/index.php\/2015\/09\/06\/dia-once-salamanca-zamora\/#article","isPartOf":{"@id":"https:\/\/retoelajorge.es\/index.php\/2015\/09\/06\/dia-once-salamanca-zamora\/"},"author":{"name":"retoelajorge","@id":"https:\/\/retoelajorge.es\/#\/schema\/person\/0e209413f2de4fe381eda14e12288b7d"},"headline":"D\u00eda once: Salamanca &#8211; Zamora","datePublished":"2015-09-06T20:07:24+00:00","dateModified":"2020-02-12T08:20:22+00:00","mainEntityOfPage":{"@id":"https:\/\/retoelajorge.es\/index.php\/2015\/09\/06\/dia-once-salamanca-zamora\/"},"wordCount":444,"commentCount":0,"publisher":{"@id":"https:\/\/retoelajorge.es\/#organization"},"image":{"@id":"https:\/\/retoelajorge.es\/index.php\/2015\/09\/06\/dia-once-salamanca-zamora\/#primaryimage"},"thumbnailUrl":"https:\/\/retoelajorge.es\/wp-content\/uploads\/2020\/02\/39_1.jpg","keywords":["Camino de Santiago","ELA"],"articleSection":["Retos"],"inLanguage":"es","potentialAction":[{"@type":"CommentAction","name":"Comment","target":["https:\/\/retoelajorge.es\/index.php\/2015\/09\/06\/dia-once-salamanca-zamora\/#respond"]}]},{"@type":"WebPage","@id":"https:\/\/retoelajorge.es\/index.php\/2015\/09\/06\/dia-once-salamanca-zamora\/","url":"https:\/\/retoelajorge.es\/index.php\/2015\/09\/06\/dia-once-salamanca-zamora\/","name":"D\u00eda once: Salamanca - Zamora - Mis retos por la ELA","isPartOf":{"@id":"https:\/\/retoelajorge.es\/#website"},"primaryImageOfPage":{"@id":"https:\/\/retoelajorge.es\/index.php\/2015\/09\/06\/dia-once-salamanca-zamora\/#primaryimage"},"image":{"@id":"https:\/\/retoelajorge.es\/index.php\/2015\/09\/06\/dia-once-salamanca-zamora\/#primaryimage"},"thumbnailUrl":"https:\/\/retoelajorge.es\/wp-content\/uploads\/2020\/02\/39_1.jpg","datePublished":"2015-09-06T20:07:24+00:00","dateModified":"2020-02-12T08:20:22+00:00","breadcrumb":{"@id":"https:\/\/retoelajorge.es\/index.php\/2015\/09\/06\/dia-once-salamanca-zamora\/#breadcrumb"},"inLanguage":"es","potentialAction":[{"@type":"ReadAction","target":["https:\/\/retoelajorge.es\/index.php\/2015\/09\/06\/dia-once-salamanca-zamora\/"]}]},{"@type":"ImageObject","inLanguage":"es","@id":"https:\/\/retoelajorge.es\/index.php\/2015\/09\/06\/dia-once-salamanca-zamora\/#primaryimage","url":"https:\/\/retoelajorge.es\/wp-content\/uploads\/2020\/02\/39_1.jpg","contentUrl":"https:\/\/retoelajorge.es\/wp-content\/uploads\/2020\/02\/39_1.jpg","width":1600,"height":1200},{"@type":"BreadcrumbList","@id":"https:\/\/retoelajorge.es\/index.php\/2015\/09\/06\/dia-once-salamanca-zamora\/#breadcrumb","itemListElement":[{"@type":"ListItem","position":1,"name":"Portada","item":"https:\/\/retoelajorge.es\/"},{"@type":"ListItem","position":2,"name":"D\u00eda once: Salamanca &#8211; Zamora"}]},{"@type":"WebSite","@id":"https:\/\/retoelajorge.es\/#website","url":"https:\/\/retoelajorge.es\/","name":"Mis retos por la ELA","description":"Blog de un afectado de ELA","publisher":{"@id":"https:\/\/retoelajorge.es\/#organization"},"potentialAction":[{"@type":"SearchAction","target":{"@type":"EntryPoint","urlTemplate":"https:\/\/retoelajorge.es\/?s={search_term_string}"},"query-input":{"@type":"PropertyValueSpecification","valueRequired":true,"valueName":"search_term_string"}}],"inLanguage":"es"},{"@type":"Organization","@id":"https:\/\/retoelajorge.es\/#organization","name":"Mis retos por la ELA","url":"https:\/\/retoelajorge.es\/","logo":{"@type":"ImageObject","inLanguage":"es","@id":"https:\/\/retoelajorge.es\/#\/schema\/logo\/image\/","url":"https:\/\/retoelajorge.es\/wp-content\/uploads\/2020\/02\/Jorge-scaled-e1583395872979.jpg","contentUrl":"https:\/\/retoelajorge.es\/wp-content\/uploads\/2020\/02\/Jorge-scaled-e1583395872979.jpg","width":1900,"height":1045,"caption":"Mis retos por la ELA"},"image":{"@id":"https:\/\/retoelajorge.es\/#\/schema\/logo\/image\/"}},{"@type":"Person","@id":"https:\/\/retoelajorge.es\/#\/schema\/person\/0e209413f2de4fe381eda14e12288b7d","name":"retoelajorge","image":{"@type":"ImageObject","inLanguage":"es","@id":"https:\/\/retoelajorge.es\/#\/schema\/person\/image\/","url":"https:\/\/secure.gravatar.com\/avatar\/bdd30a868985f69f97d362fc89c201f7860ec568aa2b42cb67e1ab7857b91971?s=96&d=mm&r=g","contentUrl":"https:\/\/secure.gravatar.com\/avatar\/bdd30a868985f69f97d362fc89c201f7860ec568aa2b42cb67e1ab7857b91971?s=96&d=mm&r=g","caption":"retoelajorge"},"url":"https:\/\/retoelajorge.es\/index.php\/author\/admin\/"}]}},"_links":{"self":[{"href":"https:\/\/retoelajorge.es\/index.php\/wp-json\/wp\/v2\/posts\/699","targetHints":{"allow":["GET"]}}],"collection":[{"href":"https:\/\/retoelajorge.es\/index.php\/wp-json\/wp\/v2\/posts"}],"about":[{"href":"https:\/\/retoelajorge.es\/index.php\/wp-json\/wp\/v2\/types\/post"}],"author":[{"embeddable":true,"href":"https:\/\/retoelajorge.es\/index.php\/wp-json\/wp\/v2\/users\/1"}],"replies":[{"embeddable":true,"href":"https:\/\/retoelajorge.es\/index.php\/wp-json\/wp\/v2\/comments?post=699"}],"version-history":[{"count":2,"href":"https:\/\/retoelajorge.es\/index.php\/wp-json\/wp\/v2\/posts\/699\/revisions"}],"predecessor-version":[{"id":708,"href":"https:\/\/retoelajorge.es\/index.php\/wp-json\/wp\/v2\/posts\/699\/revisions\/708"}],"wp:featuredmedia":[{"embeddable":true,"href":"https:\/\/retoelajorge.es\/index.php\/wp-json\/wp\/v2\/media\/700"}],"wp:attachment":[{"href":"https:\/\/retoelajorge.es\/index.php\/wp-json\/wp\/v2\/media?parent=699"}],"wp:term":[{"taxonomy":"category","embeddable":true,"href":"https:\/\/retoelajorge.es\/index.php\/wp-json\/wp\/v2\/categories?post=699"},{"taxonomy":"post_tag","embeddable":true,"href":"https:\/\/retoelajorge.es\/index.php\/wp-json\/wp\/v2\/tags?post=699"}],"curies":[{"name":"wp","href":"https:\/\/api.w.org\/{rel}","templated":true}]}}