{"id":709,"date":"2015-09-07T20:20:00","date_gmt":"2015-09-07T20:20:00","guid":{"rendered":"http:\/\/retoelajorge.es\/?p=709"},"modified":"2020-02-12T08:29:50","modified_gmt":"2020-02-12T08:29:50","slug":"dia-doce-zamora-santa-croya-de-tera","status":"publish","type":"post","link":"https:\/\/retoelajorge.es\/index.php\/2015\/09\/07\/dia-doce-zamora-santa-croya-de-tera\/","title":{"rendered":"D\u00eda doce: Zamora &#8211; Santa Croya de Tera"},"content":{"rendered":"\n<p>Salimos pronto del Albergue, desayunamos en la calle Sagasta, y buscamos la salida para la 630. Fue de esos d\u00edas de rodar y pasar por muchas carreteras locales, sobretodo cuando nos acercamos a las tierras del Tera, algunas en muy mal estado. Los pueblos peque\u00f1os son como las enfermedades raras, casi nadie les presta atenci\u00f3n, son poca gente, y la rentabilildad de las inversiones, como los fondos de investigaci\u00f3n, se priorizan en funci\u00f3n de cuantas personas se benefician. Si son pocos\/as pues bueno, si se puede\u2026 Pero amigos se trata de unas personas con ganas de vivir, con familia, mujer, hijos\/as, hermanos\/as, amigos\/as \u2026. \u00bf Es verdad que podemos permanecer imparables ante estas situaciones ? Que l\u00e1stima que no pod\u00e1is ver el amor con que Jorge Abarca habla cada d\u00eda con su mujer (Maribel) y su hija (Laura). Yo no puedo permanecer impasible, hay que apoyar este movimiento que Jorge origina con su reto. Vamos amigos\/as seguro que cada granito nuestro nos acerca a una soluci\u00f3n para los enfermos de ELA, y a una esperanza para Jorge y tantas personas como \u00e9l.<\/p>\n\n\n\n<p>En las bicis se vol\u00f3 los ultimos kms, pues desde Zamora llamaban a Jorge la Cadena Ser y Onda Cero. Gracias a los medios de comunicaci\u00f3n zamoranos por la cobertura de esta cruzada contra la ELA. Nos sorprendi\u00f3 la belleza y los espacios verdes de Santa Croya de Tera, el r\u00edo Tera, que tanta vida le d\u00e1 a estas tierras.<\/p>\n\n\n\n<div class=\"wp-block-image\"><figure class=\"aligncenter size-large\"><img loading=\"lazy\" decoding=\"async\" width=\"768\" height=\"1024\" src=\"https:\/\/retoelajorge.es\/wp-content\/uploads\/2020\/02\/40_2-768x1024.jpg\" alt=\"\" class=\"wp-image-711\" srcset=\"https:\/\/retoelajorge.es\/wp-content\/uploads\/2020\/02\/40_2-768x1024.jpg 768w, https:\/\/retoelajorge.es\/wp-content\/uploads\/2020\/02\/40_2-225x300.jpg 225w, https:\/\/retoelajorge.es\/wp-content\/uploads\/2020\/02\/40_2-1152x1536.jpg 1152w, https:\/\/retoelajorge.es\/wp-content\/uploads\/2020\/02\/40_2.jpg 1200w\" sizes=\"auto, (max-width: 768px) 100vw, 768px\" \/><figcaption>Alrededores del albergue<\/figcaption><\/figure><\/div>\n\n\n\n<p>El albergue Casa Anita nos trat\u00f3 con exquizitez. Tanto Anita como Conchi, las hijas de Anita, estuvieron en todo momento pendientes de nuestras necesidades. Nos prepararon una buena comida, y pusieron 2-3 lavadoras.<\/p>\n\n\n\n<div class=\"wp-block-image\"><figure class=\"aligncenter size-large\"><img loading=\"lazy\" decoding=\"async\" width=\"960\" height=\"720\" src=\"https:\/\/retoelajorge.es\/wp-content\/uploads\/2020\/02\/40_5.jpg\" alt=\"\" class=\"wp-image-712\" srcset=\"https:\/\/retoelajorge.es\/wp-content\/uploads\/2020\/02\/40_5.jpg 960w, https:\/\/retoelajorge.es\/wp-content\/uploads\/2020\/02\/40_5-300x225.jpg 300w, https:\/\/retoelajorge.es\/wp-content\/uploads\/2020\/02\/40_5-768x576.jpg 768w\" sizes=\"auto, (max-width: 960px) 100vw, 960px\" \/><figcaption>La colada<\/figcaption><\/figure><\/div>\n\n\n\n<p>Magn\u00edfico sitio para relajarse en su jard\u00edn. Instalaciones nuevas y suficientes, buenos aseos. Ten\u00edamos curiosidad por saber por qu\u00e9 todos los emails y llamadas realizadas en julio y agosto no hab\u00edan tenido respuesta. Anita madre nos cont\u00f3 que el alcalde trabaja con un cami\u00f3n y est\u00e1 siempre de un sitio para otro, y la secretaria, al parecer trabaja 2-3 d\u00edas semanales, tambi\u00e9n en un pueblo cercano. Cualquiera lo dir\u00eda que estos tiempos sea tan dif\u00edcil contactar. Pero as\u00ed fue..<\/p>\n\n\n\n<figure class=\"wp-block-gallery aligncenter columns-2 is-cropped wp-block-gallery-1 is-layout-flex wp-block-gallery-is-layout-flex\"><ul class=\"blocks-gallery-grid\"><li class=\"blocks-gallery-item\"><figure><img loading=\"lazy\" decoding=\"async\" width=\"768\" height=\"1024\" src=\"https:\/\/retoelajorge.es\/wp-content\/uploads\/2020\/02\/40_3-768x1024.jpg\" alt=\"\" data-id=\"713\" data-full-url=\"https:\/\/retoelajorge.es\/wp-content\/uploads\/2020\/02\/40_3.jpg\" data-link=\"https:\/\/retoelajorge.es\/?attachment_id=713\" class=\"wp-image-713\" srcset=\"https:\/\/retoelajorge.es\/wp-content\/uploads\/2020\/02\/40_3-768x1024.jpg 768w, https:\/\/retoelajorge.es\/wp-content\/uploads\/2020\/02\/40_3-225x300.jpg 225w, https:\/\/retoelajorge.es\/wp-content\/uploads\/2020\/02\/40_3-1152x1536.jpg 1152w, https:\/\/retoelajorge.es\/wp-content\/uploads\/2020\/02\/40_3.jpg 1200w\" sizes=\"auto, (max-width: 768px) 100vw, 768px\" \/><\/figure><\/li><li class=\"blocks-gallery-item\"><figure><img loading=\"lazy\" decoding=\"async\" width=\"1024\" height=\"768\" src=\"https:\/\/retoelajorge.es\/wp-content\/uploads\/2020\/02\/40_4-1024x768.jpg\" alt=\"\" data-id=\"714\" data-full-url=\"https:\/\/retoelajorge.es\/wp-content\/uploads\/2020\/02\/40_4.jpg\" data-link=\"https:\/\/retoelajorge.es\/?attachment_id=714\" class=\"wp-image-714\" srcset=\"https:\/\/retoelajorge.es\/wp-content\/uploads\/2020\/02\/40_4-1024x768.jpg 1024w, https:\/\/retoelajorge.es\/wp-content\/uploads\/2020\/02\/40_4-300x225.jpg 300w, https:\/\/retoelajorge.es\/wp-content\/uploads\/2020\/02\/40_4-768x576.jpg 768w, https:\/\/retoelajorge.es\/wp-content\/uploads\/2020\/02\/40_4-1536x1152.jpg 1536w, https:\/\/retoelajorge.es\/wp-content\/uploads\/2020\/02\/40_4.jpg 1600w\" sizes=\"auto, (max-width: 1024px) 100vw, 1024px\" \/><\/figure><\/li><\/ul><\/figure>\n\n\n\n<p>El grupo ya mira lo que queda para llegar a Santiago, y todos comentamos lo que nos espera, los d\u00edas m\u00e1s hermosos, al tiempo que los m\u00e1s duros.<\/p>\n","protected":false},"excerpt":{"rendered":"<p>Salimos pronto del Albergue, desayunamos en la calle Sagasta, y buscamos la salida para la 630. Fue de esos d\u00edas de rodar y pasar por muchas carreteras locales, sobretodo cuando nos acercamos a las&#8230;<\/p>\n","protected":false},"author":1,"featured_media":710,"comment_status":"open","ping_status":"open","sticky":false,"template":"","format":"standard","meta":{"footnotes":""},"categories":[39],"tags":[45,43],"class_list":["post-709","post","type-post","status-publish","format-standard","has-post-thumbnail","hentry","category-retos","tag-camino-de-santiago","tag-ela"],"yoast_head":"<!-- This site is optimized with the Yoast SEO plugin v26.7 - https:\/\/yoast.com\/wordpress\/plugins\/seo\/ -->\n<title>D\u00eda doce: Zamora - Santa Croya de Tera - Mis retos por la ELA<\/title>\n<meta name=\"robots\" content=\"index, follow, max-snippet:-1, max-image-preview:large, max-video-preview:-1\" \/>\n<link rel=\"canonical\" href=\"https:\/\/retoelajorge.es\/index.php\/2015\/09\/07\/dia-doce-zamora-santa-croya-de-tera\/\" \/>\n<meta property=\"og:locale\" content=\"es_ES\" \/>\n<meta property=\"og:type\" content=\"article\" \/>\n<meta property=\"og:title\" content=\"D\u00eda doce: Zamora - Santa Croya de Tera - Mis retos por la ELA\" \/>\n<meta property=\"og:description\" content=\"Salimos pronto del Albergue, desayunamos en la calle Sagasta, y buscamos la salida para la 630. Fue de esos d\u00edas de rodar y pasar por muchas carreteras locales, sobretodo cuando nos acercamos a las...\" \/>\n<meta property=\"og:url\" content=\"https:\/\/retoelajorge.es\/index.php\/2015\/09\/07\/dia-doce-zamora-santa-croya-de-tera\/\" \/>\n<meta property=\"og:site_name\" content=\"Mis retos por la ELA\" \/>\n<meta property=\"article:published_time\" content=\"2015-09-07T20:20:00+00:00\" \/>\n<meta property=\"article:modified_time\" content=\"2020-02-12T08:29:50+00:00\" \/>\n<meta property=\"og:image\" content=\"https:\/\/retoelajorge.es\/wp-content\/uploads\/2020\/02\/40_1.jpg\" \/>\n\t<meta property=\"og:image:width\" content=\"1600\" \/>\n\t<meta property=\"og:image:height\" content=\"1200\" \/>\n\t<meta property=\"og:image:type\" content=\"image\/jpeg\" \/>\n<meta name=\"author\" content=\"retoelajorge\" \/>\n<meta name=\"twitter:card\" content=\"summary_large_image\" \/>\n<meta name=\"twitter:label1\" content=\"Escrito por\" \/>\n\t<meta name=\"twitter:data1\" content=\"retoelajorge\" \/>\n\t<meta name=\"twitter:label2\" content=\"Tiempo de lectura\" \/>\n\t<meta name=\"twitter:data2\" content=\"2 minutos\" \/>\n<script type=\"application\/ld+json\" class=\"yoast-schema-graph\">{\"@context\":\"https:\/\/schema.org\",\"@graph\":[{\"@type\":\"Article\",\"@id\":\"https:\/\/retoelajorge.es\/index.php\/2015\/09\/07\/dia-doce-zamora-santa-croya-de-tera\/#article\",\"isPartOf\":{\"@id\":\"https:\/\/retoelajorge.es\/index.php\/2015\/09\/07\/dia-doce-zamora-santa-croya-de-tera\/\"},\"author\":{\"name\":\"retoelajorge\",\"@id\":\"https:\/\/retoelajorge.es\/#\/schema\/person\/0e209413f2de4fe381eda14e12288b7d\"},\"headline\":\"D\u00eda doce: Zamora &#8211; Santa Croya de Tera\",\"datePublished\":\"2015-09-07T20:20:00+00:00\",\"dateModified\":\"2020-02-12T08:29:50+00:00\",\"mainEntityOfPage\":{\"@id\":\"https:\/\/retoelajorge.es\/index.php\/2015\/09\/07\/dia-doce-zamora-santa-croya-de-tera\/\"},\"wordCount\":420,\"commentCount\":0,\"publisher\":{\"@id\":\"https:\/\/retoelajorge.es\/#organization\"},\"image\":{\"@id\":\"https:\/\/retoelajorge.es\/index.php\/2015\/09\/07\/dia-doce-zamora-santa-croya-de-tera\/#primaryimage\"},\"thumbnailUrl\":\"https:\/\/retoelajorge.es\/wp-content\/uploads\/2020\/02\/40_1.jpg\",\"keywords\":[\"Camino de Santiago\",\"ELA\"],\"articleSection\":[\"Retos\"],\"inLanguage\":\"es\",\"potentialAction\":[{\"@type\":\"CommentAction\",\"name\":\"Comment\",\"target\":[\"https:\/\/retoelajorge.es\/index.php\/2015\/09\/07\/dia-doce-zamora-santa-croya-de-tera\/#respond\"]}]},{\"@type\":\"WebPage\",\"@id\":\"https:\/\/retoelajorge.es\/index.php\/2015\/09\/07\/dia-doce-zamora-santa-croya-de-tera\/\",\"url\":\"https:\/\/retoelajorge.es\/index.php\/2015\/09\/07\/dia-doce-zamora-santa-croya-de-tera\/\",\"name\":\"D\u00eda doce: Zamora - Santa Croya de Tera - Mis retos por la ELA\",\"isPartOf\":{\"@id\":\"https:\/\/retoelajorge.es\/#website\"},\"primaryImageOfPage\":{\"@id\":\"https:\/\/retoelajorge.es\/index.php\/2015\/09\/07\/dia-doce-zamora-santa-croya-de-tera\/#primaryimage\"},\"image\":{\"@id\":\"https:\/\/retoelajorge.es\/index.php\/2015\/09\/07\/dia-doce-zamora-santa-croya-de-tera\/#primaryimage\"},\"thumbnailUrl\":\"https:\/\/retoelajorge.es\/wp-content\/uploads\/2020\/02\/40_1.jpg\",\"datePublished\":\"2015-09-07T20:20:00+00:00\",\"dateModified\":\"2020-02-12T08:29:50+00:00\",\"breadcrumb\":{\"@id\":\"https:\/\/retoelajorge.es\/index.php\/2015\/09\/07\/dia-doce-zamora-santa-croya-de-tera\/#breadcrumb\"},\"inLanguage\":\"es\",\"potentialAction\":[{\"@type\":\"ReadAction\",\"target\":[\"https:\/\/retoelajorge.es\/index.php\/2015\/09\/07\/dia-doce-zamora-santa-croya-de-tera\/\"]}]},{\"@type\":\"ImageObject\",\"inLanguage\":\"es\",\"@id\":\"https:\/\/retoelajorge.es\/index.php\/2015\/09\/07\/dia-doce-zamora-santa-croya-de-tera\/#primaryimage\",\"url\":\"https:\/\/retoelajorge.es\/wp-content\/uploads\/2020\/02\/40_1.jpg\",\"contentUrl\":\"https:\/\/retoelajorge.es\/wp-content\/uploads\/2020\/02\/40_1.jpg\",\"width\":1600,\"height\":1200},{\"@type\":\"BreadcrumbList\",\"@id\":\"https:\/\/retoelajorge.es\/index.php\/2015\/09\/07\/dia-doce-zamora-santa-croya-de-tera\/#breadcrumb\",\"itemListElement\":[{\"@type\":\"ListItem\",\"position\":1,\"name\":\"Portada\",\"item\":\"https:\/\/retoelajorge.es\/\"},{\"@type\":\"ListItem\",\"position\":2,\"name\":\"D\u00eda doce: Zamora &#8211; Santa Croya de Tera\"}]},{\"@type\":\"WebSite\",\"@id\":\"https:\/\/retoelajorge.es\/#website\",\"url\":\"https:\/\/retoelajorge.es\/\",\"name\":\"Mis retos por la ELA\",\"description\":\"Blog de un afectado de ELA\",\"publisher\":{\"@id\":\"https:\/\/retoelajorge.es\/#organization\"},\"potentialAction\":[{\"@type\":\"SearchAction\",\"target\":{\"@type\":\"EntryPoint\",\"urlTemplate\":\"https:\/\/retoelajorge.es\/?s={search_term_string}\"},\"query-input\":{\"@type\":\"PropertyValueSpecification\",\"valueRequired\":true,\"valueName\":\"search_term_string\"}}],\"inLanguage\":\"es\"},{\"@type\":\"Organization\",\"@id\":\"https:\/\/retoelajorge.es\/#organization\",\"name\":\"Mis retos por la ELA\",\"url\":\"https:\/\/retoelajorge.es\/\",\"logo\":{\"@type\":\"ImageObject\",\"inLanguage\":\"es\",\"@id\":\"https:\/\/retoelajorge.es\/#\/schema\/logo\/image\/\",\"url\":\"https:\/\/retoelajorge.es\/wp-content\/uploads\/2020\/02\/Jorge-scaled-e1583395872979.jpg\",\"contentUrl\":\"https:\/\/retoelajorge.es\/wp-content\/uploads\/2020\/02\/Jorge-scaled-e1583395872979.jpg\",\"width\":1900,\"height\":1045,\"caption\":\"Mis retos por la ELA\"},\"image\":{\"@id\":\"https:\/\/retoelajorge.es\/#\/schema\/logo\/image\/\"}},{\"@type\":\"Person\",\"@id\":\"https:\/\/retoelajorge.es\/#\/schema\/person\/0e209413f2de4fe381eda14e12288b7d\",\"name\":\"retoelajorge\",\"image\":{\"@type\":\"ImageObject\",\"inLanguage\":\"es\",\"@id\":\"https:\/\/retoelajorge.es\/#\/schema\/person\/image\/\",\"url\":\"https:\/\/secure.gravatar.com\/avatar\/bdd30a868985f69f97d362fc89c201f7860ec568aa2b42cb67e1ab7857b91971?s=96&d=mm&r=g\",\"contentUrl\":\"https:\/\/secure.gravatar.com\/avatar\/bdd30a868985f69f97d362fc89c201f7860ec568aa2b42cb67e1ab7857b91971?s=96&d=mm&r=g\",\"caption\":\"retoelajorge\"},\"url\":\"https:\/\/retoelajorge.es\/index.php\/author\/admin\/\"}]}<\/script>\n<!-- \/ Yoast SEO plugin. -->","yoast_head_json":{"title":"D\u00eda doce: Zamora - Santa Croya de Tera - Mis retos por la ELA","robots":{"index":"index","follow":"follow","max-snippet":"max-snippet:-1","max-image-preview":"max-image-preview:large","max-video-preview":"max-video-preview:-1"},"canonical":"https:\/\/retoelajorge.es\/index.php\/2015\/09\/07\/dia-doce-zamora-santa-croya-de-tera\/","og_locale":"es_ES","og_type":"article","og_title":"D\u00eda doce: Zamora - Santa Croya de Tera - Mis retos por la ELA","og_description":"Salimos pronto del Albergue, desayunamos en la calle Sagasta, y buscamos la salida para la 630. Fue de esos d\u00edas de rodar y pasar por muchas carreteras locales, sobretodo cuando nos acercamos a las...","og_url":"https:\/\/retoelajorge.es\/index.php\/2015\/09\/07\/dia-doce-zamora-santa-croya-de-tera\/","og_site_name":"Mis retos por la ELA","article_published_time":"2015-09-07T20:20:00+00:00","article_modified_time":"2020-02-12T08:29:50+00:00","og_image":[{"width":1600,"height":1200,"url":"https:\/\/retoelajorge.es\/wp-content\/uploads\/2020\/02\/40_1.jpg","type":"image\/jpeg"}],"author":"retoelajorge","twitter_card":"summary_large_image","twitter_misc":{"Escrito por":"retoelajorge","Tiempo de lectura":"2 minutos"},"schema":{"@context":"https:\/\/schema.org","@graph":[{"@type":"Article","@id":"https:\/\/retoelajorge.es\/index.php\/2015\/09\/07\/dia-doce-zamora-santa-croya-de-tera\/#article","isPartOf":{"@id":"https:\/\/retoelajorge.es\/index.php\/2015\/09\/07\/dia-doce-zamora-santa-croya-de-tera\/"},"author":{"name":"retoelajorge","@id":"https:\/\/retoelajorge.es\/#\/schema\/person\/0e209413f2de4fe381eda14e12288b7d"},"headline":"D\u00eda doce: Zamora &#8211; Santa Croya de Tera","datePublished":"2015-09-07T20:20:00+00:00","dateModified":"2020-02-12T08:29:50+00:00","mainEntityOfPage":{"@id":"https:\/\/retoelajorge.es\/index.php\/2015\/09\/07\/dia-doce-zamora-santa-croya-de-tera\/"},"wordCount":420,"commentCount":0,"publisher":{"@id":"https:\/\/retoelajorge.es\/#organization"},"image":{"@id":"https:\/\/retoelajorge.es\/index.php\/2015\/09\/07\/dia-doce-zamora-santa-croya-de-tera\/#primaryimage"},"thumbnailUrl":"https:\/\/retoelajorge.es\/wp-content\/uploads\/2020\/02\/40_1.jpg","keywords":["Camino de Santiago","ELA"],"articleSection":["Retos"],"inLanguage":"es","potentialAction":[{"@type":"CommentAction","name":"Comment","target":["https:\/\/retoelajorge.es\/index.php\/2015\/09\/07\/dia-doce-zamora-santa-croya-de-tera\/#respond"]}]},{"@type":"WebPage","@id":"https:\/\/retoelajorge.es\/index.php\/2015\/09\/07\/dia-doce-zamora-santa-croya-de-tera\/","url":"https:\/\/retoelajorge.es\/index.php\/2015\/09\/07\/dia-doce-zamora-santa-croya-de-tera\/","name":"D\u00eda doce: Zamora - Santa Croya de Tera - Mis retos por la ELA","isPartOf":{"@id":"https:\/\/retoelajorge.es\/#website"},"primaryImageOfPage":{"@id":"https:\/\/retoelajorge.es\/index.php\/2015\/09\/07\/dia-doce-zamora-santa-croya-de-tera\/#primaryimage"},"image":{"@id":"https:\/\/retoelajorge.es\/index.php\/2015\/09\/07\/dia-doce-zamora-santa-croya-de-tera\/#primaryimage"},"thumbnailUrl":"https:\/\/retoelajorge.es\/wp-content\/uploads\/2020\/02\/40_1.jpg","datePublished":"2015-09-07T20:20:00+00:00","dateModified":"2020-02-12T08:29:50+00:00","breadcrumb":{"@id":"https:\/\/retoelajorge.es\/index.php\/2015\/09\/07\/dia-doce-zamora-santa-croya-de-tera\/#breadcrumb"},"inLanguage":"es","potentialAction":[{"@type":"ReadAction","target":["https:\/\/retoelajorge.es\/index.php\/2015\/09\/07\/dia-doce-zamora-santa-croya-de-tera\/"]}]},{"@type":"ImageObject","inLanguage":"es","@id":"https:\/\/retoelajorge.es\/index.php\/2015\/09\/07\/dia-doce-zamora-santa-croya-de-tera\/#primaryimage","url":"https:\/\/retoelajorge.es\/wp-content\/uploads\/2020\/02\/40_1.jpg","contentUrl":"https:\/\/retoelajorge.es\/wp-content\/uploads\/2020\/02\/40_1.jpg","width":1600,"height":1200},{"@type":"BreadcrumbList","@id":"https:\/\/retoelajorge.es\/index.php\/2015\/09\/07\/dia-doce-zamora-santa-croya-de-tera\/#breadcrumb","itemListElement":[{"@type":"ListItem","position":1,"name":"Portada","item":"https:\/\/retoelajorge.es\/"},{"@type":"ListItem","position":2,"name":"D\u00eda doce: Zamora &#8211; Santa Croya de Tera"}]},{"@type":"WebSite","@id":"https:\/\/retoelajorge.es\/#website","url":"https:\/\/retoelajorge.es\/","name":"Mis retos por la ELA","description":"Blog de un afectado de ELA","publisher":{"@id":"https:\/\/retoelajorge.es\/#organization"},"potentialAction":[{"@type":"SearchAction","target":{"@type":"EntryPoint","urlTemplate":"https:\/\/retoelajorge.es\/?s={search_term_string}"},"query-input":{"@type":"PropertyValueSpecification","valueRequired":true,"valueName":"search_term_string"}}],"inLanguage":"es"},{"@type":"Organization","@id":"https:\/\/retoelajorge.es\/#organization","name":"Mis retos por la ELA","url":"https:\/\/retoelajorge.es\/","logo":{"@type":"ImageObject","inLanguage":"es","@id":"https:\/\/retoelajorge.es\/#\/schema\/logo\/image\/","url":"https:\/\/retoelajorge.es\/wp-content\/uploads\/2020\/02\/Jorge-scaled-e1583395872979.jpg","contentUrl":"https:\/\/retoelajorge.es\/wp-content\/uploads\/2020\/02\/Jorge-scaled-e1583395872979.jpg","width":1900,"height":1045,"caption":"Mis retos por la ELA"},"image":{"@id":"https:\/\/retoelajorge.es\/#\/schema\/logo\/image\/"}},{"@type":"Person","@id":"https:\/\/retoelajorge.es\/#\/schema\/person\/0e209413f2de4fe381eda14e12288b7d","name":"retoelajorge","image":{"@type":"ImageObject","inLanguage":"es","@id":"https:\/\/retoelajorge.es\/#\/schema\/person\/image\/","url":"https:\/\/secure.gravatar.com\/avatar\/bdd30a868985f69f97d362fc89c201f7860ec568aa2b42cb67e1ab7857b91971?s=96&d=mm&r=g","contentUrl":"https:\/\/secure.gravatar.com\/avatar\/bdd30a868985f69f97d362fc89c201f7860ec568aa2b42cb67e1ab7857b91971?s=96&d=mm&r=g","caption":"retoelajorge"},"url":"https:\/\/retoelajorge.es\/index.php\/author\/admin\/"}]}},"_links":{"self":[{"href":"https:\/\/retoelajorge.es\/index.php\/wp-json\/wp\/v2\/posts\/709","targetHints":{"allow":["GET"]}}],"collection":[{"href":"https:\/\/retoelajorge.es\/index.php\/wp-json\/wp\/v2\/posts"}],"about":[{"href":"https:\/\/retoelajorge.es\/index.php\/wp-json\/wp\/v2\/types\/post"}],"author":[{"embeddable":true,"href":"https:\/\/retoelajorge.es\/index.php\/wp-json\/wp\/v2\/users\/1"}],"replies":[{"embeddable":true,"href":"https:\/\/retoelajorge.es\/index.php\/wp-json\/wp\/v2\/comments?post=709"}],"version-history":[{"count":1,"href":"https:\/\/retoelajorge.es\/index.php\/wp-json\/wp\/v2\/posts\/709\/revisions"}],"predecessor-version":[{"id":715,"href":"https:\/\/retoelajorge.es\/index.php\/wp-json\/wp\/v2\/posts\/709\/revisions\/715"}],"wp:featuredmedia":[{"embeddable":true,"href":"https:\/\/retoelajorge.es\/index.php\/wp-json\/wp\/v2\/media\/710"}],"wp:attachment":[{"href":"https:\/\/retoelajorge.es\/index.php\/wp-json\/wp\/v2\/media?parent=709"}],"wp:term":[{"taxonomy":"category","embeddable":true,"href":"https:\/\/retoelajorge.es\/index.php\/wp-json\/wp\/v2\/categories?post=709"},{"taxonomy":"post_tag","embeddable":true,"href":"https:\/\/retoelajorge.es\/index.php\/wp-json\/wp\/v2\/tags?post=709"}],"curies":[{"name":"wp","href":"https:\/\/api.w.org\/{rel}","templated":true}]}}