{"id":716,"date":"2015-09-08T20:29:55","date_gmt":"2015-09-08T20:29:55","guid":{"rendered":"http:\/\/retoelajorge.es\/?p=716"},"modified":"2020-02-12T08:40:58","modified_gmt":"2020-02-12T08:40:58","slug":"dia-trece-santa-croya-de-tera-la-puebla-de-sanabria","status":"publish","type":"post","link":"https:\/\/retoelajorge.es\/index.php\/2015\/09\/08\/dia-trece-santa-croya-de-tera-la-puebla-de-sanabria\/","title":{"rendered":"D\u00eda trece: Santa Croya de Tera &#8211; La Puebla de Sanabria"},"content":{"rendered":"\n<p>Despu\u00e9s de desayunar en el albergue Casa Anita, salimos hacia nuestro destino utilizando pistas de tierra y carreteras locales hasta enlazar la N-525. Paramos en R\u00edonegro del Puente, en el bar Palacios, tomamos caf\u00e9, con el fin de entrar en calor, puesto que hab\u00edamos amanecido con mucho fr\u00edo, acompa\u00f1ado de unos pinchos de tortilla.<br>Largu\u00edsimas rectas con ligeras subidas nos acercaron a la Puebla de Sanabria, tambi\u00e9n de fiestas mayores. Jos\u00e9 Carlos se prob\u00f3 y anduvo casi toda la jornada escapado, al final, todos entramos juntos. <\/p>\n\n\n\n<div class=\"wp-block-image\"><figure class=\"aligncenter size-large\"><img loading=\"lazy\" decoding=\"async\" width=\"1024\" height=\"768\" src=\"https:\/\/retoelajorge.es\/wp-content\/uploads\/2020\/02\/41_2-1024x768.jpg\" alt=\"\" class=\"wp-image-718\" srcset=\"https:\/\/retoelajorge.es\/wp-content\/uploads\/2020\/02\/41_2-1024x768.jpg 1024w, https:\/\/retoelajorge.es\/wp-content\/uploads\/2020\/02\/41_2-300x225.jpg 300w, https:\/\/retoelajorge.es\/wp-content\/uploads\/2020\/02\/41_2-768x576.jpg 768w, https:\/\/retoelajorge.es\/wp-content\/uploads\/2020\/02\/41_2-1536x1152.jpg 1536w, https:\/\/retoelajorge.es\/wp-content\/uploads\/2020\/02\/41_2.jpg 1600w\" sizes=\"auto, (max-width: 1024px) 100vw, 1024px\" \/><figcaption>Entrando en Puebla de Sanabria<\/figcaption><\/figure><\/div>\n\n\n\n<p>Hicimos la subida hasta la plaza Mayor (arriba de la Puebla) y encontramos todo preparado para la procesi\u00f3n de la patrona, la virgen de las Victoria. Un gent\u00edo inmenso, hab\u00eda hasta Cabezudos, todo el pueblo en la plaza. All\u00ed conocimos un grupo de 4 peregrinos cicloturistas que vienen de Roelas, en Alicante. Ellos continuar\u00edan unos kms m\u00e1s. <\/p>\n\n\n\n<figure class=\"wp-block-gallery aligncenter columns-3 is-cropped wp-block-gallery-1 is-layout-flex wp-block-gallery-is-layout-flex\"><ul class=\"blocks-gallery-grid\"><li class=\"blocks-gallery-item\"><figure><img loading=\"lazy\" decoding=\"async\" width=\"768\" height=\"1024\" src=\"https:\/\/retoelajorge.es\/wp-content\/uploads\/2020\/02\/41_3-768x1024.jpg\" alt=\"\" data-id=\"719\" data-full-url=\"https:\/\/retoelajorge.es\/wp-content\/uploads\/2020\/02\/41_3.jpg\" data-link=\"https:\/\/retoelajorge.es\/?attachment_id=719\" class=\"wp-image-719\" srcset=\"https:\/\/retoelajorge.es\/wp-content\/uploads\/2020\/02\/41_3-768x1023.jpg 768w, https:\/\/retoelajorge.es\/wp-content\/uploads\/2020\/02\/41_3-225x300.jpg 225w, https:\/\/retoelajorge.es\/wp-content\/uploads\/2020\/02\/41_3-1153x1536.jpg 1153w, https:\/\/retoelajorge.es\/wp-content\/uploads\/2020\/02\/41_3.jpg 1200w\" sizes=\"auto, (max-width: 768px) 100vw, 768px\" \/><\/figure><\/li><li class=\"blocks-gallery-item\"><figure><img loading=\"lazy\" decoding=\"async\" width=\"576\" height=\"1024\" src=\"https:\/\/retoelajorge.es\/wp-content\/uploads\/2020\/02\/41_4-576x1024.jpg\" alt=\"\" data-id=\"720\" data-full-url=\"https:\/\/retoelajorge.es\/wp-content\/uploads\/2020\/02\/41_4.jpg\" data-link=\"https:\/\/retoelajorge.es\/?attachment_id=720\" class=\"wp-image-720\" srcset=\"https:\/\/retoelajorge.es\/wp-content\/uploads\/2020\/02\/41_4-576x1024.jpg 576w, https:\/\/retoelajorge.es\/wp-content\/uploads\/2020\/02\/41_4-169x300.jpg 169w, https:\/\/retoelajorge.es\/wp-content\/uploads\/2020\/02\/41_4-768x1365.jpg 768w, https:\/\/retoelajorge.es\/wp-content\/uploads\/2020\/02\/41_4-864x1536.jpg 864w, https:\/\/retoelajorge.es\/wp-content\/uploads\/2020\/02\/41_4.jpg 900w\" sizes=\"auto, (max-width: 576px) 100vw, 576px\" \/><\/figure><\/li><li class=\"blocks-gallery-item\"><figure><img loading=\"lazy\" decoding=\"async\" width=\"1024\" height=\"768\" src=\"https:\/\/retoelajorge.es\/wp-content\/uploads\/2020\/02\/41_5-1024x768.jpg\" alt=\"\" data-id=\"721\" data-full-url=\"https:\/\/retoelajorge.es\/wp-content\/uploads\/2020\/02\/41_5.jpg\" data-link=\"https:\/\/retoelajorge.es\/?attachment_id=721\" class=\"wp-image-721\" srcset=\"https:\/\/retoelajorge.es\/wp-content\/uploads\/2020\/02\/41_5-1024x768.jpg 1024w, https:\/\/retoelajorge.es\/wp-content\/uploads\/2020\/02\/41_5-300x225.jpg 300w, https:\/\/retoelajorge.es\/wp-content\/uploads\/2020\/02\/41_5-768x576.jpg 768w, https:\/\/retoelajorge.es\/wp-content\/uploads\/2020\/02\/41_5-1536x1152.jpg 1536w, https:\/\/retoelajorge.es\/wp-content\/uploads\/2020\/02\/41_5.jpg 1600w\" sizes=\"auto, (max-width: 1024px) 100vw, 1024px\" \/><\/figure><\/li><li class=\"blocks-gallery-item\"><figure><img loading=\"lazy\" decoding=\"async\" width=\"1024\" height=\"768\" src=\"https:\/\/retoelajorge.es\/wp-content\/uploads\/2020\/02\/41_6-1024x768.jpg\" alt=\"\" data-id=\"722\" data-full-url=\"https:\/\/retoelajorge.es\/wp-content\/uploads\/2020\/02\/41_6.jpg\" data-link=\"https:\/\/retoelajorge.es\/?attachment_id=722\" class=\"wp-image-722\" srcset=\"https:\/\/retoelajorge.es\/wp-content\/uploads\/2020\/02\/41_6-1024x768.jpg 1024w, https:\/\/retoelajorge.es\/wp-content\/uploads\/2020\/02\/41_6-300x225.jpg 300w, https:\/\/retoelajorge.es\/wp-content\/uploads\/2020\/02\/41_6-768x576.jpg 768w, https:\/\/retoelajorge.es\/wp-content\/uploads\/2020\/02\/41_6-1536x1152.jpg 1536w, https:\/\/retoelajorge.es\/wp-content\/uploads\/2020\/02\/41_6.jpg 1600w\" sizes=\"auto, (max-width: 1024px) 100vw, 1024px\" \/><\/figure><\/li><\/ul><\/figure>\n\n\n\n<p>Ayer cambiamos el alojamiento por el Hostal Carlos V, que nos hab\u00eda aconsejado Anita en Santa Croya. All\u00ed mismo almorzamos, y despu\u00e9s el grupo fu\u00e9 al Lago de Sanabria donde algunos se ba\u00f1aron. <\/p>\n\n\n\n<div class=\"wp-block-image\"><figure class=\"aligncenter size-large\"><img loading=\"lazy\" decoding=\"async\" width=\"1024\" height=\"768\" src=\"https:\/\/retoelajorge.es\/wp-content\/uploads\/2020\/02\/41_7-1024x768.jpg\" alt=\"\" class=\"wp-image-723\" srcset=\"https:\/\/retoelajorge.es\/wp-content\/uploads\/2020\/02\/41_7-1024x768.jpg 1024w, https:\/\/retoelajorge.es\/wp-content\/uploads\/2020\/02\/41_7-300x225.jpg 300w, https:\/\/retoelajorge.es\/wp-content\/uploads\/2020\/02\/41_7-768x576.jpg 768w, https:\/\/retoelajorge.es\/wp-content\/uploads\/2020\/02\/41_7-1536x1152.jpg 1536w, https:\/\/retoelajorge.es\/wp-content\/uploads\/2020\/02\/41_7.jpg 1600w\" sizes=\"auto, (max-width: 1024px) 100vw, 1024px\" \/><figcaption>Lago de Sanabria<\/figcaption><\/figure><\/div>\n\n\n\n<p>Se acerca el gran d\u00eda, y se hacen c\u00e1balas de qu\u00e9 hay que preparar para Santiago, la familia que ya vienen a acompa\u00f1ar a Jorge en su llegada, y parece que la meta nos arrastra hacia ella, nadie habla de lo cansado que est\u00e1, sino de los pr\u00f3ximos d\u00edas. Hoy Jorge recibe a V\u00edctor Loira, un gran apoyo desde que se empez\u00f3 a organizar el reto y que ha hecho una gran labor consiguiendo medios y resolviendo situaciones para estas \u00faltimas etapas. El grupo empieza a crecer !! V\u00edctor Loira es un activista contra la ELA. Su mujer Tita la padece, por ello organiza y participa en todo lo que se hace sobre la ELA en Galicia , y es miembro de AGAELA. <\/p>\n\n\n\n<p>Reservamos mesa en el Restaurante La Posada de la Puebla de Sanabria, justo en la Plaza Mayor donde se celebran las fiestas. \u00a1Qu\u00e9 animaci\u00f3n! Era imposible estar ajenos y todos est\u00e1bamos sonrientes y contentos. Qu\u00e9 decir de la cena, magn\u00edfica, el escenario estupendo, aunque al final tendr\u00edamos que poner mocho de nuevo. La orquesta justo al lado, y un balc\u00f3n con flores desde el cual ve\u00edamos toda la plaza. Jorge grab\u00f3 un nuevo v\u00eddeo y justo empezaba su canci\u00f3n,  \u00abVivir la vida\u00bb de Marc Anthony. \u00a1Qu\u00e9 coincidencia! All\u00ed mismo fuimos testigos de una pedida de mano, el chico con rodilla en suelo y presentando una cajita con anillo a su novia. Le hicimos los coros de  \u00a1\u00a1 DI QUE S\u00cd !! y fue un momento especial para todos. \u00a1\u00a1 FELICIDADES !!<\/p>\n\n\n\n<figure class=\"wp-block-gallery aligncenter columns-3 is-cropped wp-block-gallery-2 is-layout-flex wp-block-gallery-is-layout-flex\"><ul class=\"blocks-gallery-grid\"><li class=\"blocks-gallery-item\"><figure><img loading=\"lazy\" decoding=\"async\" width=\"1024\" height=\"768\" src=\"https:\/\/retoelajorge.es\/wp-content\/uploads\/2020\/02\/41_8-1024x768.jpg\" alt=\"\" data-id=\"724\" data-full-url=\"https:\/\/retoelajorge.es\/wp-content\/uploads\/2020\/02\/41_8.jpg\" data-link=\"https:\/\/retoelajorge.es\/?attachment_id=724\" class=\"wp-image-724\" srcset=\"https:\/\/retoelajorge.es\/wp-content\/uploads\/2020\/02\/41_8-1024x768.jpg 1024w, https:\/\/retoelajorge.es\/wp-content\/uploads\/2020\/02\/41_8-300x225.jpg 300w, https:\/\/retoelajorge.es\/wp-content\/uploads\/2020\/02\/41_8-768x576.jpg 768w, https:\/\/retoelajorge.es\/wp-content\/uploads\/2020\/02\/41_8-1536x1152.jpg 1536w, https:\/\/retoelajorge.es\/wp-content\/uploads\/2020\/02\/41_8.jpg 1600w\" sizes=\"auto, (max-width: 1024px) 100vw, 1024px\" \/><\/figure><\/li><li class=\"blocks-gallery-item\"><figure><img loading=\"lazy\" decoding=\"async\" width=\"1024\" height=\"768\" src=\"https:\/\/retoelajorge.es\/wp-content\/uploads\/2020\/02\/41_9-1024x768.jpg\" alt=\"\" data-id=\"725\" data-full-url=\"https:\/\/retoelajorge.es\/wp-content\/uploads\/2020\/02\/41_9.jpg\" data-link=\"https:\/\/retoelajorge.es\/?attachment_id=725\" class=\"wp-image-725\" srcset=\"https:\/\/retoelajorge.es\/wp-content\/uploads\/2020\/02\/41_9-1024x768.jpg 1024w, https:\/\/retoelajorge.es\/wp-content\/uploads\/2020\/02\/41_9-300x225.jpg 300w, https:\/\/retoelajorge.es\/wp-content\/uploads\/2020\/02\/41_9-768x576.jpg 768w, https:\/\/retoelajorge.es\/wp-content\/uploads\/2020\/02\/41_9-1536x1152.jpg 1536w, https:\/\/retoelajorge.es\/wp-content\/uploads\/2020\/02\/41_9.jpg 1600w\" sizes=\"auto, (max-width: 1024px) 100vw, 1024px\" \/><\/figure><\/li><li class=\"blocks-gallery-item\"><figure><img loading=\"lazy\" decoding=\"async\" width=\"1024\" height=\"768\" src=\"https:\/\/retoelajorge.es\/wp-content\/uploads\/2020\/02\/41_10-1024x768.jpg\" alt=\"\" data-id=\"726\" data-full-url=\"https:\/\/retoelajorge.es\/wp-content\/uploads\/2020\/02\/41_10.jpg\" data-link=\"https:\/\/retoelajorge.es\/?attachment_id=726\" class=\"wp-image-726\" srcset=\"https:\/\/retoelajorge.es\/wp-content\/uploads\/2020\/02\/41_10-1024x768.jpg 1024w, https:\/\/retoelajorge.es\/wp-content\/uploads\/2020\/02\/41_10-300x225.jpg 300w, https:\/\/retoelajorge.es\/wp-content\/uploads\/2020\/02\/41_10-768x576.jpg 768w, https:\/\/retoelajorge.es\/wp-content\/uploads\/2020\/02\/41_10-1536x1152.jpg 1536w, https:\/\/retoelajorge.es\/wp-content\/uploads\/2020\/02\/41_10.jpg 1600w\" sizes=\"auto, (max-width: 1024px) 100vw, 1024px\" \/><\/figure><\/li><\/ul><\/figure>\n","protected":false},"excerpt":{"rendered":"<p>Despu\u00e9s de desayunar en el albergue Casa Anita, salimos hacia nuestro destino utilizando pistas de tierra y carreteras locales hasta enlazar la N-525. Paramos en R\u00edonegro del Puente, en el bar Palacios, tomamos caf\u00e9,&#8230;<\/p>\n","protected":false},"author":1,"featured_media":717,"comment_status":"open","ping_status":"open","sticky":false,"template":"","format":"standard","meta":{"footnotes":""},"categories":[39],"tags":[45,43],"class_list":["post-716","post","type-post","status-publish","format-standard","has-post-thumbnail","hentry","category-retos","tag-camino-de-santiago","tag-ela"],"yoast_head":"<!-- This site is optimized with the Yoast SEO plugin v26.7 - https:\/\/yoast.com\/wordpress\/plugins\/seo\/ -->\n<title>D\u00eda trece: Santa Croya de Tera - La Puebla de Sanabria - Mis retos por la ELA<\/title>\n<meta name=\"robots\" content=\"index, follow, max-snippet:-1, max-image-preview:large, max-video-preview:-1\" \/>\n<link rel=\"canonical\" href=\"https:\/\/retoelajorge.es\/index.php\/2015\/09\/08\/dia-trece-santa-croya-de-tera-la-puebla-de-sanabria\/\" \/>\n<meta property=\"og:locale\" content=\"es_ES\" \/>\n<meta property=\"og:type\" content=\"article\" \/>\n<meta property=\"og:title\" content=\"D\u00eda trece: Santa Croya de Tera - La Puebla de Sanabria - Mis retos por la ELA\" \/>\n<meta property=\"og:description\" content=\"Despu\u00e9s de desayunar en el albergue Casa Anita, salimos hacia nuestro destino utilizando pistas de tierra y carreteras locales hasta enlazar la N-525. Paramos en R\u00edonegro del Puente, en el bar Palacios, tomamos caf\u00e9,...\" \/>\n<meta property=\"og:url\" content=\"https:\/\/retoelajorge.es\/index.php\/2015\/09\/08\/dia-trece-santa-croya-de-tera-la-puebla-de-sanabria\/\" \/>\n<meta property=\"og:site_name\" content=\"Mis retos por la ELA\" \/>\n<meta property=\"article:published_time\" content=\"2015-09-08T20:29:55+00:00\" \/>\n<meta property=\"article:modified_time\" content=\"2020-02-12T08:40:58+00:00\" \/>\n<meta property=\"og:image\" content=\"https:\/\/retoelajorge.es\/wp-content\/uploads\/2020\/02\/41_1.jpg\" \/>\n\t<meta property=\"og:image:width\" content=\"1600\" \/>\n\t<meta property=\"og:image:height\" content=\"900\" \/>\n\t<meta property=\"og:image:type\" content=\"image\/jpeg\" \/>\n<meta name=\"author\" content=\"retoelajorge\" \/>\n<meta name=\"twitter:card\" content=\"summary_large_image\" \/>\n<meta name=\"twitter:label1\" content=\"Escrito por\" \/>\n\t<meta name=\"twitter:data1\" content=\"retoelajorge\" \/>\n\t<meta name=\"twitter:label2\" content=\"Tiempo de lectura\" \/>\n\t<meta name=\"twitter:data2\" content=\"2 minutos\" \/>\n<script type=\"application\/ld+json\" class=\"yoast-schema-graph\">{\"@context\":\"https:\/\/schema.org\",\"@graph\":[{\"@type\":\"Article\",\"@id\":\"https:\/\/retoelajorge.es\/index.php\/2015\/09\/08\/dia-trece-santa-croya-de-tera-la-puebla-de-sanabria\/#article\",\"isPartOf\":{\"@id\":\"https:\/\/retoelajorge.es\/index.php\/2015\/09\/08\/dia-trece-santa-croya-de-tera-la-puebla-de-sanabria\/\"},\"author\":{\"name\":\"retoelajorge\",\"@id\":\"https:\/\/retoelajorge.es\/#\/schema\/person\/0e209413f2de4fe381eda14e12288b7d\"},\"headline\":\"D\u00eda trece: Santa Croya de Tera &#8211; La Puebla de Sanabria\",\"datePublished\":\"2015-09-08T20:29:55+00:00\",\"dateModified\":\"2020-02-12T08:40:58+00:00\",\"mainEntityOfPage\":{\"@id\":\"https:\/\/retoelajorge.es\/index.php\/2015\/09\/08\/dia-trece-santa-croya-de-tera-la-puebla-de-sanabria\/\"},\"wordCount\":473,\"commentCount\":0,\"publisher\":{\"@id\":\"https:\/\/retoelajorge.es\/#organization\"},\"image\":{\"@id\":\"https:\/\/retoelajorge.es\/index.php\/2015\/09\/08\/dia-trece-santa-croya-de-tera-la-puebla-de-sanabria\/#primaryimage\"},\"thumbnailUrl\":\"https:\/\/retoelajorge.es\/wp-content\/uploads\/2020\/02\/41_1.jpg\",\"keywords\":[\"Camino de Santiago\",\"ELA\"],\"articleSection\":[\"Retos\"],\"inLanguage\":\"es\",\"potentialAction\":[{\"@type\":\"CommentAction\",\"name\":\"Comment\",\"target\":[\"https:\/\/retoelajorge.es\/index.php\/2015\/09\/08\/dia-trece-santa-croya-de-tera-la-puebla-de-sanabria\/#respond\"]}]},{\"@type\":\"WebPage\",\"@id\":\"https:\/\/retoelajorge.es\/index.php\/2015\/09\/08\/dia-trece-santa-croya-de-tera-la-puebla-de-sanabria\/\",\"url\":\"https:\/\/retoelajorge.es\/index.php\/2015\/09\/08\/dia-trece-santa-croya-de-tera-la-puebla-de-sanabria\/\",\"name\":\"D\u00eda trece: Santa Croya de Tera - La Puebla de Sanabria - Mis retos por la ELA\",\"isPartOf\":{\"@id\":\"https:\/\/retoelajorge.es\/#website\"},\"primaryImageOfPage\":{\"@id\":\"https:\/\/retoelajorge.es\/index.php\/2015\/09\/08\/dia-trece-santa-croya-de-tera-la-puebla-de-sanabria\/#primaryimage\"},\"image\":{\"@id\":\"https:\/\/retoelajorge.es\/index.php\/2015\/09\/08\/dia-trece-santa-croya-de-tera-la-puebla-de-sanabria\/#primaryimage\"},\"thumbnailUrl\":\"https:\/\/retoelajorge.es\/wp-content\/uploads\/2020\/02\/41_1.jpg\",\"datePublished\":\"2015-09-08T20:29:55+00:00\",\"dateModified\":\"2020-02-12T08:40:58+00:00\",\"breadcrumb\":{\"@id\":\"https:\/\/retoelajorge.es\/index.php\/2015\/09\/08\/dia-trece-santa-croya-de-tera-la-puebla-de-sanabria\/#breadcrumb\"},\"inLanguage\":\"es\",\"potentialAction\":[{\"@type\":\"ReadAction\",\"target\":[\"https:\/\/retoelajorge.es\/index.php\/2015\/09\/08\/dia-trece-santa-croya-de-tera-la-puebla-de-sanabria\/\"]}]},{\"@type\":\"ImageObject\",\"inLanguage\":\"es\",\"@id\":\"https:\/\/retoelajorge.es\/index.php\/2015\/09\/08\/dia-trece-santa-croya-de-tera-la-puebla-de-sanabria\/#primaryimage\",\"url\":\"https:\/\/retoelajorge.es\/wp-content\/uploads\/2020\/02\/41_1.jpg\",\"contentUrl\":\"https:\/\/retoelajorge.es\/wp-content\/uploads\/2020\/02\/41_1.jpg\",\"width\":1600,\"height\":900},{\"@type\":\"BreadcrumbList\",\"@id\":\"https:\/\/retoelajorge.es\/index.php\/2015\/09\/08\/dia-trece-santa-croya-de-tera-la-puebla-de-sanabria\/#breadcrumb\",\"itemListElement\":[{\"@type\":\"ListItem\",\"position\":1,\"name\":\"Portada\",\"item\":\"https:\/\/retoelajorge.es\/\"},{\"@type\":\"ListItem\",\"position\":2,\"name\":\"D\u00eda trece: Santa Croya de Tera &#8211; La Puebla de Sanabria\"}]},{\"@type\":\"WebSite\",\"@id\":\"https:\/\/retoelajorge.es\/#website\",\"url\":\"https:\/\/retoelajorge.es\/\",\"name\":\"Mis retos por la ELA\",\"description\":\"Blog de un afectado de ELA\",\"publisher\":{\"@id\":\"https:\/\/retoelajorge.es\/#organization\"},\"potentialAction\":[{\"@type\":\"SearchAction\",\"target\":{\"@type\":\"EntryPoint\",\"urlTemplate\":\"https:\/\/retoelajorge.es\/?s={search_term_string}\"},\"query-input\":{\"@type\":\"PropertyValueSpecification\",\"valueRequired\":true,\"valueName\":\"search_term_string\"}}],\"inLanguage\":\"es\"},{\"@type\":\"Organization\",\"@id\":\"https:\/\/retoelajorge.es\/#organization\",\"name\":\"Mis retos por la ELA\",\"url\":\"https:\/\/retoelajorge.es\/\",\"logo\":{\"@type\":\"ImageObject\",\"inLanguage\":\"es\",\"@id\":\"https:\/\/retoelajorge.es\/#\/schema\/logo\/image\/\",\"url\":\"https:\/\/retoelajorge.es\/wp-content\/uploads\/2020\/02\/Jorge-scaled-e1583395872979.jpg\",\"contentUrl\":\"https:\/\/retoelajorge.es\/wp-content\/uploads\/2020\/02\/Jorge-scaled-e1583395872979.jpg\",\"width\":1900,\"height\":1045,\"caption\":\"Mis retos por la ELA\"},\"image\":{\"@id\":\"https:\/\/retoelajorge.es\/#\/schema\/logo\/image\/\"}},{\"@type\":\"Person\",\"@id\":\"https:\/\/retoelajorge.es\/#\/schema\/person\/0e209413f2de4fe381eda14e12288b7d\",\"name\":\"retoelajorge\",\"image\":{\"@type\":\"ImageObject\",\"inLanguage\":\"es\",\"@id\":\"https:\/\/retoelajorge.es\/#\/schema\/person\/image\/\",\"url\":\"https:\/\/secure.gravatar.com\/avatar\/bdd30a868985f69f97d362fc89c201f7860ec568aa2b42cb67e1ab7857b91971?s=96&d=mm&r=g\",\"contentUrl\":\"https:\/\/secure.gravatar.com\/avatar\/bdd30a868985f69f97d362fc89c201f7860ec568aa2b42cb67e1ab7857b91971?s=96&d=mm&r=g\",\"caption\":\"retoelajorge\"},\"url\":\"https:\/\/retoelajorge.es\/index.php\/author\/admin\/\"}]}<\/script>\n<!-- \/ Yoast SEO plugin. -->","yoast_head_json":{"title":"D\u00eda trece: Santa Croya de Tera - La Puebla de Sanabria - Mis retos por la ELA","robots":{"index":"index","follow":"follow","max-snippet":"max-snippet:-1","max-image-preview":"max-image-preview:large","max-video-preview":"max-video-preview:-1"},"canonical":"https:\/\/retoelajorge.es\/index.php\/2015\/09\/08\/dia-trece-santa-croya-de-tera-la-puebla-de-sanabria\/","og_locale":"es_ES","og_type":"article","og_title":"D\u00eda trece: Santa Croya de Tera - La Puebla de Sanabria - Mis retos por la ELA","og_description":"Despu\u00e9s de desayunar en el albergue Casa Anita, salimos hacia nuestro destino utilizando pistas de tierra y carreteras locales hasta enlazar la N-525. Paramos en R\u00edonegro del Puente, en el bar Palacios, tomamos caf\u00e9,...","og_url":"https:\/\/retoelajorge.es\/index.php\/2015\/09\/08\/dia-trece-santa-croya-de-tera-la-puebla-de-sanabria\/","og_site_name":"Mis retos por la ELA","article_published_time":"2015-09-08T20:29:55+00:00","article_modified_time":"2020-02-12T08:40:58+00:00","og_image":[{"width":1600,"height":900,"url":"https:\/\/retoelajorge.es\/wp-content\/uploads\/2020\/02\/41_1.jpg","type":"image\/jpeg"}],"author":"retoelajorge","twitter_card":"summary_large_image","twitter_misc":{"Escrito por":"retoelajorge","Tiempo de lectura":"2 minutos"},"schema":{"@context":"https:\/\/schema.org","@graph":[{"@type":"Article","@id":"https:\/\/retoelajorge.es\/index.php\/2015\/09\/08\/dia-trece-santa-croya-de-tera-la-puebla-de-sanabria\/#article","isPartOf":{"@id":"https:\/\/retoelajorge.es\/index.php\/2015\/09\/08\/dia-trece-santa-croya-de-tera-la-puebla-de-sanabria\/"},"author":{"name":"retoelajorge","@id":"https:\/\/retoelajorge.es\/#\/schema\/person\/0e209413f2de4fe381eda14e12288b7d"},"headline":"D\u00eda trece: Santa Croya de Tera &#8211; La Puebla de Sanabria","datePublished":"2015-09-08T20:29:55+00:00","dateModified":"2020-02-12T08:40:58+00:00","mainEntityOfPage":{"@id":"https:\/\/retoelajorge.es\/index.php\/2015\/09\/08\/dia-trece-santa-croya-de-tera-la-puebla-de-sanabria\/"},"wordCount":473,"commentCount":0,"publisher":{"@id":"https:\/\/retoelajorge.es\/#organization"},"image":{"@id":"https:\/\/retoelajorge.es\/index.php\/2015\/09\/08\/dia-trece-santa-croya-de-tera-la-puebla-de-sanabria\/#primaryimage"},"thumbnailUrl":"https:\/\/retoelajorge.es\/wp-content\/uploads\/2020\/02\/41_1.jpg","keywords":["Camino de Santiago","ELA"],"articleSection":["Retos"],"inLanguage":"es","potentialAction":[{"@type":"CommentAction","name":"Comment","target":["https:\/\/retoelajorge.es\/index.php\/2015\/09\/08\/dia-trece-santa-croya-de-tera-la-puebla-de-sanabria\/#respond"]}]},{"@type":"WebPage","@id":"https:\/\/retoelajorge.es\/index.php\/2015\/09\/08\/dia-trece-santa-croya-de-tera-la-puebla-de-sanabria\/","url":"https:\/\/retoelajorge.es\/index.php\/2015\/09\/08\/dia-trece-santa-croya-de-tera-la-puebla-de-sanabria\/","name":"D\u00eda trece: Santa Croya de Tera - La Puebla de Sanabria - Mis retos por la ELA","isPartOf":{"@id":"https:\/\/retoelajorge.es\/#website"},"primaryImageOfPage":{"@id":"https:\/\/retoelajorge.es\/index.php\/2015\/09\/08\/dia-trece-santa-croya-de-tera-la-puebla-de-sanabria\/#primaryimage"},"image":{"@id":"https:\/\/retoelajorge.es\/index.php\/2015\/09\/08\/dia-trece-santa-croya-de-tera-la-puebla-de-sanabria\/#primaryimage"},"thumbnailUrl":"https:\/\/retoelajorge.es\/wp-content\/uploads\/2020\/02\/41_1.jpg","datePublished":"2015-09-08T20:29:55+00:00","dateModified":"2020-02-12T08:40:58+00:00","breadcrumb":{"@id":"https:\/\/retoelajorge.es\/index.php\/2015\/09\/08\/dia-trece-santa-croya-de-tera-la-puebla-de-sanabria\/#breadcrumb"},"inLanguage":"es","potentialAction":[{"@type":"ReadAction","target":["https:\/\/retoelajorge.es\/index.php\/2015\/09\/08\/dia-trece-santa-croya-de-tera-la-puebla-de-sanabria\/"]}]},{"@type":"ImageObject","inLanguage":"es","@id":"https:\/\/retoelajorge.es\/index.php\/2015\/09\/08\/dia-trece-santa-croya-de-tera-la-puebla-de-sanabria\/#primaryimage","url":"https:\/\/retoelajorge.es\/wp-content\/uploads\/2020\/02\/41_1.jpg","contentUrl":"https:\/\/retoelajorge.es\/wp-content\/uploads\/2020\/02\/41_1.jpg","width":1600,"height":900},{"@type":"BreadcrumbList","@id":"https:\/\/retoelajorge.es\/index.php\/2015\/09\/08\/dia-trece-santa-croya-de-tera-la-puebla-de-sanabria\/#breadcrumb","itemListElement":[{"@type":"ListItem","position":1,"name":"Portada","item":"https:\/\/retoelajorge.es\/"},{"@type":"ListItem","position":2,"name":"D\u00eda trece: Santa Croya de Tera &#8211; La Puebla de Sanabria"}]},{"@type":"WebSite","@id":"https:\/\/retoelajorge.es\/#website","url":"https:\/\/retoelajorge.es\/","name":"Mis retos por la ELA","description":"Blog de un afectado de ELA","publisher":{"@id":"https:\/\/retoelajorge.es\/#organization"},"potentialAction":[{"@type":"SearchAction","target":{"@type":"EntryPoint","urlTemplate":"https:\/\/retoelajorge.es\/?s={search_term_string}"},"query-input":{"@type":"PropertyValueSpecification","valueRequired":true,"valueName":"search_term_string"}}],"inLanguage":"es"},{"@type":"Organization","@id":"https:\/\/retoelajorge.es\/#organization","name":"Mis retos por la ELA","url":"https:\/\/retoelajorge.es\/","logo":{"@type":"ImageObject","inLanguage":"es","@id":"https:\/\/retoelajorge.es\/#\/schema\/logo\/image\/","url":"https:\/\/retoelajorge.es\/wp-content\/uploads\/2020\/02\/Jorge-scaled-e1583395872979.jpg","contentUrl":"https:\/\/retoelajorge.es\/wp-content\/uploads\/2020\/02\/Jorge-scaled-e1583395872979.jpg","width":1900,"height":1045,"caption":"Mis retos por la ELA"},"image":{"@id":"https:\/\/retoelajorge.es\/#\/schema\/logo\/image\/"}},{"@type":"Person","@id":"https:\/\/retoelajorge.es\/#\/schema\/person\/0e209413f2de4fe381eda14e12288b7d","name":"retoelajorge","image":{"@type":"ImageObject","inLanguage":"es","@id":"https:\/\/retoelajorge.es\/#\/schema\/person\/image\/","url":"https:\/\/secure.gravatar.com\/avatar\/bdd30a868985f69f97d362fc89c201f7860ec568aa2b42cb67e1ab7857b91971?s=96&d=mm&r=g","contentUrl":"https:\/\/secure.gravatar.com\/avatar\/bdd30a868985f69f97d362fc89c201f7860ec568aa2b42cb67e1ab7857b91971?s=96&d=mm&r=g","caption":"retoelajorge"},"url":"https:\/\/retoelajorge.es\/index.php\/author\/admin\/"}]}},"_links":{"self":[{"href":"https:\/\/retoelajorge.es\/index.php\/wp-json\/wp\/v2\/posts\/716","targetHints":{"allow":["GET"]}}],"collection":[{"href":"https:\/\/retoelajorge.es\/index.php\/wp-json\/wp\/v2\/posts"}],"about":[{"href":"https:\/\/retoelajorge.es\/index.php\/wp-json\/wp\/v2\/types\/post"}],"author":[{"embeddable":true,"href":"https:\/\/retoelajorge.es\/index.php\/wp-json\/wp\/v2\/users\/1"}],"replies":[{"embeddable":true,"href":"https:\/\/retoelajorge.es\/index.php\/wp-json\/wp\/v2\/comments?post=716"}],"version-history":[{"count":1,"href":"https:\/\/retoelajorge.es\/index.php\/wp-json\/wp\/v2\/posts\/716\/revisions"}],"predecessor-version":[{"id":727,"href":"https:\/\/retoelajorge.es\/index.php\/wp-json\/wp\/v2\/posts\/716\/revisions\/727"}],"wp:featuredmedia":[{"embeddable":true,"href":"https:\/\/retoelajorge.es\/index.php\/wp-json\/wp\/v2\/media\/717"}],"wp:attachment":[{"href":"https:\/\/retoelajorge.es\/index.php\/wp-json\/wp\/v2\/media?parent=716"}],"wp:term":[{"taxonomy":"category","embeddable":true,"href":"https:\/\/retoelajorge.es\/index.php\/wp-json\/wp\/v2\/categories?post=716"},{"taxonomy":"post_tag","embeddable":true,"href":"https:\/\/retoelajorge.es\/index.php\/wp-json\/wp\/v2\/tags?post=716"}],"curies":[{"name":"wp","href":"https:\/\/api.w.org\/{rel}","templated":true}]}}