{"id":728,"date":"2015-09-09T20:41:09","date_gmt":"2015-09-09T20:41:09","guid":{"rendered":"http:\/\/retoelajorge.es\/?p=728"},"modified":"2020-02-12T08:52:59","modified_gmt":"2020-02-12T08:52:59","slug":"dia-catorce-puebla-de-sanabria-a-gudina","status":"publish","type":"post","link":"https:\/\/retoelajorge.es\/index.php\/2015\/09\/09\/dia-catorce-puebla-de-sanabria-a-gudina\/","title":{"rendered":"D\u00eda catorce: Puebla de Sanabria &#8211; A Gudi\u00f1a"},"content":{"rendered":"\n<p>Magn\u00edfica nuestra estancia en el hostal Carlos V de Puebla de Sanabria. Unas instalaciones buenas para nuestro descanso, donde todo fueron facilidades. A las 8 ten\u00edamos un desayuno magn\u00edfico: caf\u00e9, zumo, frutas, tostadas, magdalenas, \u2026 Salimos totalmente repuestos para la jornada que nos esperaba y que present\u00edamos dura. Carlos el propietario del hostal hizo una donaci\u00f3n al retoelajorge y tambi\u00e9n nos prepar\u00f3 un picnic para la etapa. Gracias y hasta pronto.<\/p>\n\n\n\n<p>Nuestro temor en esta jornada era la subida al puerto Padornelo, un tanto larga pero su buena carretera facilit\u00f3 la misma. Todos arriba. Las carreteras empeoraron por el firme y la ausencia de arc\u00e9n, y qu\u00e9 decir del \u00faltimo t\u00fanel de la N-525 subiendo A Canda que es peligros\u00edsimo para los ciclistas. Totalmente a oscuras y con unos baches tremendos. Llevamos varios d\u00edas que las obras del AVE nos hacen transitar con muchos camiones. Hasta ahora todo ha ido bien, y no nos hemos sentido mal circulando con ellos. Eso s\u00ed, con mucha precauci\u00f3n.<br>Bajadas y subidas, algunos repechos y el grupo con V\u00edctor hemos rodado juntos. Bueno, el t\u00e1ndem va que se las pela, Miguel \u00c1ngel y Jorge est\u00e1n como para llevarlos a unas olimpiadas.<\/p>\n\n\n\n<figure class=\"wp-block-gallery aligncenter columns-3 is-cropped wp-block-gallery-1 is-layout-flex wp-block-gallery-is-layout-flex\"><ul class=\"blocks-gallery-grid\"><li class=\"blocks-gallery-item\"><figure><img loading=\"lazy\" decoding=\"async\" width=\"768\" height=\"1024\" src=\"https:\/\/retoelajorge.es\/wp-content\/uploads\/2020\/02\/42_2-768x1024.jpg\" alt=\"\" data-id=\"730\" data-full-url=\"https:\/\/retoelajorge.es\/wp-content\/uploads\/2020\/02\/42_2.jpg\" data-link=\"https:\/\/retoelajorge.es\/?attachment_id=730\" class=\"wp-image-730\" srcset=\"https:\/\/retoelajorge.es\/wp-content\/uploads\/2020\/02\/42_2-768x1024.jpg 768w, https:\/\/retoelajorge.es\/wp-content\/uploads\/2020\/02\/42_2-225x300.jpg 225w, https:\/\/retoelajorge.es\/wp-content\/uploads\/2020\/02\/42_2-1152x1536.jpg 1152w, https:\/\/retoelajorge.es\/wp-content\/uploads\/2020\/02\/42_2.jpg 1200w\" sizes=\"auto, (max-width: 768px) 100vw, 768px\" \/><\/figure><\/li><li class=\"blocks-gallery-item\"><figure><img loading=\"lazy\" decoding=\"async\" width=\"1024\" height=\"768\" src=\"https:\/\/retoelajorge.es\/wp-content\/uploads\/2020\/02\/42_4-1024x768.jpg\" alt=\"\" data-id=\"732\" data-full-url=\"https:\/\/retoelajorge.es\/wp-content\/uploads\/2020\/02\/42_4.jpg\" data-link=\"https:\/\/retoelajorge.es\/?attachment_id=732\" class=\"wp-image-732\" srcset=\"https:\/\/retoelajorge.es\/wp-content\/uploads\/2020\/02\/42_4-1024x768.jpg 1024w, https:\/\/retoelajorge.es\/wp-content\/uploads\/2020\/02\/42_4-300x225.jpg 300w, https:\/\/retoelajorge.es\/wp-content\/uploads\/2020\/02\/42_4-768x576.jpg 768w, https:\/\/retoelajorge.es\/wp-content\/uploads\/2020\/02\/42_4-1536x1152.jpg 1536w, https:\/\/retoelajorge.es\/wp-content\/uploads\/2020\/02\/42_4.jpg 1600w\" sizes=\"auto, (max-width: 1024px) 100vw, 1024px\" \/><\/figure><\/li><li class=\"blocks-gallery-item\"><figure><img loading=\"lazy\" decoding=\"async\" width=\"1024\" height=\"768\" src=\"https:\/\/retoelajorge.es\/wp-content\/uploads\/2020\/02\/42_5-1024x768.jpg\" alt=\"\" data-id=\"733\" data-full-url=\"https:\/\/retoelajorge.es\/wp-content\/uploads\/2020\/02\/42_5.jpg\" data-link=\"https:\/\/retoelajorge.es\/?attachment_id=733\" class=\"wp-image-733\" srcset=\"https:\/\/retoelajorge.es\/wp-content\/uploads\/2020\/02\/42_5-1024x768.jpg 1024w, https:\/\/retoelajorge.es\/wp-content\/uploads\/2020\/02\/42_5-300x225.jpg 300w, https:\/\/retoelajorge.es\/wp-content\/uploads\/2020\/02\/42_5-768x576.jpg 768w, https:\/\/retoelajorge.es\/wp-content\/uploads\/2020\/02\/42_5-1536x1152.jpg 1536w, https:\/\/retoelajorge.es\/wp-content\/uploads\/2020\/02\/42_5.jpg 1600w\" sizes=\"auto, (max-width: 1024px) 100vw, 1024px\" \/><\/figure><\/li><li class=\"blocks-gallery-item\"><figure><img loading=\"lazy\" decoding=\"async\" width=\"1024\" height=\"768\" src=\"https:\/\/retoelajorge.es\/wp-content\/uploads\/2020\/02\/42_3-1024x768.jpg\" alt=\"\" data-id=\"731\" data-full-url=\"https:\/\/retoelajorge.es\/wp-content\/uploads\/2020\/02\/42_3.jpg\" data-link=\"https:\/\/retoelajorge.es\/?attachment_id=731\" class=\"wp-image-731\" srcset=\"https:\/\/retoelajorge.es\/wp-content\/uploads\/2020\/02\/42_3-1024x768.jpg 1024w, https:\/\/retoelajorge.es\/wp-content\/uploads\/2020\/02\/42_3-300x225.jpg 300w, https:\/\/retoelajorge.es\/wp-content\/uploads\/2020\/02\/42_3-768x576.jpg 768w, https:\/\/retoelajorge.es\/wp-content\/uploads\/2020\/02\/42_3-1536x1152.jpg 1536w, https:\/\/retoelajorge.es\/wp-content\/uploads\/2020\/02\/42_3.jpg 1600w\" sizes=\"auto, (max-width: 1024px) 100vw, 1024px\" \/><\/figure><\/li><\/ul><\/figure>\n\n\n\n<p>El Ayuntamiento de A Gudi\u00f1a, gracias a V\u00edctor, nos ha cedido unas instalaciones preparadas como albergue donde estamos c\u00f3modos. Hoy hemos vuelto al chinch\u00f3n y Kevin hos ha vuelto a dar un repaso. Se va a ir de rositas, pues los pr\u00f3ximos d\u00edas son m\u00e1s ajetreados y dependemos de nuestro tiempo para recuperarnos.<\/p>\n\n\n\n<div class=\"wp-block-image\"><figure class=\"aligncenter size-large\"><img loading=\"lazy\" decoding=\"async\" width=\"768\" height=\"1024\" src=\"https:\/\/retoelajorge.es\/wp-content\/uploads\/2020\/02\/42_6-768x1024.jpg\" alt=\"\" class=\"wp-image-734\" srcset=\"https:\/\/retoelajorge.es\/wp-content\/uploads\/2020\/02\/42_6-768x1024.jpg 768w, https:\/\/retoelajorge.es\/wp-content\/uploads\/2020\/02\/42_6-225x300.jpg 225w, https:\/\/retoelajorge.es\/wp-content\/uploads\/2020\/02\/42_6-1152x1536.jpg 1152w, https:\/\/retoelajorge.es\/wp-content\/uploads\/2020\/02\/42_6.jpg 1200w\" sizes=\"auto, (max-width: 768px) 100vw, 768px\" \/><figcaption>Alojamiento cedido en A Gudi\u00f1a<\/figcaption><\/figure><\/div>\n\n\n\n<p>Estamos muy animados y contentos por lo que llevamos superado, y porque la meta la tenemos cerca. Sabemos que este reto es una gotita en el oc\u00e9ano de la  vida pero es un reto de superaci\u00f3n, es un ejemplo para quienes tenemos la suerte de compartirlo y para quienes lo siguen y animan desde casa. Es un ejemplo de no dar por perdido nada, de luchar, de insistir, de ser constante. Hay muchas personas que pueden tener problemas o dificultades iguales o mayores que Jorge pero este reto nos dice: pedalada a pedalada, metro a metro hasta la  meta, hasta conseguir superar la adversidad. Constancia, lucha, no rendirnos en ninguna circunstancia es lo que Jorge Abarca nos ense\u00f1a cada d\u00eda, hay m\u00e1s personas as\u00ed y todas ellas nos dan esperanza.<\/p>\n\n\n\n<div class=\"wp-block-image\"><figure class=\"aligncenter size-large\"><img loading=\"lazy\" decoding=\"async\" width=\"768\" height=\"1024\" src=\"https:\/\/retoelajorge.es\/wp-content\/uploads\/2020\/02\/42_7-768x1024.jpg\" alt=\"\" class=\"wp-image-735\" srcset=\"https:\/\/retoelajorge.es\/wp-content\/uploads\/2020\/02\/42_7-768x1024.jpg 768w, https:\/\/retoelajorge.es\/wp-content\/uploads\/2020\/02\/42_7-225x300.jpg 225w, https:\/\/retoelajorge.es\/wp-content\/uploads\/2020\/02\/42_7-1152x1536.jpg 1152w, https:\/\/retoelajorge.es\/wp-content\/uploads\/2020\/02\/42_7.jpg 1200w\" sizes=\"auto, (max-width: 768px) 100vw, 768px\" \/><figcaption>Santiago nos espera<\/figcaption><\/figure><\/div>\n\n\n\n<p>Estamos m\u00e1s cerca del cansancio, ya ni hablamos.<\/p>\n","protected":false},"excerpt":{"rendered":"<p>Magn\u00edfica nuestra estancia en el hostal Carlos V de Puebla de Sanabria. Unas instalaciones buenas para nuestro descanso, donde todo fueron facilidades. A las 8 ten\u00edamos un desayuno magn\u00edfico: caf\u00e9, zumo, frutas, tostadas, magdalenas,&#8230;<\/p>\n","protected":false},"author":1,"featured_media":729,"comment_status":"open","ping_status":"open","sticky":false,"template":"","format":"standard","meta":{"footnotes":""},"categories":[39],"tags":[45,43],"class_list":["post-728","post","type-post","status-publish","format-standard","has-post-thumbnail","hentry","category-retos","tag-camino-de-santiago","tag-ela"],"yoast_head":"<!-- This site is optimized with the Yoast SEO plugin v26.7 - https:\/\/yoast.com\/wordpress\/plugins\/seo\/ -->\n<title>D\u00eda catorce: Puebla de Sanabria - A Gudi\u00f1a - Mis retos por la ELA<\/title>\n<meta name=\"robots\" content=\"index, follow, max-snippet:-1, max-image-preview:large, max-video-preview:-1\" \/>\n<link rel=\"canonical\" href=\"https:\/\/retoelajorge.es\/index.php\/2015\/09\/09\/dia-catorce-puebla-de-sanabria-a-gudina\/\" \/>\n<meta property=\"og:locale\" content=\"es_ES\" \/>\n<meta property=\"og:type\" content=\"article\" \/>\n<meta property=\"og:title\" content=\"D\u00eda catorce: Puebla de Sanabria - A Gudi\u00f1a - Mis retos por la ELA\" \/>\n<meta property=\"og:description\" content=\"Magn\u00edfica nuestra estancia en el hostal Carlos V de Puebla de Sanabria. Unas instalaciones buenas para nuestro descanso, donde todo fueron facilidades. A las 8 ten\u00edamos un desayuno magn\u00edfico: caf\u00e9, zumo, frutas, tostadas, magdalenas,...\" \/>\n<meta property=\"og:url\" content=\"https:\/\/retoelajorge.es\/index.php\/2015\/09\/09\/dia-catorce-puebla-de-sanabria-a-gudina\/\" \/>\n<meta property=\"og:site_name\" content=\"Mis retos por la ELA\" \/>\n<meta property=\"article:published_time\" content=\"2015-09-09T20:41:09+00:00\" \/>\n<meta property=\"article:modified_time\" content=\"2020-02-12T08:52:59+00:00\" \/>\n<meta property=\"og:image\" content=\"https:\/\/retoelajorge.es\/wp-content\/uploads\/2020\/02\/42_1.jpg\" \/>\n\t<meta property=\"og:image:width\" content=\"1600\" \/>\n\t<meta property=\"og:image:height\" content=\"1200\" \/>\n\t<meta property=\"og:image:type\" content=\"image\/jpeg\" \/>\n<meta name=\"author\" content=\"retoelajorge\" \/>\n<meta name=\"twitter:card\" content=\"summary_large_image\" \/>\n<meta name=\"twitter:label1\" content=\"Escrito por\" \/>\n\t<meta name=\"twitter:data1\" content=\"retoelajorge\" \/>\n\t<meta name=\"twitter:label2\" content=\"Tiempo de lectura\" \/>\n\t<meta name=\"twitter:data2\" content=\"2 minutos\" \/>\n<script type=\"application\/ld+json\" class=\"yoast-schema-graph\">{\"@context\":\"https:\/\/schema.org\",\"@graph\":[{\"@type\":\"Article\",\"@id\":\"https:\/\/retoelajorge.es\/index.php\/2015\/09\/09\/dia-catorce-puebla-de-sanabria-a-gudina\/#article\",\"isPartOf\":{\"@id\":\"https:\/\/retoelajorge.es\/index.php\/2015\/09\/09\/dia-catorce-puebla-de-sanabria-a-gudina\/\"},\"author\":{\"name\":\"retoelajorge\",\"@id\":\"https:\/\/retoelajorge.es\/#\/schema\/person\/0e209413f2de4fe381eda14e12288b7d\"},\"headline\":\"D\u00eda catorce: Puebla de Sanabria &#8211; A Gudi\u00f1a\",\"datePublished\":\"2015-09-09T20:41:09+00:00\",\"dateModified\":\"2020-02-12T08:52:59+00:00\",\"mainEntityOfPage\":{\"@id\":\"https:\/\/retoelajorge.es\/index.php\/2015\/09\/09\/dia-catorce-puebla-de-sanabria-a-gudina\/\"},\"wordCount\":432,\"commentCount\":0,\"publisher\":{\"@id\":\"https:\/\/retoelajorge.es\/#organization\"},\"image\":{\"@id\":\"https:\/\/retoelajorge.es\/index.php\/2015\/09\/09\/dia-catorce-puebla-de-sanabria-a-gudina\/#primaryimage\"},\"thumbnailUrl\":\"https:\/\/retoelajorge.es\/wp-content\/uploads\/2020\/02\/42_1.jpg\",\"keywords\":[\"Camino de Santiago\",\"ELA\"],\"articleSection\":[\"Retos\"],\"inLanguage\":\"es\",\"potentialAction\":[{\"@type\":\"CommentAction\",\"name\":\"Comment\",\"target\":[\"https:\/\/retoelajorge.es\/index.php\/2015\/09\/09\/dia-catorce-puebla-de-sanabria-a-gudina\/#respond\"]}]},{\"@type\":\"WebPage\",\"@id\":\"https:\/\/retoelajorge.es\/index.php\/2015\/09\/09\/dia-catorce-puebla-de-sanabria-a-gudina\/\",\"url\":\"https:\/\/retoelajorge.es\/index.php\/2015\/09\/09\/dia-catorce-puebla-de-sanabria-a-gudina\/\",\"name\":\"D\u00eda catorce: Puebla de Sanabria - A Gudi\u00f1a - Mis retos por la ELA\",\"isPartOf\":{\"@id\":\"https:\/\/retoelajorge.es\/#website\"},\"primaryImageOfPage\":{\"@id\":\"https:\/\/retoelajorge.es\/index.php\/2015\/09\/09\/dia-catorce-puebla-de-sanabria-a-gudina\/#primaryimage\"},\"image\":{\"@id\":\"https:\/\/retoelajorge.es\/index.php\/2015\/09\/09\/dia-catorce-puebla-de-sanabria-a-gudina\/#primaryimage\"},\"thumbnailUrl\":\"https:\/\/retoelajorge.es\/wp-content\/uploads\/2020\/02\/42_1.jpg\",\"datePublished\":\"2015-09-09T20:41:09+00:00\",\"dateModified\":\"2020-02-12T08:52:59+00:00\",\"breadcrumb\":{\"@id\":\"https:\/\/retoelajorge.es\/index.php\/2015\/09\/09\/dia-catorce-puebla-de-sanabria-a-gudina\/#breadcrumb\"},\"inLanguage\":\"es\",\"potentialAction\":[{\"@type\":\"ReadAction\",\"target\":[\"https:\/\/retoelajorge.es\/index.php\/2015\/09\/09\/dia-catorce-puebla-de-sanabria-a-gudina\/\"]}]},{\"@type\":\"ImageObject\",\"inLanguage\":\"es\",\"@id\":\"https:\/\/retoelajorge.es\/index.php\/2015\/09\/09\/dia-catorce-puebla-de-sanabria-a-gudina\/#primaryimage\",\"url\":\"https:\/\/retoelajorge.es\/wp-content\/uploads\/2020\/02\/42_1.jpg\",\"contentUrl\":\"https:\/\/retoelajorge.es\/wp-content\/uploads\/2020\/02\/42_1.jpg\",\"width\":1600,\"height\":1200},{\"@type\":\"BreadcrumbList\",\"@id\":\"https:\/\/retoelajorge.es\/index.php\/2015\/09\/09\/dia-catorce-puebla-de-sanabria-a-gudina\/#breadcrumb\",\"itemListElement\":[{\"@type\":\"ListItem\",\"position\":1,\"name\":\"Portada\",\"item\":\"https:\/\/retoelajorge.es\/\"},{\"@type\":\"ListItem\",\"position\":2,\"name\":\"D\u00eda catorce: Puebla de Sanabria &#8211; A Gudi\u00f1a\"}]},{\"@type\":\"WebSite\",\"@id\":\"https:\/\/retoelajorge.es\/#website\",\"url\":\"https:\/\/retoelajorge.es\/\",\"name\":\"Mis retos por la ELA\",\"description\":\"Blog de un afectado de ELA\",\"publisher\":{\"@id\":\"https:\/\/retoelajorge.es\/#organization\"},\"potentialAction\":[{\"@type\":\"SearchAction\",\"target\":{\"@type\":\"EntryPoint\",\"urlTemplate\":\"https:\/\/retoelajorge.es\/?s={search_term_string}\"},\"query-input\":{\"@type\":\"PropertyValueSpecification\",\"valueRequired\":true,\"valueName\":\"search_term_string\"}}],\"inLanguage\":\"es\"},{\"@type\":\"Organization\",\"@id\":\"https:\/\/retoelajorge.es\/#organization\",\"name\":\"Mis retos por la ELA\",\"url\":\"https:\/\/retoelajorge.es\/\",\"logo\":{\"@type\":\"ImageObject\",\"inLanguage\":\"es\",\"@id\":\"https:\/\/retoelajorge.es\/#\/schema\/logo\/image\/\",\"url\":\"https:\/\/retoelajorge.es\/wp-content\/uploads\/2020\/02\/Jorge-scaled-e1583395872979.jpg\",\"contentUrl\":\"https:\/\/retoelajorge.es\/wp-content\/uploads\/2020\/02\/Jorge-scaled-e1583395872979.jpg\",\"width\":1900,\"height\":1045,\"caption\":\"Mis retos por la ELA\"},\"image\":{\"@id\":\"https:\/\/retoelajorge.es\/#\/schema\/logo\/image\/\"}},{\"@type\":\"Person\",\"@id\":\"https:\/\/retoelajorge.es\/#\/schema\/person\/0e209413f2de4fe381eda14e12288b7d\",\"name\":\"retoelajorge\",\"image\":{\"@type\":\"ImageObject\",\"inLanguage\":\"es\",\"@id\":\"https:\/\/retoelajorge.es\/#\/schema\/person\/image\/\",\"url\":\"https:\/\/secure.gravatar.com\/avatar\/bdd30a868985f69f97d362fc89c201f7860ec568aa2b42cb67e1ab7857b91971?s=96&d=mm&r=g\",\"contentUrl\":\"https:\/\/secure.gravatar.com\/avatar\/bdd30a868985f69f97d362fc89c201f7860ec568aa2b42cb67e1ab7857b91971?s=96&d=mm&r=g\",\"caption\":\"retoelajorge\"},\"url\":\"https:\/\/retoelajorge.es\/index.php\/author\/admin\/\"}]}<\/script>\n<!-- \/ Yoast SEO plugin. -->","yoast_head_json":{"title":"D\u00eda catorce: Puebla de Sanabria - A Gudi\u00f1a - Mis retos por la ELA","robots":{"index":"index","follow":"follow","max-snippet":"max-snippet:-1","max-image-preview":"max-image-preview:large","max-video-preview":"max-video-preview:-1"},"canonical":"https:\/\/retoelajorge.es\/index.php\/2015\/09\/09\/dia-catorce-puebla-de-sanabria-a-gudina\/","og_locale":"es_ES","og_type":"article","og_title":"D\u00eda catorce: Puebla de Sanabria - A Gudi\u00f1a - Mis retos por la ELA","og_description":"Magn\u00edfica nuestra estancia en el hostal Carlos V de Puebla de Sanabria. Unas instalaciones buenas para nuestro descanso, donde todo fueron facilidades. A las 8 ten\u00edamos un desayuno magn\u00edfico: caf\u00e9, zumo, frutas, tostadas, magdalenas,...","og_url":"https:\/\/retoelajorge.es\/index.php\/2015\/09\/09\/dia-catorce-puebla-de-sanabria-a-gudina\/","og_site_name":"Mis retos por la ELA","article_published_time":"2015-09-09T20:41:09+00:00","article_modified_time":"2020-02-12T08:52:59+00:00","og_image":[{"width":1600,"height":1200,"url":"https:\/\/retoelajorge.es\/wp-content\/uploads\/2020\/02\/42_1.jpg","type":"image\/jpeg"}],"author":"retoelajorge","twitter_card":"summary_large_image","twitter_misc":{"Escrito por":"retoelajorge","Tiempo de lectura":"2 minutos"},"schema":{"@context":"https:\/\/schema.org","@graph":[{"@type":"Article","@id":"https:\/\/retoelajorge.es\/index.php\/2015\/09\/09\/dia-catorce-puebla-de-sanabria-a-gudina\/#article","isPartOf":{"@id":"https:\/\/retoelajorge.es\/index.php\/2015\/09\/09\/dia-catorce-puebla-de-sanabria-a-gudina\/"},"author":{"name":"retoelajorge","@id":"https:\/\/retoelajorge.es\/#\/schema\/person\/0e209413f2de4fe381eda14e12288b7d"},"headline":"D\u00eda catorce: Puebla de Sanabria &#8211; A Gudi\u00f1a","datePublished":"2015-09-09T20:41:09+00:00","dateModified":"2020-02-12T08:52:59+00:00","mainEntityOfPage":{"@id":"https:\/\/retoelajorge.es\/index.php\/2015\/09\/09\/dia-catorce-puebla-de-sanabria-a-gudina\/"},"wordCount":432,"commentCount":0,"publisher":{"@id":"https:\/\/retoelajorge.es\/#organization"},"image":{"@id":"https:\/\/retoelajorge.es\/index.php\/2015\/09\/09\/dia-catorce-puebla-de-sanabria-a-gudina\/#primaryimage"},"thumbnailUrl":"https:\/\/retoelajorge.es\/wp-content\/uploads\/2020\/02\/42_1.jpg","keywords":["Camino de Santiago","ELA"],"articleSection":["Retos"],"inLanguage":"es","potentialAction":[{"@type":"CommentAction","name":"Comment","target":["https:\/\/retoelajorge.es\/index.php\/2015\/09\/09\/dia-catorce-puebla-de-sanabria-a-gudina\/#respond"]}]},{"@type":"WebPage","@id":"https:\/\/retoelajorge.es\/index.php\/2015\/09\/09\/dia-catorce-puebla-de-sanabria-a-gudina\/","url":"https:\/\/retoelajorge.es\/index.php\/2015\/09\/09\/dia-catorce-puebla-de-sanabria-a-gudina\/","name":"D\u00eda catorce: Puebla de Sanabria - A Gudi\u00f1a - Mis retos por la ELA","isPartOf":{"@id":"https:\/\/retoelajorge.es\/#website"},"primaryImageOfPage":{"@id":"https:\/\/retoelajorge.es\/index.php\/2015\/09\/09\/dia-catorce-puebla-de-sanabria-a-gudina\/#primaryimage"},"image":{"@id":"https:\/\/retoelajorge.es\/index.php\/2015\/09\/09\/dia-catorce-puebla-de-sanabria-a-gudina\/#primaryimage"},"thumbnailUrl":"https:\/\/retoelajorge.es\/wp-content\/uploads\/2020\/02\/42_1.jpg","datePublished":"2015-09-09T20:41:09+00:00","dateModified":"2020-02-12T08:52:59+00:00","breadcrumb":{"@id":"https:\/\/retoelajorge.es\/index.php\/2015\/09\/09\/dia-catorce-puebla-de-sanabria-a-gudina\/#breadcrumb"},"inLanguage":"es","potentialAction":[{"@type":"ReadAction","target":["https:\/\/retoelajorge.es\/index.php\/2015\/09\/09\/dia-catorce-puebla-de-sanabria-a-gudina\/"]}]},{"@type":"ImageObject","inLanguage":"es","@id":"https:\/\/retoelajorge.es\/index.php\/2015\/09\/09\/dia-catorce-puebla-de-sanabria-a-gudina\/#primaryimage","url":"https:\/\/retoelajorge.es\/wp-content\/uploads\/2020\/02\/42_1.jpg","contentUrl":"https:\/\/retoelajorge.es\/wp-content\/uploads\/2020\/02\/42_1.jpg","width":1600,"height":1200},{"@type":"BreadcrumbList","@id":"https:\/\/retoelajorge.es\/index.php\/2015\/09\/09\/dia-catorce-puebla-de-sanabria-a-gudina\/#breadcrumb","itemListElement":[{"@type":"ListItem","position":1,"name":"Portada","item":"https:\/\/retoelajorge.es\/"},{"@type":"ListItem","position":2,"name":"D\u00eda catorce: Puebla de Sanabria &#8211; A Gudi\u00f1a"}]},{"@type":"WebSite","@id":"https:\/\/retoelajorge.es\/#website","url":"https:\/\/retoelajorge.es\/","name":"Mis retos por la ELA","description":"Blog de un afectado de ELA","publisher":{"@id":"https:\/\/retoelajorge.es\/#organization"},"potentialAction":[{"@type":"SearchAction","target":{"@type":"EntryPoint","urlTemplate":"https:\/\/retoelajorge.es\/?s={search_term_string}"},"query-input":{"@type":"PropertyValueSpecification","valueRequired":true,"valueName":"search_term_string"}}],"inLanguage":"es"},{"@type":"Organization","@id":"https:\/\/retoelajorge.es\/#organization","name":"Mis retos por la ELA","url":"https:\/\/retoelajorge.es\/","logo":{"@type":"ImageObject","inLanguage":"es","@id":"https:\/\/retoelajorge.es\/#\/schema\/logo\/image\/","url":"https:\/\/retoelajorge.es\/wp-content\/uploads\/2020\/02\/Jorge-scaled-e1583395872979.jpg","contentUrl":"https:\/\/retoelajorge.es\/wp-content\/uploads\/2020\/02\/Jorge-scaled-e1583395872979.jpg","width":1900,"height":1045,"caption":"Mis retos por la ELA"},"image":{"@id":"https:\/\/retoelajorge.es\/#\/schema\/logo\/image\/"}},{"@type":"Person","@id":"https:\/\/retoelajorge.es\/#\/schema\/person\/0e209413f2de4fe381eda14e12288b7d","name":"retoelajorge","image":{"@type":"ImageObject","inLanguage":"es","@id":"https:\/\/retoelajorge.es\/#\/schema\/person\/image\/","url":"https:\/\/secure.gravatar.com\/avatar\/bdd30a868985f69f97d362fc89c201f7860ec568aa2b42cb67e1ab7857b91971?s=96&d=mm&r=g","contentUrl":"https:\/\/secure.gravatar.com\/avatar\/bdd30a868985f69f97d362fc89c201f7860ec568aa2b42cb67e1ab7857b91971?s=96&d=mm&r=g","caption":"retoelajorge"},"url":"https:\/\/retoelajorge.es\/index.php\/author\/admin\/"}]}},"_links":{"self":[{"href":"https:\/\/retoelajorge.es\/index.php\/wp-json\/wp\/v2\/posts\/728","targetHints":{"allow":["GET"]}}],"collection":[{"href":"https:\/\/retoelajorge.es\/index.php\/wp-json\/wp\/v2\/posts"}],"about":[{"href":"https:\/\/retoelajorge.es\/index.php\/wp-json\/wp\/v2\/types\/post"}],"author":[{"embeddable":true,"href":"https:\/\/retoelajorge.es\/index.php\/wp-json\/wp\/v2\/users\/1"}],"replies":[{"embeddable":true,"href":"https:\/\/retoelajorge.es\/index.php\/wp-json\/wp\/v2\/comments?post=728"}],"version-history":[{"count":1,"href":"https:\/\/retoelajorge.es\/index.php\/wp-json\/wp\/v2\/posts\/728\/revisions"}],"predecessor-version":[{"id":736,"href":"https:\/\/retoelajorge.es\/index.php\/wp-json\/wp\/v2\/posts\/728\/revisions\/736"}],"wp:featuredmedia":[{"embeddable":true,"href":"https:\/\/retoelajorge.es\/index.php\/wp-json\/wp\/v2\/media\/729"}],"wp:attachment":[{"href":"https:\/\/retoelajorge.es\/index.php\/wp-json\/wp\/v2\/media?parent=728"}],"wp:term":[{"taxonomy":"category","embeddable":true,"href":"https:\/\/retoelajorge.es\/index.php\/wp-json\/wp\/v2\/categories?post=728"},{"taxonomy":"post_tag","embeddable":true,"href":"https:\/\/retoelajorge.es\/index.php\/wp-json\/wp\/v2\/tags?post=728"}],"curies":[{"name":"wp","href":"https:\/\/api.w.org\/{rel}","templated":true}]}}