{"id":753,"date":"2015-09-11T21:50:40","date_gmt":"2015-09-11T21:50:40","guid":{"rendered":"http:\/\/retoelajorge.es\/?p=753"},"modified":"2020-02-12T10:06:27","modified_gmt":"2020-02-12T10:06:27","slug":"dia-dieciseis-ourense-lalin","status":"publish","type":"post","link":"https:\/\/retoelajorge.es\/index.php\/2015\/09\/11\/dia-dieciseis-ourense-lalin\/","title":{"rendered":"D\u00eda diecis\u00e9is: Ourense &#8211; Lal\u00edn"},"content":{"rendered":"\n<p>Decir aqu\u00ed, en Galicia que una etapa es f\u00e1cil, es una quimera. Preguntarle a un gallego por c\u00f3mo son las carreteras o caminos es un error, para ellos casi todo es \u201cpara abajo\u201d, y con poca pendiente. La cosa es que las largas y constantes subidas ya nos van haciendo mella a todos. <\/p>\n\n\n\n<figure class=\"wp-block-gallery aligncenter columns-2 is-cropped wp-block-gallery-1 is-layout-flex wp-block-gallery-is-layout-flex\"><ul class=\"blocks-gallery-grid\"><li class=\"blocks-gallery-item\"><figure><img loading=\"lazy\" decoding=\"async\" width=\"1024\" height=\"768\" src=\"https:\/\/retoelajorge.es\/wp-content\/uploads\/2020\/02\/44_2-1024x768.jpg\" alt=\"\" data-id=\"755\" data-full-url=\"https:\/\/retoelajorge.es\/wp-content\/uploads\/2020\/02\/44_2.jpg\" data-link=\"https:\/\/retoelajorge.es\/?attachment_id=755\" class=\"wp-image-755\" srcset=\"https:\/\/retoelajorge.es\/wp-content\/uploads\/2020\/02\/44_2-1024x768.jpg 1024w, https:\/\/retoelajorge.es\/wp-content\/uploads\/2020\/02\/44_2-300x225.jpg 300w, https:\/\/retoelajorge.es\/wp-content\/uploads\/2020\/02\/44_2-768x576.jpg 768w, https:\/\/retoelajorge.es\/wp-content\/uploads\/2020\/02\/44_2-1536x1152.jpg 1536w, https:\/\/retoelajorge.es\/wp-content\/uploads\/2020\/02\/44_2.jpg 1600w\" sizes=\"auto, (max-width: 1024px) 100vw, 1024px\" \/><\/figure><\/li><li class=\"blocks-gallery-item\"><figure><img loading=\"lazy\" decoding=\"async\" width=\"1024\" height=\"576\" src=\"https:\/\/retoelajorge.es\/wp-content\/uploads\/2020\/02\/44_4-1024x576.jpg\" alt=\"\" data-id=\"757\" data-full-url=\"https:\/\/retoelajorge.es\/wp-content\/uploads\/2020\/02\/44_4.jpg\" data-link=\"https:\/\/retoelajorge.es\/?attachment_id=757\" class=\"wp-image-757\" srcset=\"https:\/\/retoelajorge.es\/wp-content\/uploads\/2020\/02\/44_4-1024x576.jpg 1024w, https:\/\/retoelajorge.es\/wp-content\/uploads\/2020\/02\/44_4-300x169.jpg 300w, https:\/\/retoelajorge.es\/wp-content\/uploads\/2020\/02\/44_4-768x432.jpg 768w, https:\/\/retoelajorge.es\/wp-content\/uploads\/2020\/02\/44_4-1536x864.jpg 1536w, https:\/\/retoelajorge.es\/wp-content\/uploads\/2020\/02\/44_4-800x450.jpg 800w, https:\/\/retoelajorge.es\/wp-content\/uploads\/2020\/02\/44_4.jpg 1600w\" sizes=\"auto, (max-width: 1024px) 100vw, 1024px\" \/><\/figure><\/li><\/ul><\/figure>\n\n\n\n<p>Rafael Cui\u00f1a, el alcalde, nos recibi\u00f3 en la plaza de la Iglesia de Lal\u00edn, nosotros, para no ser menos, nos hab\u00edamos ido de gira hacia el ayuntamiento, que estaba abajo. Vuelta y para arriba a la Iglesia. Nos pregunt\u00f3 el alcalde por las incidencias, pinchazos, etc.. y la respuesta fue que ninguna (estaba lo de Fernando en la etapa hacia C\u00e1ceres que anduvo pinchado bastantes Kms). Justo se va y alguien observa que la bici de David tiene una rueda pinchada, \u00bflas meigas?. Menos mal que Victor Loira nos ayud\u00f3 a cambiarla luego a la tarde.<\/p>\n\n\n\n<figure class=\"wp-block-gallery aligncenter columns-2 is-cropped wp-block-gallery-2 is-layout-flex wp-block-gallery-is-layout-flex\"><ul class=\"blocks-gallery-grid\"><li class=\"blocks-gallery-item\"><figure><img loading=\"lazy\" decoding=\"async\" width=\"1024\" height=\"576\" src=\"https:\/\/retoelajorge.es\/wp-content\/uploads\/2020\/02\/44_5-1024x576.jpg\" alt=\"\" data-id=\"758\" data-full-url=\"https:\/\/retoelajorge.es\/wp-content\/uploads\/2020\/02\/44_5.jpg\" data-link=\"https:\/\/retoelajorge.es\/?attachment_id=758\" class=\"wp-image-758\" srcset=\"https:\/\/retoelajorge.es\/wp-content\/uploads\/2020\/02\/44_5-1024x576.jpg 1024w, https:\/\/retoelajorge.es\/wp-content\/uploads\/2020\/02\/44_5-300x169.jpg 300w, https:\/\/retoelajorge.es\/wp-content\/uploads\/2020\/02\/44_5-768x432.jpg 768w, https:\/\/retoelajorge.es\/wp-content\/uploads\/2020\/02\/44_5-800x450.jpg 800w, https:\/\/retoelajorge.es\/wp-content\/uploads\/2020\/02\/44_5.jpg 1328w\" sizes=\"auto, (max-width: 1024px) 100vw, 1024px\" \/><\/figure><\/li><li class=\"blocks-gallery-item\"><figure><img loading=\"lazy\" decoding=\"async\" width=\"576\" height=\"1024\" src=\"https:\/\/retoelajorge.es\/wp-content\/uploads\/2020\/02\/44_6-576x1024.jpg\" alt=\"\" data-id=\"759\" data-full-url=\"https:\/\/retoelajorge.es\/wp-content\/uploads\/2020\/02\/44_6.jpg\" data-link=\"https:\/\/retoelajorge.es\/?attachment_id=759\" class=\"wp-image-759\" srcset=\"https:\/\/retoelajorge.es\/wp-content\/uploads\/2020\/02\/44_6-576x1024.jpg 576w, https:\/\/retoelajorge.es\/wp-content\/uploads\/2020\/02\/44_6-169x300.jpg 169w, https:\/\/retoelajorge.es\/wp-content\/uploads\/2020\/02\/44_6.jpg 747w\" sizes=\"auto, (max-width: 576px) 100vw, 576px\" \/><\/figure><\/li><\/ul><\/figure>\n\n\n\n<p>Nos esperaba el Restaurante La Molinera, donde Diego y Ana nos agasajaron con unos magn\u00edficos callos a la gallega, de los que dimos buena cuenta. Nosotros lo completamos con m\u00e1s bebidas y postres que all\u00ed mismo tomamos. <\/p>\n\n\n\n<figure class=\"wp-block-gallery aligncenter columns-3 is-cropped wp-block-gallery-3 is-layout-flex wp-block-gallery-is-layout-flex\"><ul class=\"blocks-gallery-grid\"><li class=\"blocks-gallery-item\"><figure><img loading=\"lazy\" decoding=\"async\" width=\"1024\" height=\"768\" src=\"https:\/\/retoelajorge.es\/wp-content\/uploads\/2020\/02\/44_7-1024x768.jpg\" alt=\"\" data-id=\"760\" data-full-url=\"https:\/\/retoelajorge.es\/wp-content\/uploads\/2020\/02\/44_7.jpg\" data-link=\"https:\/\/retoelajorge.es\/?attachment_id=760\" class=\"wp-image-760\" srcset=\"https:\/\/retoelajorge.es\/wp-content\/uploads\/2020\/02\/44_7-1024x768.jpg 1024w, https:\/\/retoelajorge.es\/wp-content\/uploads\/2020\/02\/44_7-300x225.jpg 300w, https:\/\/retoelajorge.es\/wp-content\/uploads\/2020\/02\/44_7-768x576.jpg 768w, https:\/\/retoelajorge.es\/wp-content\/uploads\/2020\/02\/44_7-1536x1152.jpg 1536w, https:\/\/retoelajorge.es\/wp-content\/uploads\/2020\/02\/44_7.jpg 1600w\" sizes=\"auto, (max-width: 1024px) 100vw, 1024px\" \/><\/figure><\/li><li class=\"blocks-gallery-item\"><figure><img loading=\"lazy\" decoding=\"async\" width=\"1024\" height=\"768\" src=\"https:\/\/retoelajorge.es\/wp-content\/uploads\/2020\/02\/44_8-1024x768.jpg\" alt=\"\" data-id=\"761\" data-full-url=\"https:\/\/retoelajorge.es\/wp-content\/uploads\/2020\/02\/44_8.jpg\" data-link=\"https:\/\/retoelajorge.es\/?attachment_id=761\" class=\"wp-image-761\" srcset=\"https:\/\/retoelajorge.es\/wp-content\/uploads\/2020\/02\/44_8-1024x768.jpg 1024w, https:\/\/retoelajorge.es\/wp-content\/uploads\/2020\/02\/44_8-300x225.jpg 300w, https:\/\/retoelajorge.es\/wp-content\/uploads\/2020\/02\/44_8-768x576.jpg 768w, https:\/\/retoelajorge.es\/wp-content\/uploads\/2020\/02\/44_8-1536x1152.jpg 1536w, https:\/\/retoelajorge.es\/wp-content\/uploads\/2020\/02\/44_8.jpg 1600w\" sizes=\"auto, (max-width: 1024px) 100vw, 1024px\" \/><\/figure><\/li><li class=\"blocks-gallery-item\"><figure><img loading=\"lazy\" decoding=\"async\" width=\"1024\" height=\"576\" src=\"https:\/\/retoelajorge.es\/wp-content\/uploads\/2020\/02\/44_9-1024x576.jpg\" alt=\"\" data-id=\"762\" data-full-url=\"https:\/\/retoelajorge.es\/wp-content\/uploads\/2020\/02\/44_9.jpg\" data-link=\"https:\/\/retoelajorge.es\/?attachment_id=762\" class=\"wp-image-762\" srcset=\"https:\/\/retoelajorge.es\/wp-content\/uploads\/2020\/02\/44_9-1024x576.jpg 1024w, https:\/\/retoelajorge.es\/wp-content\/uploads\/2020\/02\/44_9-300x169.jpg 300w, https:\/\/retoelajorge.es\/wp-content\/uploads\/2020\/02\/44_9-768x432.jpg 768w, https:\/\/retoelajorge.es\/wp-content\/uploads\/2020\/02\/44_9-1536x864.jpg 1536w, https:\/\/retoelajorge.es\/wp-content\/uploads\/2020\/02\/44_9-800x450.jpg 800w, https:\/\/retoelajorge.es\/wp-content\/uploads\/2020\/02\/44_9.jpg 1600w\" sizes=\"auto, (max-width: 1024px) 100vw, 1024px\" \/><\/figure><\/li><\/ul><\/figure>\n\n\n\n<p>El Hotel Ponti\u00f1as nos proporcion\u00f3 el alojamiento, y el caf\u00e9 Bar, Restaurante Curras nos agasaj\u00f3 con una magn\u00edfica cena, abundante, variada y en un clima estupendo. Jos\u00e9 Antonio, responsable de este \u00faltimo establecimiento, nos explic\u00f3 c\u00f3mo es el famoso cocido de Lal\u00edn, seg\u00fan \u00e9l, el mejor del mundo. Nos cont\u00f3 las difirencias con el maragato, el madrile\u00f1o,\u2026 y cual es el secreto del de Lal\u00edn. Despu\u00e9s de aquello quedamos convencidos de que hay que volver a Lal\u00edn, por el tiempo del cocido. Ah, reservar con tiempo, sobre todo si es en fin de semana.<\/p>\n\n\n\n<figure class=\"wp-block-gallery aligncenter columns-3 is-cropped wp-block-gallery-4 is-layout-flex wp-block-gallery-is-layout-flex\"><ul class=\"blocks-gallery-grid\"><li class=\"blocks-gallery-item\"><figure><img loading=\"lazy\" decoding=\"async\" width=\"1024\" height=\"577\" src=\"https:\/\/retoelajorge.es\/wp-content\/uploads\/2020\/02\/44_10-1024x577.jpg\" alt=\"\" data-id=\"765\" data-full-url=\"https:\/\/retoelajorge.es\/wp-content\/uploads\/2020\/02\/44_10.jpg\" data-link=\"https:\/\/retoelajorge.es\/?attachment_id=765\" class=\"wp-image-765\" srcset=\"https:\/\/retoelajorge.es\/wp-content\/uploads\/2020\/02\/44_10-1024x577.jpg 1024w, https:\/\/retoelajorge.es\/wp-content\/uploads\/2020\/02\/44_10-300x169.jpg 300w, https:\/\/retoelajorge.es\/wp-content\/uploads\/2020\/02\/44_10-768x432.jpg 768w, https:\/\/retoelajorge.es\/wp-content\/uploads\/2020\/02\/44_10-1536x865.jpg 1536w, https:\/\/retoelajorge.es\/wp-content\/uploads\/2020\/02\/44_10-800x450.jpg 800w, https:\/\/retoelajorge.es\/wp-content\/uploads\/2020\/02\/44_10.jpg 1600w\" sizes=\"auto, (max-width: 1024px) 100vw, 1024px\" \/><\/figure><\/li><li class=\"blocks-gallery-item\"><figure><img loading=\"lazy\" decoding=\"async\" width=\"1024\" height=\"768\" src=\"https:\/\/retoelajorge.es\/wp-content\/uploads\/2020\/02\/44_11-1024x768.jpg\" alt=\"\" data-id=\"766\" data-full-url=\"https:\/\/retoelajorge.es\/wp-content\/uploads\/2020\/02\/44_11.jpg\" data-link=\"https:\/\/retoelajorge.es\/?attachment_id=766\" class=\"wp-image-766\" srcset=\"https:\/\/retoelajorge.es\/wp-content\/uploads\/2020\/02\/44_11-1024x768.jpg 1024w, https:\/\/retoelajorge.es\/wp-content\/uploads\/2020\/02\/44_11-300x225.jpg 300w, https:\/\/retoelajorge.es\/wp-content\/uploads\/2020\/02\/44_11-768x576.jpg 768w, https:\/\/retoelajorge.es\/wp-content\/uploads\/2020\/02\/44_11-1536x1152.jpg 1536w, https:\/\/retoelajorge.es\/wp-content\/uploads\/2020\/02\/44_11.jpg 1600w\" sizes=\"auto, (max-width: 1024px) 100vw, 1024px\" \/><\/figure><\/li><li class=\"blocks-gallery-item\"><figure><img loading=\"lazy\" decoding=\"async\" width=\"1024\" height=\"768\" src=\"https:\/\/retoelajorge.es\/wp-content\/uploads\/2020\/02\/44_12-1024x768.jpg\" alt=\"\" data-id=\"767\" data-full-url=\"https:\/\/retoelajorge.es\/wp-content\/uploads\/2020\/02\/44_12.jpg\" data-link=\"https:\/\/retoelajorge.es\/?attachment_id=767\" class=\"wp-image-767\" srcset=\"https:\/\/retoelajorge.es\/wp-content\/uploads\/2020\/02\/44_12-1024x768.jpg 1024w, https:\/\/retoelajorge.es\/wp-content\/uploads\/2020\/02\/44_12-300x225.jpg 300w, https:\/\/retoelajorge.es\/wp-content\/uploads\/2020\/02\/44_12-768x576.jpg 768w, https:\/\/retoelajorge.es\/wp-content\/uploads\/2020\/02\/44_12-1536x1152.jpg 1536w, https:\/\/retoelajorge.es\/wp-content\/uploads\/2020\/02\/44_12.jpg 1600w\" sizes=\"auto, (max-width: 1024px) 100vw, 1024px\" \/><\/figure><\/li><\/ul><\/figure>\n\n\n\n<p>Gracias a todos ellos por su aportaciones y colaboraci\u00f3n al reto, y al ayuntamiento de Lal\u00edn que tambi\u00e9n puso sus medios a nuestra disposici\u00f3n, si bien finalmente no los usamos. Gracias Lal\u00edn.<\/p>\n\n\n\n<p>Hoy se ha incorporado Pedro, marido de Rosa, al equipo de apoyo. Son muchas las cuestiones que hay que resolver en estos \u00faltimos d\u00edas. Todos hablamos de la organizaci\u00f3n del \u00faltimo d\u00eda, la salida muy temprano, la llegada para las 12:30 a Santiago. Desayunar a las 7:00, preparar las maletas,\u2026 etc. Ya sabemos que la familia de Jorge esta en Santiago: su mujer y su hija, sus padres, cu\u00f1ados\/as, sobrinos\/as, primos, etc.. llegan para apoyarlo en la llegada a la Plaza del Obradoiro, y abrazarlo al terminar el reto. 16 d\u00edas y no hemos tenido contratiempos graves, por eso es m\u00e1s importante preparar el \u00faltimo d\u00eda.<\/p>\n\n\n\n<p>Jorge est\u00e1 a punto de cumplir el compromiso que ha adquirido con tantas personas, empresas, instituciones, etc\u2026 a los que fue a buscar ayuda y apoyo para hacer este reto. Jorge adquiri\u00f3 una gran responsabilidad con todos\/as ellos\/as y est\u00e1 a punto de liberarse de ella. Esta tensi\u00f3n s\u00ed la vivimos, pero como acicate, y con ganas de que llegara el d\u00eda. Empiezan a venirnos recuerdos de estos 16 d\u00edas en los que hemos conocido personas, ciudades y pueblos que nos han ayudado, apoyado y aportado medios y recursos (unos, alojamientos, otros, comidas, donativos, y cada uno\/a seg\u00fan pudo o estim\u00f3 conveniente). Tambi\u00e9n agradecer el recibimiento de las instituciones a trav\u00e9s de sus representantes: alcaldes\/alcaldesas, concejales\/as, as\u00ed como tambi\u00e9n de asociaciones. Gracias a todos. Os llevamos en nuestro coraz\u00f3n y en nuestro recuerdo de lo f\u00e1cil que nos hab\u00e9is hecho el reto al pasar por vuestros pueblos y ciudades.<br>Hab\u00e9is tenido la fortuna de conocer a Jorge Abarca Hern\u00e1ndez. Un h\u00e9roe de nuestro tiempo, que con la enfermedad de la ELA en su cuerpo, que no en su esp\u00edritu ni en su mente, se ha cruzado Espa\u00f1a pedaleando para que la ELA no se olvide, para que se investigue y se consiga una curaci\u00f3n de los enfermos\/as, para evitar el drama que ya han sufrido tantas familias que han perdido alg\u00fan ser querido\/a, y para que futuros enfermos\/as visualicen una esperanza y no una condena. \u00bfC\u00f3mo agradecerte a ti, Jorge, este sacrificio que haces pidiendo donativos para cederlos a grupos investigadores? \u00bfC\u00f3mo agradecerte el esfuerzo econ\u00f3mico que realizas t\u00fa y tu equipo, al que muchos ayuntamientos e instituciones han colaborado como reflejamos antes?. Este privilegio de estar contigo d\u00eda a d\u00eda y con los miembros de tu equipo, lo has extendido a todas las personas que te han seguido por facebook y por la web. Todo ello ser\u00e1 memoria de que un granadino, como un don Quijote, se fue por Espa\u00f1a luchando contra la ELA, explicando qu\u00e9 es, reclamando atenci\u00f3n a los medios de comunicaci\u00f3n sobre ella, reclamando donativos.<\/p>\n\n\n\n<p>Ah!, Jorge no quiere ser famoso, ni ser un personaje p\u00fablico, ni ejemplo para nada ni nadie, es mucho mas sencillo, lucha por que la ELA deje de ser un drama en tantas familias de enfermos de esta cruel enfermedad. Eso es lo que lo mueve y lo que quiere, eso es uno de los motivos de este reto. Grande Jorge, grande familia; estamos a punto de conseguirlo.<\/p>\n","protected":false},"excerpt":{"rendered":"<p>Decir aqu\u00ed, en Galicia que una etapa es f\u00e1cil, es una quimera. Preguntarle a un gallego por c\u00f3mo son las carreteras o caminos es un error, para ellos casi todo es \u201cpara abajo\u201d, y&#8230;<\/p>\n","protected":false},"author":1,"featured_media":754,"comment_status":"open","ping_status":"open","sticky":false,"template":"","format":"standard","meta":{"footnotes":""},"categories":[39],"tags":[45,43],"class_list":["post-753","post","type-post","status-publish","format-standard","has-post-thumbnail","hentry","category-retos","tag-camino-de-santiago","tag-ela"],"yoast_head":"<!-- This site is optimized with the Yoast SEO plugin v26.7 - https:\/\/yoast.com\/wordpress\/plugins\/seo\/ -->\n<title>D\u00eda diecis\u00e9is: Ourense - Lal\u00edn - Mis retos por la ELA<\/title>\n<meta name=\"robots\" content=\"index, follow, max-snippet:-1, max-image-preview:large, max-video-preview:-1\" \/>\n<link rel=\"canonical\" href=\"https:\/\/retoelajorge.es\/index.php\/2015\/09\/11\/dia-dieciseis-ourense-lalin\/\" \/>\n<meta property=\"og:locale\" content=\"es_ES\" \/>\n<meta property=\"og:type\" content=\"article\" \/>\n<meta property=\"og:title\" content=\"D\u00eda diecis\u00e9is: Ourense - Lal\u00edn - Mis retos por la ELA\" \/>\n<meta property=\"og:description\" content=\"Decir aqu\u00ed, en Galicia que una etapa es f\u00e1cil, es una quimera. Preguntarle a un gallego por c\u00f3mo son las carreteras o caminos es un error, para ellos casi todo es \u201cpara abajo\u201d, y...\" \/>\n<meta property=\"og:url\" content=\"https:\/\/retoelajorge.es\/index.php\/2015\/09\/11\/dia-dieciseis-ourense-lalin\/\" \/>\n<meta property=\"og:site_name\" content=\"Mis retos por la ELA\" \/>\n<meta property=\"article:published_time\" content=\"2015-09-11T21:50:40+00:00\" \/>\n<meta property=\"article:modified_time\" content=\"2020-02-12T10:06:27+00:00\" \/>\n<meta property=\"og:image\" content=\"https:\/\/retoelajorge.es\/wp-content\/uploads\/2020\/02\/44_1.jpg\" \/>\n\t<meta property=\"og:image:width\" content=\"1200\" \/>\n\t<meta property=\"og:image:height\" content=\"1600\" \/>\n\t<meta property=\"og:image:type\" content=\"image\/jpeg\" \/>\n<meta name=\"author\" content=\"retoelajorge\" \/>\n<meta name=\"twitter:card\" content=\"summary_large_image\" \/>\n<meta name=\"twitter:label1\" content=\"Escrito por\" \/>\n\t<meta name=\"twitter:data1\" content=\"retoelajorge\" \/>\n\t<meta name=\"twitter:label2\" content=\"Tiempo de lectura\" \/>\n\t<meta name=\"twitter:data2\" content=\"4 minutos\" \/>\n<script type=\"application\/ld+json\" class=\"yoast-schema-graph\">{\"@context\":\"https:\/\/schema.org\",\"@graph\":[{\"@type\":\"Article\",\"@id\":\"https:\/\/retoelajorge.es\/index.php\/2015\/09\/11\/dia-dieciseis-ourense-lalin\/#article\",\"isPartOf\":{\"@id\":\"https:\/\/retoelajorge.es\/index.php\/2015\/09\/11\/dia-dieciseis-ourense-lalin\/\"},\"author\":{\"name\":\"retoelajorge\",\"@id\":\"https:\/\/retoelajorge.es\/#\/schema\/person\/0e209413f2de4fe381eda14e12288b7d\"},\"headline\":\"D\u00eda diecis\u00e9is: Ourense &#8211; Lal\u00edn\",\"datePublished\":\"2015-09-11T21:50:40+00:00\",\"dateModified\":\"2020-02-12T10:06:27+00:00\",\"mainEntityOfPage\":{\"@id\":\"https:\/\/retoelajorge.es\/index.php\/2015\/09\/11\/dia-dieciseis-ourense-lalin\/\"},\"wordCount\":894,\"commentCount\":0,\"publisher\":{\"@id\":\"https:\/\/retoelajorge.es\/#organization\"},\"image\":{\"@id\":\"https:\/\/retoelajorge.es\/index.php\/2015\/09\/11\/dia-dieciseis-ourense-lalin\/#primaryimage\"},\"thumbnailUrl\":\"https:\/\/retoelajorge.es\/wp-content\/uploads\/2020\/02\/44_1.jpg\",\"keywords\":[\"Camino de Santiago\",\"ELA\"],\"articleSection\":[\"Retos\"],\"inLanguage\":\"es\",\"potentialAction\":[{\"@type\":\"CommentAction\",\"name\":\"Comment\",\"target\":[\"https:\/\/retoelajorge.es\/index.php\/2015\/09\/11\/dia-dieciseis-ourense-lalin\/#respond\"]}]},{\"@type\":\"WebPage\",\"@id\":\"https:\/\/retoelajorge.es\/index.php\/2015\/09\/11\/dia-dieciseis-ourense-lalin\/\",\"url\":\"https:\/\/retoelajorge.es\/index.php\/2015\/09\/11\/dia-dieciseis-ourense-lalin\/\",\"name\":\"D\u00eda diecis\u00e9is: Ourense - Lal\u00edn - Mis retos por la ELA\",\"isPartOf\":{\"@id\":\"https:\/\/retoelajorge.es\/#website\"},\"primaryImageOfPage\":{\"@id\":\"https:\/\/retoelajorge.es\/index.php\/2015\/09\/11\/dia-dieciseis-ourense-lalin\/#primaryimage\"},\"image\":{\"@id\":\"https:\/\/retoelajorge.es\/index.php\/2015\/09\/11\/dia-dieciseis-ourense-lalin\/#primaryimage\"},\"thumbnailUrl\":\"https:\/\/retoelajorge.es\/wp-content\/uploads\/2020\/02\/44_1.jpg\",\"datePublished\":\"2015-09-11T21:50:40+00:00\",\"dateModified\":\"2020-02-12T10:06:27+00:00\",\"breadcrumb\":{\"@id\":\"https:\/\/retoelajorge.es\/index.php\/2015\/09\/11\/dia-dieciseis-ourense-lalin\/#breadcrumb\"},\"inLanguage\":\"es\",\"potentialAction\":[{\"@type\":\"ReadAction\",\"target\":[\"https:\/\/retoelajorge.es\/index.php\/2015\/09\/11\/dia-dieciseis-ourense-lalin\/\"]}]},{\"@type\":\"ImageObject\",\"inLanguage\":\"es\",\"@id\":\"https:\/\/retoelajorge.es\/index.php\/2015\/09\/11\/dia-dieciseis-ourense-lalin\/#primaryimage\",\"url\":\"https:\/\/retoelajorge.es\/wp-content\/uploads\/2020\/02\/44_1.jpg\",\"contentUrl\":\"https:\/\/retoelajorge.es\/wp-content\/uploads\/2020\/02\/44_1.jpg\",\"width\":1200,\"height\":1600},{\"@type\":\"BreadcrumbList\",\"@id\":\"https:\/\/retoelajorge.es\/index.php\/2015\/09\/11\/dia-dieciseis-ourense-lalin\/#breadcrumb\",\"itemListElement\":[{\"@type\":\"ListItem\",\"position\":1,\"name\":\"Portada\",\"item\":\"https:\/\/retoelajorge.es\/\"},{\"@type\":\"ListItem\",\"position\":2,\"name\":\"D\u00eda diecis\u00e9is: Ourense &#8211; Lal\u00edn\"}]},{\"@type\":\"WebSite\",\"@id\":\"https:\/\/retoelajorge.es\/#website\",\"url\":\"https:\/\/retoelajorge.es\/\",\"name\":\"Mis retos por la ELA\",\"description\":\"Blog de un afectado de ELA\",\"publisher\":{\"@id\":\"https:\/\/retoelajorge.es\/#organization\"},\"potentialAction\":[{\"@type\":\"SearchAction\",\"target\":{\"@type\":\"EntryPoint\",\"urlTemplate\":\"https:\/\/retoelajorge.es\/?s={search_term_string}\"},\"query-input\":{\"@type\":\"PropertyValueSpecification\",\"valueRequired\":true,\"valueName\":\"search_term_string\"}}],\"inLanguage\":\"es\"},{\"@type\":\"Organization\",\"@id\":\"https:\/\/retoelajorge.es\/#organization\",\"name\":\"Mis retos por la ELA\",\"url\":\"https:\/\/retoelajorge.es\/\",\"logo\":{\"@type\":\"ImageObject\",\"inLanguage\":\"es\",\"@id\":\"https:\/\/retoelajorge.es\/#\/schema\/logo\/image\/\",\"url\":\"https:\/\/retoelajorge.es\/wp-content\/uploads\/2020\/02\/Jorge-scaled-e1583395872979.jpg\",\"contentUrl\":\"https:\/\/retoelajorge.es\/wp-content\/uploads\/2020\/02\/Jorge-scaled-e1583395872979.jpg\",\"width\":1900,\"height\":1045,\"caption\":\"Mis retos por la ELA\"},\"image\":{\"@id\":\"https:\/\/retoelajorge.es\/#\/schema\/logo\/image\/\"}},{\"@type\":\"Person\",\"@id\":\"https:\/\/retoelajorge.es\/#\/schema\/person\/0e209413f2de4fe381eda14e12288b7d\",\"name\":\"retoelajorge\",\"image\":{\"@type\":\"ImageObject\",\"inLanguage\":\"es\",\"@id\":\"https:\/\/retoelajorge.es\/#\/schema\/person\/image\/\",\"url\":\"https:\/\/secure.gravatar.com\/avatar\/bdd30a868985f69f97d362fc89c201f7860ec568aa2b42cb67e1ab7857b91971?s=96&d=mm&r=g\",\"contentUrl\":\"https:\/\/secure.gravatar.com\/avatar\/bdd30a868985f69f97d362fc89c201f7860ec568aa2b42cb67e1ab7857b91971?s=96&d=mm&r=g\",\"caption\":\"retoelajorge\"},\"url\":\"https:\/\/retoelajorge.es\/index.php\/author\/admin\/\"}]}<\/script>\n<!-- \/ Yoast SEO plugin. -->","yoast_head_json":{"title":"D\u00eda diecis\u00e9is: Ourense - Lal\u00edn - Mis retos por la ELA","robots":{"index":"index","follow":"follow","max-snippet":"max-snippet:-1","max-image-preview":"max-image-preview:large","max-video-preview":"max-video-preview:-1"},"canonical":"https:\/\/retoelajorge.es\/index.php\/2015\/09\/11\/dia-dieciseis-ourense-lalin\/","og_locale":"es_ES","og_type":"article","og_title":"D\u00eda diecis\u00e9is: Ourense - Lal\u00edn - Mis retos por la ELA","og_description":"Decir aqu\u00ed, en Galicia que una etapa es f\u00e1cil, es una quimera. Preguntarle a un gallego por c\u00f3mo son las carreteras o caminos es un error, para ellos casi todo es \u201cpara abajo\u201d, y...","og_url":"https:\/\/retoelajorge.es\/index.php\/2015\/09\/11\/dia-dieciseis-ourense-lalin\/","og_site_name":"Mis retos por la ELA","article_published_time":"2015-09-11T21:50:40+00:00","article_modified_time":"2020-02-12T10:06:27+00:00","og_image":[{"width":1200,"height":1600,"url":"https:\/\/retoelajorge.es\/wp-content\/uploads\/2020\/02\/44_1.jpg","type":"image\/jpeg"}],"author":"retoelajorge","twitter_card":"summary_large_image","twitter_misc":{"Escrito por":"retoelajorge","Tiempo de lectura":"4 minutos"},"schema":{"@context":"https:\/\/schema.org","@graph":[{"@type":"Article","@id":"https:\/\/retoelajorge.es\/index.php\/2015\/09\/11\/dia-dieciseis-ourense-lalin\/#article","isPartOf":{"@id":"https:\/\/retoelajorge.es\/index.php\/2015\/09\/11\/dia-dieciseis-ourense-lalin\/"},"author":{"name":"retoelajorge","@id":"https:\/\/retoelajorge.es\/#\/schema\/person\/0e209413f2de4fe381eda14e12288b7d"},"headline":"D\u00eda diecis\u00e9is: Ourense &#8211; Lal\u00edn","datePublished":"2015-09-11T21:50:40+00:00","dateModified":"2020-02-12T10:06:27+00:00","mainEntityOfPage":{"@id":"https:\/\/retoelajorge.es\/index.php\/2015\/09\/11\/dia-dieciseis-ourense-lalin\/"},"wordCount":894,"commentCount":0,"publisher":{"@id":"https:\/\/retoelajorge.es\/#organization"},"image":{"@id":"https:\/\/retoelajorge.es\/index.php\/2015\/09\/11\/dia-dieciseis-ourense-lalin\/#primaryimage"},"thumbnailUrl":"https:\/\/retoelajorge.es\/wp-content\/uploads\/2020\/02\/44_1.jpg","keywords":["Camino de Santiago","ELA"],"articleSection":["Retos"],"inLanguage":"es","potentialAction":[{"@type":"CommentAction","name":"Comment","target":["https:\/\/retoelajorge.es\/index.php\/2015\/09\/11\/dia-dieciseis-ourense-lalin\/#respond"]}]},{"@type":"WebPage","@id":"https:\/\/retoelajorge.es\/index.php\/2015\/09\/11\/dia-dieciseis-ourense-lalin\/","url":"https:\/\/retoelajorge.es\/index.php\/2015\/09\/11\/dia-dieciseis-ourense-lalin\/","name":"D\u00eda diecis\u00e9is: Ourense - Lal\u00edn - Mis retos por la ELA","isPartOf":{"@id":"https:\/\/retoelajorge.es\/#website"},"primaryImageOfPage":{"@id":"https:\/\/retoelajorge.es\/index.php\/2015\/09\/11\/dia-dieciseis-ourense-lalin\/#primaryimage"},"image":{"@id":"https:\/\/retoelajorge.es\/index.php\/2015\/09\/11\/dia-dieciseis-ourense-lalin\/#primaryimage"},"thumbnailUrl":"https:\/\/retoelajorge.es\/wp-content\/uploads\/2020\/02\/44_1.jpg","datePublished":"2015-09-11T21:50:40+00:00","dateModified":"2020-02-12T10:06:27+00:00","breadcrumb":{"@id":"https:\/\/retoelajorge.es\/index.php\/2015\/09\/11\/dia-dieciseis-ourense-lalin\/#breadcrumb"},"inLanguage":"es","potentialAction":[{"@type":"ReadAction","target":["https:\/\/retoelajorge.es\/index.php\/2015\/09\/11\/dia-dieciseis-ourense-lalin\/"]}]},{"@type":"ImageObject","inLanguage":"es","@id":"https:\/\/retoelajorge.es\/index.php\/2015\/09\/11\/dia-dieciseis-ourense-lalin\/#primaryimage","url":"https:\/\/retoelajorge.es\/wp-content\/uploads\/2020\/02\/44_1.jpg","contentUrl":"https:\/\/retoelajorge.es\/wp-content\/uploads\/2020\/02\/44_1.jpg","width":1200,"height":1600},{"@type":"BreadcrumbList","@id":"https:\/\/retoelajorge.es\/index.php\/2015\/09\/11\/dia-dieciseis-ourense-lalin\/#breadcrumb","itemListElement":[{"@type":"ListItem","position":1,"name":"Portada","item":"https:\/\/retoelajorge.es\/"},{"@type":"ListItem","position":2,"name":"D\u00eda diecis\u00e9is: Ourense &#8211; Lal\u00edn"}]},{"@type":"WebSite","@id":"https:\/\/retoelajorge.es\/#website","url":"https:\/\/retoelajorge.es\/","name":"Mis retos por la ELA","description":"Blog de un afectado de ELA","publisher":{"@id":"https:\/\/retoelajorge.es\/#organization"},"potentialAction":[{"@type":"SearchAction","target":{"@type":"EntryPoint","urlTemplate":"https:\/\/retoelajorge.es\/?s={search_term_string}"},"query-input":{"@type":"PropertyValueSpecification","valueRequired":true,"valueName":"search_term_string"}}],"inLanguage":"es"},{"@type":"Organization","@id":"https:\/\/retoelajorge.es\/#organization","name":"Mis retos por la ELA","url":"https:\/\/retoelajorge.es\/","logo":{"@type":"ImageObject","inLanguage":"es","@id":"https:\/\/retoelajorge.es\/#\/schema\/logo\/image\/","url":"https:\/\/retoelajorge.es\/wp-content\/uploads\/2020\/02\/Jorge-scaled-e1583395872979.jpg","contentUrl":"https:\/\/retoelajorge.es\/wp-content\/uploads\/2020\/02\/Jorge-scaled-e1583395872979.jpg","width":1900,"height":1045,"caption":"Mis retos por la ELA"},"image":{"@id":"https:\/\/retoelajorge.es\/#\/schema\/logo\/image\/"}},{"@type":"Person","@id":"https:\/\/retoelajorge.es\/#\/schema\/person\/0e209413f2de4fe381eda14e12288b7d","name":"retoelajorge","image":{"@type":"ImageObject","inLanguage":"es","@id":"https:\/\/retoelajorge.es\/#\/schema\/person\/image\/","url":"https:\/\/secure.gravatar.com\/avatar\/bdd30a868985f69f97d362fc89c201f7860ec568aa2b42cb67e1ab7857b91971?s=96&d=mm&r=g","contentUrl":"https:\/\/secure.gravatar.com\/avatar\/bdd30a868985f69f97d362fc89c201f7860ec568aa2b42cb67e1ab7857b91971?s=96&d=mm&r=g","caption":"retoelajorge"},"url":"https:\/\/retoelajorge.es\/index.php\/author\/admin\/"}]}},"_links":{"self":[{"href":"https:\/\/retoelajorge.es\/index.php\/wp-json\/wp\/v2\/posts\/753","targetHints":{"allow":["GET"]}}],"collection":[{"href":"https:\/\/retoelajorge.es\/index.php\/wp-json\/wp\/v2\/posts"}],"about":[{"href":"https:\/\/retoelajorge.es\/index.php\/wp-json\/wp\/v2\/types\/post"}],"author":[{"embeddable":true,"href":"https:\/\/retoelajorge.es\/index.php\/wp-json\/wp\/v2\/users\/1"}],"replies":[{"embeddable":true,"href":"https:\/\/retoelajorge.es\/index.php\/wp-json\/wp\/v2\/comments?post=753"}],"version-history":[{"count":3,"href":"https:\/\/retoelajorge.es\/index.php\/wp-json\/wp\/v2\/posts\/753\/revisions"}],"predecessor-version":[{"id":768,"href":"https:\/\/retoelajorge.es\/index.php\/wp-json\/wp\/v2\/posts\/753\/revisions\/768"}],"wp:featuredmedia":[{"embeddable":true,"href":"https:\/\/retoelajorge.es\/index.php\/wp-json\/wp\/v2\/media\/754"}],"wp:attachment":[{"href":"https:\/\/retoelajorge.es\/index.php\/wp-json\/wp\/v2\/media?parent=753"}],"wp:term":[{"taxonomy":"category","embeddable":true,"href":"https:\/\/retoelajorge.es\/index.php\/wp-json\/wp\/v2\/categories?post=753"},{"taxonomy":"post_tag","embeddable":true,"href":"https:\/\/retoelajorge.es\/index.php\/wp-json\/wp\/v2\/tags?post=753"}],"curies":[{"name":"wp","href":"https:\/\/api.w.org\/{rel}","templated":true}]}}