{"id":769,"date":"2015-09-12T21:06:00","date_gmt":"2015-09-12T21:06:00","guid":{"rendered":"http:\/\/retoelajorge.es\/?p=769"},"modified":"2020-02-12T10:53:00","modified_gmt":"2020-02-12T10:53:00","slug":"dia-diecisiete-lalin-santiago-de-compostela","status":"publish","type":"post","link":"https:\/\/retoelajorge.es\/index.php\/2015\/09\/12\/dia-diecisiete-lalin-santiago-de-compostela\/","title":{"rendered":"D\u00eda diecisiete: Lal\u00edn &#8211; Santiago de Compostela"},"content":{"rendered":"\n<p>El desayuno a las 7 de la ma\u00f1ana, la salida lo m\u00e1s r\u00e1pido posible, las maletas preparadas para cargarlas en la furgoneta. Nada puede fallar. All\u00ed est\u00e1bamos todos\/as preparados\/as. Repetimos la grabaci\u00f3n de despedida, pues la que hicimos por la noche no se grab\u00f3. Cuando se cerr\u00f3 la grabaci\u00f3n, nos dimos cuenta que Ana, no hab\u00eda grabado. Una nueva con ella sola.<\/p>\n\n\n\n<p>Salimos sin prepararnos para la lluvia, que a los 15-20&#8242; de salir nos empez\u00f3 a caer, y por momentos con m\u00e1s intensidad de la deseable. Esto hizo que nos empap\u00e1ramos todos. Al paso de la furgoneta nos cogimos las prendas para lluvia, que algo nos protegi\u00f3. A la hora se aclar\u00f3 el d\u00eda y empez\u00f3 a sobrarnos todo. Esta etapa tambi\u00e9n era \u201cpara abajo\u201d, con un repecho de los buenos a poco mas de mitad, pero que una vez superado nos dejaba a menos de 20 km de Santiago. \u00cdbamos tan motivados que ten\u00edamos un margen de 1h30&#8242; de tiempo. Antes de llegar se nos uni\u00f3 un grupo de ciclistas gallegos de AGAELA, entre los que ven\u00eda Cintya, hija de V\u00edctor y de Tita. Paramos en las afueras para tomar un caf\u00e9 y aprovechamos para quitarnos algunas prendas mojadas y secar lo posible el calzado.<\/p>\n\n\n\n<div class=\"wp-block-image\"><figure class=\"aligncenter size-large\"><img loading=\"lazy\" decoding=\"async\" width=\"1024\" height=\"768\" src=\"https:\/\/retoelajorge.es\/wp-content\/uploads\/2020\/02\/45_3-1024x768.jpg\" alt=\"\" class=\"wp-image-771\" srcset=\"https:\/\/retoelajorge.es\/wp-content\/uploads\/2020\/02\/45_3-1024x768.jpg 1024w, https:\/\/retoelajorge.es\/wp-content\/uploads\/2020\/02\/45_3-300x225.jpg 300w, https:\/\/retoelajorge.es\/wp-content\/uploads\/2020\/02\/45_3-768x576.jpg 768w, https:\/\/retoelajorge.es\/wp-content\/uploads\/2020\/02\/45_3-1536x1152.jpg 1536w, https:\/\/retoelajorge.es\/wp-content\/uploads\/2020\/02\/45_3.jpg 1600w\" sizes=\"auto, (max-width: 1024px) 100vw, 1024px\" \/><figcaption>Recuperando fuerzas con los amigos gallegos<\/figcaption><\/figure><\/div>\n\n\n\n<p>De all\u00ed salimos a hacer los \u00faltimos kil\u00f3metros, ya realmente pocos, pero emocionantes. Enseguida, entramos en Santiago.<\/p>\n\n\n\n<figure class=\"wp-block-gallery columns-2 is-cropped wp-block-gallery-1 is-layout-flex wp-block-gallery-is-layout-flex\"><ul class=\"blocks-gallery-grid\"><li class=\"blocks-gallery-item\"><figure><img loading=\"lazy\" decoding=\"async\" width=\"1024\" height=\"576\" src=\"https:\/\/retoelajorge.es\/wp-content\/uploads\/2020\/02\/45_1-1024x576.jpg\" alt=\"\" data-id=\"772\" data-full-url=\"https:\/\/retoelajorge.es\/wp-content\/uploads\/2020\/02\/45_1.jpg\" data-link=\"https:\/\/retoelajorge.es\/?attachment_id=772\" class=\"wp-image-772\" srcset=\"https:\/\/retoelajorge.es\/wp-content\/uploads\/2020\/02\/45_1-1024x576.jpg 1024w, https:\/\/retoelajorge.es\/wp-content\/uploads\/2020\/02\/45_1-300x169.jpg 300w, https:\/\/retoelajorge.es\/wp-content\/uploads\/2020\/02\/45_1-768x432.jpg 768w, https:\/\/retoelajorge.es\/wp-content\/uploads\/2020\/02\/45_1-1536x864.jpg 1536w, https:\/\/retoelajorge.es\/wp-content\/uploads\/2020\/02\/45_1-800x450.jpg 800w, https:\/\/retoelajorge.es\/wp-content\/uploads\/2020\/02\/45_1.jpg 1600w\" sizes=\"auto, (max-width: 1024px) 100vw, 1024px\" \/><\/figure><\/li><li class=\"blocks-gallery-item\"><figure><img loading=\"lazy\" decoding=\"async\" width=\"1024\" height=\"768\" src=\"https:\/\/retoelajorge.es\/wp-content\/uploads\/2020\/02\/45_2-1024x768.jpg\" alt=\"\" data-id=\"773\" data-full-url=\"https:\/\/retoelajorge.es\/wp-content\/uploads\/2020\/02\/45_2.jpg\" data-link=\"https:\/\/retoelajorge.es\/?attachment_id=773\" class=\"wp-image-773\" srcset=\"https:\/\/retoelajorge.es\/wp-content\/uploads\/2020\/02\/45_2-1024x768.jpg 1024w, https:\/\/retoelajorge.es\/wp-content\/uploads\/2020\/02\/45_2-300x225.jpg 300w, https:\/\/retoelajorge.es\/wp-content\/uploads\/2020\/02\/45_2-768x576.jpg 768w, https:\/\/retoelajorge.es\/wp-content\/uploads\/2020\/02\/45_2-1536x1152.jpg 1536w, https:\/\/retoelajorge.es\/wp-content\/uploads\/2020\/02\/45_2.jpg 1600w\" sizes=\"auto, (max-width: 1024px) 100vw, 1024px\" \/><\/figure><\/li><\/ul><\/figure>\n\n\n\n<p>Pasamos por la plaza de Galicia donde familia y amigos de Jorge con las camisetas naranja de \u201cFelicidades Jorge\u201d, \u201cReto conseguido\u201d, nos esperaban. Abrazos, besos y muchas l\u00e1grimas despu\u00e9s de 17 d\u00edas sin estar con los padres, mujeres, hijos\/as, primos, amigos\/as\u2026.. Tambi\u00e9n estaba Tita, la mujer de V\u00edctor Loira, nuestro amigo estos \u00faltimos 4 d\u00edas que tambi\u00e9n padece ELA. Fue la primera bienvenida, la familiar, quedaba entrar en la plaza del Obradoiro, donde estaba la llegada oficial. <\/p>\n\n\n\n<figure class=\"wp-block-gallery aligncenter columns-2 is-cropped wp-block-gallery-2 is-layout-flex wp-block-gallery-is-layout-flex\"><ul class=\"blocks-gallery-grid\"><li class=\"blocks-gallery-item\"><figure><img loading=\"lazy\" decoding=\"async\" width=\"1024\" height=\"768\" src=\"https:\/\/retoelajorge.es\/wp-content\/uploads\/2020\/02\/45_4-1024x768.jpg\" alt=\"\" data-id=\"774\" data-full-url=\"https:\/\/retoelajorge.es\/wp-content\/uploads\/2020\/02\/45_4.jpg\" data-link=\"https:\/\/retoelajorge.es\/?attachment_id=774\" class=\"wp-image-774\" srcset=\"https:\/\/retoelajorge.es\/wp-content\/uploads\/2020\/02\/45_4-1024x768.jpg 1024w, https:\/\/retoelajorge.es\/wp-content\/uploads\/2020\/02\/45_4-300x225.jpg 300w, https:\/\/retoelajorge.es\/wp-content\/uploads\/2020\/02\/45_4-768x576.jpg 768w, https:\/\/retoelajorge.es\/wp-content\/uploads\/2020\/02\/45_4.jpg 1280w\" sizes=\"auto, (max-width: 1024px) 100vw, 1024px\" \/><\/figure><\/li><li class=\"blocks-gallery-item\"><figure><img loading=\"lazy\" decoding=\"async\" width=\"1024\" height=\"768\" src=\"https:\/\/retoelajorge.es\/wp-content\/uploads\/2020\/02\/45_5-1024x768.jpg\" alt=\"\" data-id=\"775\" data-full-url=\"https:\/\/retoelajorge.es\/wp-content\/uploads\/2020\/02\/45_5.jpg\" data-link=\"https:\/\/retoelajorge.es\/?attachment_id=775\" class=\"wp-image-775\" srcset=\"https:\/\/retoelajorge.es\/wp-content\/uploads\/2020\/02\/45_5-1024x768.jpg 1024w, https:\/\/retoelajorge.es\/wp-content\/uploads\/2020\/02\/45_5-300x225.jpg 300w, https:\/\/retoelajorge.es\/wp-content\/uploads\/2020\/02\/45_5-768x576.jpg 768w, https:\/\/retoelajorge.es\/wp-content\/uploads\/2020\/02\/45_5.jpg 1280w\" sizes=\"auto, (max-width: 1024px) 100vw, 1024px\" \/><\/figure><\/li><\/ul><\/figure>\n\n\n\n<p>Entramos con la bici a pie hasta la misma plaza, y desde la meta hicimos un pasillo con nuestras bicicletas y la gente de AGAELA y de Granada a ambos lados, invitamos a otros ciclistas a participar, y esperamos que el t\u00e1ndem con Miguel \u00c1ngel y Jorge hicieran sus \u00faltimos metros. En el t\u00e1ndem tambi\u00e9n \u00edba Laura, la hija de Jorge y Maribel. Aplausos, gritos de Jorge! Jorge! Y mucha emoci\u00f3n, mucha algarab\u00eda a su alrededor, tal que la plaza, en ese momento atestada de gente, estaba pendiente de lo que ocurr\u00eda donde est\u00e1bamos. De eso se trataba, de llamar la atenci\u00f3n sobre un reto que finalizaba despu\u00e9s de 17 d\u00edas, algo grande y magn\u00edfico que Jorge Abarca hab\u00eda podido cumplir. La liberaci\u00f3n para todos fue inmensa, hab\u00edamos hecho el camino desde Granada a Santiago de Compostela sin contratiempos. <\/p>\n\n\n\n<figure class=\"wp-block-gallery aligncenter columns-3 is-cropped wp-block-gallery-3 is-layout-flex wp-block-gallery-is-layout-flex\"><ul class=\"blocks-gallery-grid\"><li class=\"blocks-gallery-item\"><figure><img loading=\"lazy\" decoding=\"async\" width=\"1024\" height=\"768\" src=\"https:\/\/retoelajorge.es\/wp-content\/uploads\/2020\/02\/45_6-1-1024x768.jpg\" alt=\"\" data-id=\"776\" data-full-url=\"https:\/\/retoelajorge.es\/wp-content\/uploads\/2020\/02\/45_6-1.jpg\" data-link=\"https:\/\/retoelajorge.es\/?attachment_id=776\" class=\"wp-image-776\" srcset=\"https:\/\/retoelajorge.es\/wp-content\/uploads\/2020\/02\/45_6-1-1024x768.jpg 1024w, https:\/\/retoelajorge.es\/wp-content\/uploads\/2020\/02\/45_6-1-300x225.jpg 300w, https:\/\/retoelajorge.es\/wp-content\/uploads\/2020\/02\/45_6-1-768x576.jpg 768w, https:\/\/retoelajorge.es\/wp-content\/uploads\/2020\/02\/45_6-1-1536x1152.jpg 1536w, https:\/\/retoelajorge.es\/wp-content\/uploads\/2020\/02\/45_6-1.jpg 1600w\" sizes=\"auto, (max-width: 1024px) 100vw, 1024px\" \/><\/figure><\/li><li class=\"blocks-gallery-item\"><figure><img loading=\"lazy\" decoding=\"async\" width=\"1024\" height=\"768\" src=\"https:\/\/retoelajorge.es\/wp-content\/uploads\/2020\/02\/45_7-1024x768.jpg\" alt=\"\" data-id=\"777\" data-full-url=\"https:\/\/retoelajorge.es\/wp-content\/uploads\/2020\/02\/45_7.jpg\" data-link=\"https:\/\/retoelajorge.es\/?attachment_id=777\" class=\"wp-image-777\" srcset=\"https:\/\/retoelajorge.es\/wp-content\/uploads\/2020\/02\/45_7-1024x768.jpg 1024w, https:\/\/retoelajorge.es\/wp-content\/uploads\/2020\/02\/45_7-300x225.jpg 300w, https:\/\/retoelajorge.es\/wp-content\/uploads\/2020\/02\/45_7-768x576.jpg 768w, https:\/\/retoelajorge.es\/wp-content\/uploads\/2020\/02\/45_7-1536x1152.jpg 1536w, https:\/\/retoelajorge.es\/wp-content\/uploads\/2020\/02\/45_7.jpg 1600w\" sizes=\"auto, (max-width: 1024px) 100vw, 1024px\" \/><\/figure><\/li><li class=\"blocks-gallery-item\"><figure><img loading=\"lazy\" decoding=\"async\" width=\"1024\" height=\"614\" src=\"https:\/\/retoelajorge.es\/wp-content\/uploads\/2020\/02\/45_8-1024x614.jpg\" alt=\"\" data-id=\"778\" data-full-url=\"https:\/\/retoelajorge.es\/wp-content\/uploads\/2020\/02\/45_8.jpg\" data-link=\"https:\/\/retoelajorge.es\/?attachment_id=778\" class=\"wp-image-778\" srcset=\"https:\/\/retoelajorge.es\/wp-content\/uploads\/2020\/02\/45_8-1024x614.jpg 1024w, https:\/\/retoelajorge.es\/wp-content\/uploads\/2020\/02\/45_8-300x180.jpg 300w, https:\/\/retoelajorge.es\/wp-content\/uploads\/2020\/02\/45_8-768x461.jpg 768w, https:\/\/retoelajorge.es\/wp-content\/uploads\/2020\/02\/45_8-1536x922.jpg 1536w, https:\/\/retoelajorge.es\/wp-content\/uploads\/2020\/02\/45_8.jpg 1600w\" sizes=\"auto, (max-width: 1024px) 100vw, 1024px\" \/><\/figure><\/li><li class=\"blocks-gallery-item\"><figure><img loading=\"lazy\" decoding=\"async\" width=\"1024\" height=\"768\" src=\"https:\/\/retoelajorge.es\/wp-content\/uploads\/2020\/02\/45_9-1024x768.jpg\" alt=\"\" data-id=\"779\" data-full-url=\"https:\/\/retoelajorge.es\/wp-content\/uploads\/2020\/02\/45_9.jpg\" data-link=\"https:\/\/retoelajorge.es\/?attachment_id=779\" class=\"wp-image-779\" srcset=\"https:\/\/retoelajorge.es\/wp-content\/uploads\/2020\/02\/45_9-1024x768.jpg 1024w, https:\/\/retoelajorge.es\/wp-content\/uploads\/2020\/02\/45_9-300x225.jpg 300w, https:\/\/retoelajorge.es\/wp-content\/uploads\/2020\/02\/45_9-768x576.jpg 768w, https:\/\/retoelajorge.es\/wp-content\/uploads\/2020\/02\/45_9-1536x1152.jpg 1536w, https:\/\/retoelajorge.es\/wp-content\/uploads\/2020\/02\/45_9.jpg 1600w\" sizes=\"auto, (max-width: 1024px) 100vw, 1024px\" \/><\/figure><\/li><\/ul><\/figure>\n\n\n\n<p>Gracias a todos los que en Granada y por el camino nos hab\u00e9is apoyado y ayudado. Recibi\u00f3 al t\u00e1ndem y al equipo Concha Fern\u00e1ndez, Concejala de Pol\u00edticas Sociales, Diversidad y Salud del Ayuntamiento de Santiago, que estuvo muy atenta y cari\u00f1osa con todos\/as. Jorge se percat\u00f3 en seguida de la presencia de Agust\u00edn y Manuel en silla de ruedas y se fu\u00e9 a abrazarlos un buen rato, al igual que a otros enfermos de ELA gallegos, y tambi\u00e9n a Jos\u00e9 Fraga y Paco Vell\u00f3n de AGAELA. Hasta Pedro Mart\u00ednez de la Rosa que se encontraba por all\u00ed con su familia, salud\u00f3 y dio la enhorabuena a Jorge y a miembros del equipo. Prensa y TV entrevistan y fotograf\u00edan a Jorge. Saludos, charlas de unos con otros\/as, fotos, y ya el \u00faltimo acto. Cintya Loira lee un comunicado de  AGAELA, que reproduciremos \u00edntegro. A continuaci\u00f3n lee otro M\u00f3nica Abarca de su familia para Jorge, entonces es cuando ya no puede aguantar m\u00e1s y Jorge se emociona y da rienda suelta a todo lo que ten\u00eda acumulado desde hace tanto tiempo. Qu\u00e9 grande Jorge, que ha sido mucho m\u00e1s fuerte que nosotros.<\/p>\n\n\n\n<p>Y el final, una comida en \u201cA Maria\u201d por la Calle San Clemente, cerca de la Catedral, y una cena de cumplea\u00f1os en \u201cToma pan y moja\u201d casi hasta las 2 de la madrugada.<\/p>\n\n\n\n<figure class=\"wp-block-gallery columns-3 is-cropped wp-block-gallery-4 is-layout-flex wp-block-gallery-is-layout-flex\"><ul class=\"blocks-gallery-grid\"><li class=\"blocks-gallery-item\"><figure><img loading=\"lazy\" decoding=\"async\" width=\"1024\" height=\"768\" src=\"https:\/\/retoelajorge.es\/wp-content\/uploads\/2020\/02\/45_10-1024x768.jpg\" alt=\"\" data-id=\"780\" data-full-url=\"https:\/\/retoelajorge.es\/wp-content\/uploads\/2020\/02\/45_10.jpg\" data-link=\"https:\/\/retoelajorge.es\/?attachment_id=780\" class=\"wp-image-780\" srcset=\"https:\/\/retoelajorge.es\/wp-content\/uploads\/2020\/02\/45_10-1024x768.jpg 1024w, https:\/\/retoelajorge.es\/wp-content\/uploads\/2020\/02\/45_10-300x225.jpg 300w, https:\/\/retoelajorge.es\/wp-content\/uploads\/2020\/02\/45_10-768x576.jpg 768w, https:\/\/retoelajorge.es\/wp-content\/uploads\/2020\/02\/45_10-1536x1152.jpg 1536w, https:\/\/retoelajorge.es\/wp-content\/uploads\/2020\/02\/45_10.jpg 1600w\" sizes=\"auto, (max-width: 1024px) 100vw, 1024px\" \/><\/figure><\/li><li class=\"blocks-gallery-item\"><figure><img loading=\"lazy\" decoding=\"async\" width=\"768\" height=\"1024\" src=\"https:\/\/retoelajorge.es\/wp-content\/uploads\/2020\/02\/45_11-768x1024.jpg\" alt=\"\" data-id=\"781\" data-full-url=\"https:\/\/retoelajorge.es\/wp-content\/uploads\/2020\/02\/45_11.jpg\" data-link=\"https:\/\/retoelajorge.es\/?attachment_id=781\" class=\"wp-image-781\" srcset=\"https:\/\/retoelajorge.es\/wp-content\/uploads\/2020\/02\/45_11-768x1024.jpg 768w, https:\/\/retoelajorge.es\/wp-content\/uploads\/2020\/02\/45_11-225x300.jpg 225w, https:\/\/retoelajorge.es\/wp-content\/uploads\/2020\/02\/45_11-1152x1536.jpg 1152w, https:\/\/retoelajorge.es\/wp-content\/uploads\/2020\/02\/45_11.jpg 1200w\" sizes=\"auto, (max-width: 768px) 100vw, 768px\" \/><\/figure><\/li><li class=\"blocks-gallery-item\"><figure><img loading=\"lazy\" decoding=\"async\" width=\"768\" height=\"1024\" src=\"https:\/\/retoelajorge.es\/wp-content\/uploads\/2020\/02\/45_12-768x1024.jpg\" alt=\"\" data-id=\"782\" data-full-url=\"https:\/\/retoelajorge.es\/wp-content\/uploads\/2020\/02\/45_12.jpg\" data-link=\"https:\/\/retoelajorge.es\/?attachment_id=782\" class=\"wp-image-782\" srcset=\"https:\/\/retoelajorge.es\/wp-content\/uploads\/2020\/02\/45_12-768x1024.jpg 768w, https:\/\/retoelajorge.es\/wp-content\/uploads\/2020\/02\/45_12-225x300.jpg 225w, https:\/\/retoelajorge.es\/wp-content\/uploads\/2020\/02\/45_12-1152x1536.jpg 1152w, https:\/\/retoelajorge.es\/wp-content\/uploads\/2020\/02\/45_12.jpg 1200w\" sizes=\"auto, (max-width: 768px) 100vw, 768px\" \/><\/figure><\/li><li class=\"blocks-gallery-item\"><figure><img loading=\"lazy\" decoding=\"async\" width=\"768\" height=\"1024\" src=\"https:\/\/retoelajorge.es\/wp-content\/uploads\/2020\/02\/45_13-768x1024.jpg\" alt=\"\" data-id=\"783\" data-full-url=\"https:\/\/retoelajorge.es\/wp-content\/uploads\/2020\/02\/45_13.jpg\" data-link=\"https:\/\/retoelajorge.es\/?attachment_id=783\" class=\"wp-image-783\" srcset=\"https:\/\/retoelajorge.es\/wp-content\/uploads\/2020\/02\/45_13-768x1024.jpg 768w, https:\/\/retoelajorge.es\/wp-content\/uploads\/2020\/02\/45_13-225x300.jpg 225w, https:\/\/retoelajorge.es\/wp-content\/uploads\/2020\/02\/45_13-1152x1536.jpg 1152w, https:\/\/retoelajorge.es\/wp-content\/uploads\/2020\/02\/45_13.jpg 1200w\" sizes=\"auto, (max-width: 768px) 100vw, 768px\" \/><\/figure><\/li><\/ul><\/figure>\n\n\n\n<p>El reto de Santiago ha terminado, la lucha contra la ELA sigue. Esperamos seguir contando con vosotros\/as para combatirla, para reclamar m\u00e1s investigaci\u00f3n, y en definitiva, para llegar a encontrar esa luz de esperanza que Jorge y todos los enfermos de ELA y sus familias merecen.<br>Les he pedido a los integrantes del grupo que escriban unas palabras, si pod\u00edan. \u00bfQu\u00e9 podemos escribir de unas vivencias tan especiales, sin que el coraz\u00f3n se nos rompa de emoci\u00f3n? Entendemos que no todos\/as hayan escrito, y solo contemos con unos pocos alegatos finales al reto. Ah\u00ed van:<\/p>\n\n\n\n<blockquote class=\"wp-block-quote is-style-default is-layout-flow wp-block-quote-is-layout-flow\"><p><em>Estos 17 d\u00edas, estas 17 etapas que separaban Granada de Santiago de Compostela han sido inolvidables. D\u00eda a d\u00eda nos has contagiado de tu fortaleza, vitalidad y esp\u00edritu luchador. Admirables son las fuerzas que contagiabas al resto del equipo en todo momento, que de bien seguro no hubiera llegado a Santiago con esa energ\u00eda de no ser por ti Jorge. A pesar de la dificultad de esta empresa te embarcaste sin pensarlo y con un \u00fanico objetivo: concienciar a la sociedad de esta cruel enfermedad y recaudar fondos para su investigaci\u00f3n, y todo a sabiendas de que no era aconsejable para tu estado. Enorme!!Grande!! Inconmensurable Jorge!!!<\/em><br><\/p><cite> David, sobrino de Jorge y acompa\u00f1ante durante todo el reto <\/cite><\/blockquote>\n\n\n\n<blockquote class=\"wp-block-quote is-style-default is-layout-flow wp-block-quote-is-layout-flow\"><p><em>Este \u00faltimo cap\u00edtulo se cierra con un sentimiento agridulce. La parte dulce, la maravillosa experiencia compartida con mi estupendo equipo. El haber alcanzado los objetivos marcados: hacer visible esta enfermedad por cada rinc\u00f3n por donde pasamos y recaudar la cantidad prevista.<br>Esta aventura, adem\u00e1s, nos ha regalado el haber conocido a personas fant\u00e1sticas que se mueven con el coraz\u00f3n y a las que nunca, nunca olvidaremos.<br>La parte agria es que despu\u00e9s de todo lo vivido, la vuelta a la rutina habitual ser\u00e1 durilla, pero seguro que Jorge no tardar\u00e1 en sorprendernos con una nueva aventura, hasta entonces, os echar\u00e9 de menos equipo!!!<\/em><br><\/p><cite>M\u00f3nica, hermana de Jorge<\/cite><\/blockquote>\n\n\n\n<blockquote class=\"wp-block-quote is-style-default is-layout-flow wp-block-quote-is-layout-flow\"><p><em>Antes de empezar el reto, sab\u00eda que no me lo pod\u00eda perder por nada. Sab\u00eda que ir\u00eda a cola todo el tiempo hasta Santiago, y que probar\u00eda vuestra paciencia al esperarme cada d\u00eda; pero por nada quer\u00eda faltar a esta oportunidad de ser part\u00edcipe de algo grande, como ha sido tu reto. El reto de un luchador, de un hombre bueno y generoso. Sab\u00eda que ser\u00eda especial y \u00fanico, como lo ha sido. He recibido tanto de vosotros\/as que estoy en deuda con todos\/as. Como uno mas de tu equipo estar\u00e9 disponible para continuar a tu lado y el de tu familia en todo lo que decidas emprender en el futuro. Poner calificativos a mis sentimientos y mis emociones siempre ser\u00e1 insuficiente para expresarlos. Me hab\u00e9is hecho parte vuestra y yo os hecho parte m\u00eda. Gracias Jorge. Gracias compa\u00f1eros\/as. Vamos!!!.<\/em><br><\/p><cite> Miguel Aguilera, amigo acompa\u00f1ante y redactor durante todos los d\u00edas<\/cite><\/blockquote>\n\n\n\n<blockquote class=\"wp-block-quote is-style-default is-layout-flow wp-block-quote-is-layout-flow\"><p><em>He vuelto a reafirmar que la gente es buena, que el esfuerzo por algo importante deja a un lado las diferencias y se puede conseguir mucho. Me siento bien y me gusta; seguir\u00e9 poniendo ese granito de arena aunque no se note.<\/em><br> <\/p><cite> Chelo, cu\u00f1ada y persona de apoyo l\u00f3gico y sanitario en todo el reto<\/cite><\/blockquote>\n\n\n\n<blockquote class=\"wp-block-quote is-layout-flow wp-block-quote-is-layout-flow\"><p> <em>Ha sido una experiencia inolvidable, tanto por la convivencia con un grupo de personas formidables, en todos los aspectos, como por el objetivo alcanzado. Gracias a todos los que nos hab\u00e9is apoyado y ayudado a llevar a buen t\u00e9rmino este proyecto solidario y, sobre todo, gracias Jorge por ser como eres, \u00a1un t\u00edo mu grande!<\/em> <\/p><cite> Miguel \u00c1ngel, hermano y acompa\u00f1ante durante todo el reto <\/cite><\/blockquote>\n\n\n\n<blockquote class=\"wp-block-quote is-style-default is-layout-flow wp-block-quote-is-layout-flow\"><p><em>Bueno deciros que este mi primer reto, no a sido un \u00e9xito por casualidad si no por el gran equipo que llevaba. Desde aqu\u00ed daros las gracias porque yo s\u00e9 el trabajo que cost\u00f3, separarse de la familia, perder vacaciones, cerrar negocios mas d\u00edas, y como no, el esfuerzo f\u00edsico y econ\u00f3mico. Gracias por estar siempre pendientes de mi, para vestirme, para comer, para todo lo que me hiciera falta. Con este equipo me atrever\u00eda hasta hacer el siguiente Road to \u2026\u2026..GRACIASSSS<\/em><br>(nota del redactor: Jorge quer\u00eda poner nombres, pero es mejor \u201ca todos\/as\u201d, asi no se olvida nadie). <\/p><cite>Jorge Abarca<\/cite><\/blockquote>\n\n\n\n<div class=\"wp-block-image\"><figure class=\"aligncenter size-large\"><img loading=\"lazy\" decoding=\"async\" width=\"1024\" height=\"768\" src=\"https:\/\/retoelajorge.es\/wp-content\/uploads\/2020\/02\/45_14-1024x768.jpg\" alt=\"\" class=\"wp-image-785\" srcset=\"https:\/\/retoelajorge.es\/wp-content\/uploads\/2020\/02\/45_14-1024x768.jpg 1024w, https:\/\/retoelajorge.es\/wp-content\/uploads\/2020\/02\/45_14-300x225.jpg 300w, https:\/\/retoelajorge.es\/wp-content\/uploads\/2020\/02\/45_14-768x576.jpg 768w, https:\/\/retoelajorge.es\/wp-content\/uploads\/2020\/02\/45_14.jpg 1280w\" sizes=\"auto, (max-width: 1024px) 100vw, 1024px\" \/><figcaption>Fin del reto<\/figcaption><\/figure><\/div>\n","protected":false},"excerpt":{"rendered":"<p>El desayuno a las 7 de la ma\u00f1ana, la salida lo m\u00e1s r\u00e1pido posible, las maletas preparadas para cargarlas en la furgoneta. Nada puede fallar. All\u00ed est\u00e1bamos todos\/as preparados\/as. Repetimos la grabaci\u00f3n de despedida,&#8230;<\/p>\n","protected":false},"author":1,"featured_media":770,"comment_status":"open","ping_status":"open","sticky":false,"template":"","format":"standard","meta":{"footnotes":""},"categories":[39],"tags":[45,43],"class_list":["post-769","post","type-post","status-publish","format-standard","has-post-thumbnail","hentry","category-retos","tag-camino-de-santiago","tag-ela"],"yoast_head":"<!-- This site is optimized with the Yoast SEO plugin v26.7 - https:\/\/yoast.com\/wordpress\/plugins\/seo\/ -->\n<title>D\u00eda diecisiete: Lal\u00edn - Santiago de Compostela - Mis retos por la ELA<\/title>\n<meta name=\"robots\" content=\"index, follow, max-snippet:-1, max-image-preview:large, max-video-preview:-1\" \/>\n<link rel=\"canonical\" href=\"https:\/\/retoelajorge.es\/index.php\/2015\/09\/12\/dia-diecisiete-lalin-santiago-de-compostela\/\" \/>\n<meta property=\"og:locale\" content=\"es_ES\" \/>\n<meta property=\"og:type\" content=\"article\" \/>\n<meta property=\"og:title\" content=\"D\u00eda diecisiete: Lal\u00edn - Santiago de Compostela - Mis retos por la ELA\" \/>\n<meta property=\"og:description\" content=\"El desayuno a las 7 de la ma\u00f1ana, la salida lo m\u00e1s r\u00e1pido posible, las maletas preparadas para cargarlas en la furgoneta. Nada puede fallar. All\u00ed est\u00e1bamos todos\/as preparados\/as. Repetimos la grabaci\u00f3n de despedida,...\" \/>\n<meta property=\"og:url\" content=\"https:\/\/retoelajorge.es\/index.php\/2015\/09\/12\/dia-diecisiete-lalin-santiago-de-compostela\/\" \/>\n<meta property=\"og:site_name\" content=\"Mis retos por la ELA\" \/>\n<meta property=\"article:published_time\" content=\"2015-09-12T21:06:00+00:00\" \/>\n<meta property=\"article:modified_time\" content=\"2020-02-12T10:53:00+00:00\" \/>\n<meta property=\"og:image\" content=\"https:\/\/retoelajorge.es\/wp-content\/uploads\/2020\/02\/45_6.jpg\" \/>\n\t<meta property=\"og:image:width\" content=\"1600\" \/>\n\t<meta property=\"og:image:height\" content=\"1200\" \/>\n\t<meta property=\"og:image:type\" content=\"image\/jpeg\" \/>\n<meta name=\"author\" content=\"retoelajorge\" \/>\n<meta name=\"twitter:card\" content=\"summary_large_image\" \/>\n<meta name=\"twitter:label1\" content=\"Escrito por\" \/>\n\t<meta name=\"twitter:data1\" content=\"retoelajorge\" \/>\n\t<meta name=\"twitter:label2\" content=\"Tiempo de lectura\" \/>\n\t<meta name=\"twitter:data2\" content=\"7 minutos\" \/>\n<script type=\"application\/ld+json\" class=\"yoast-schema-graph\">{\"@context\":\"https:\/\/schema.org\",\"@graph\":[{\"@type\":\"Article\",\"@id\":\"https:\/\/retoelajorge.es\/index.php\/2015\/09\/12\/dia-diecisiete-lalin-santiago-de-compostela\/#article\",\"isPartOf\":{\"@id\":\"https:\/\/retoelajorge.es\/index.php\/2015\/09\/12\/dia-diecisiete-lalin-santiago-de-compostela\/\"},\"author\":{\"name\":\"retoelajorge\",\"@id\":\"https:\/\/retoelajorge.es\/#\/schema\/person\/0e209413f2de4fe381eda14e12288b7d\"},\"headline\":\"D\u00eda diecisiete: Lal\u00edn &#8211; Santiago de Compostela\",\"datePublished\":\"2015-09-12T21:06:00+00:00\",\"dateModified\":\"2020-02-12T10:53:00+00:00\",\"mainEntityOfPage\":{\"@id\":\"https:\/\/retoelajorge.es\/index.php\/2015\/09\/12\/dia-diecisiete-lalin-santiago-de-compostela\/\"},\"wordCount\":1474,\"commentCount\":0,\"publisher\":{\"@id\":\"https:\/\/retoelajorge.es\/#organization\"},\"image\":{\"@id\":\"https:\/\/retoelajorge.es\/index.php\/2015\/09\/12\/dia-diecisiete-lalin-santiago-de-compostela\/#primaryimage\"},\"thumbnailUrl\":\"https:\/\/retoelajorge.es\/wp-content\/uploads\/2020\/02\/45_6.jpg\",\"keywords\":[\"Camino de Santiago\",\"ELA\"],\"articleSection\":[\"Retos\"],\"inLanguage\":\"es\",\"potentialAction\":[{\"@type\":\"CommentAction\",\"name\":\"Comment\",\"target\":[\"https:\/\/retoelajorge.es\/index.php\/2015\/09\/12\/dia-diecisiete-lalin-santiago-de-compostela\/#respond\"]}]},{\"@type\":\"WebPage\",\"@id\":\"https:\/\/retoelajorge.es\/index.php\/2015\/09\/12\/dia-diecisiete-lalin-santiago-de-compostela\/\",\"url\":\"https:\/\/retoelajorge.es\/index.php\/2015\/09\/12\/dia-diecisiete-lalin-santiago-de-compostela\/\",\"name\":\"D\u00eda diecisiete: Lal\u00edn - Santiago de Compostela - Mis retos por la ELA\",\"isPartOf\":{\"@id\":\"https:\/\/retoelajorge.es\/#website\"},\"primaryImageOfPage\":{\"@id\":\"https:\/\/retoelajorge.es\/index.php\/2015\/09\/12\/dia-diecisiete-lalin-santiago-de-compostela\/#primaryimage\"},\"image\":{\"@id\":\"https:\/\/retoelajorge.es\/index.php\/2015\/09\/12\/dia-diecisiete-lalin-santiago-de-compostela\/#primaryimage\"},\"thumbnailUrl\":\"https:\/\/retoelajorge.es\/wp-content\/uploads\/2020\/02\/45_6.jpg\",\"datePublished\":\"2015-09-12T21:06:00+00:00\",\"dateModified\":\"2020-02-12T10:53:00+00:00\",\"breadcrumb\":{\"@id\":\"https:\/\/retoelajorge.es\/index.php\/2015\/09\/12\/dia-diecisiete-lalin-santiago-de-compostela\/#breadcrumb\"},\"inLanguage\":\"es\",\"potentialAction\":[{\"@type\":\"ReadAction\",\"target\":[\"https:\/\/retoelajorge.es\/index.php\/2015\/09\/12\/dia-diecisiete-lalin-santiago-de-compostela\/\"]}]},{\"@type\":\"ImageObject\",\"inLanguage\":\"es\",\"@id\":\"https:\/\/retoelajorge.es\/index.php\/2015\/09\/12\/dia-diecisiete-lalin-santiago-de-compostela\/#primaryimage\",\"url\":\"https:\/\/retoelajorge.es\/wp-content\/uploads\/2020\/02\/45_6.jpg\",\"contentUrl\":\"https:\/\/retoelajorge.es\/wp-content\/uploads\/2020\/02\/45_6.jpg\",\"width\":1600,\"height\":1200},{\"@type\":\"BreadcrumbList\",\"@id\":\"https:\/\/retoelajorge.es\/index.php\/2015\/09\/12\/dia-diecisiete-lalin-santiago-de-compostela\/#breadcrumb\",\"itemListElement\":[{\"@type\":\"ListItem\",\"position\":1,\"name\":\"Portada\",\"item\":\"https:\/\/retoelajorge.es\/\"},{\"@type\":\"ListItem\",\"position\":2,\"name\":\"D\u00eda diecisiete: Lal\u00edn &#8211; Santiago de Compostela\"}]},{\"@type\":\"WebSite\",\"@id\":\"https:\/\/retoelajorge.es\/#website\",\"url\":\"https:\/\/retoelajorge.es\/\",\"name\":\"Mis retos por la ELA\",\"description\":\"Blog de un afectado de ELA\",\"publisher\":{\"@id\":\"https:\/\/retoelajorge.es\/#organization\"},\"potentialAction\":[{\"@type\":\"SearchAction\",\"target\":{\"@type\":\"EntryPoint\",\"urlTemplate\":\"https:\/\/retoelajorge.es\/?s={search_term_string}\"},\"query-input\":{\"@type\":\"PropertyValueSpecification\",\"valueRequired\":true,\"valueName\":\"search_term_string\"}}],\"inLanguage\":\"es\"},{\"@type\":\"Organization\",\"@id\":\"https:\/\/retoelajorge.es\/#organization\",\"name\":\"Mis retos por la ELA\",\"url\":\"https:\/\/retoelajorge.es\/\",\"logo\":{\"@type\":\"ImageObject\",\"inLanguage\":\"es\",\"@id\":\"https:\/\/retoelajorge.es\/#\/schema\/logo\/image\/\",\"url\":\"https:\/\/retoelajorge.es\/wp-content\/uploads\/2020\/02\/Jorge-scaled-e1583395872979.jpg\",\"contentUrl\":\"https:\/\/retoelajorge.es\/wp-content\/uploads\/2020\/02\/Jorge-scaled-e1583395872979.jpg\",\"width\":1900,\"height\":1045,\"caption\":\"Mis retos por la ELA\"},\"image\":{\"@id\":\"https:\/\/retoelajorge.es\/#\/schema\/logo\/image\/\"}},{\"@type\":\"Person\",\"@id\":\"https:\/\/retoelajorge.es\/#\/schema\/person\/0e209413f2de4fe381eda14e12288b7d\",\"name\":\"retoelajorge\",\"image\":{\"@type\":\"ImageObject\",\"inLanguage\":\"es\",\"@id\":\"https:\/\/retoelajorge.es\/#\/schema\/person\/image\/\",\"url\":\"https:\/\/secure.gravatar.com\/avatar\/bdd30a868985f69f97d362fc89c201f7860ec568aa2b42cb67e1ab7857b91971?s=96&d=mm&r=g\",\"contentUrl\":\"https:\/\/secure.gravatar.com\/avatar\/bdd30a868985f69f97d362fc89c201f7860ec568aa2b42cb67e1ab7857b91971?s=96&d=mm&r=g\",\"caption\":\"retoelajorge\"},\"url\":\"https:\/\/retoelajorge.es\/index.php\/author\/admin\/\"}]}<\/script>\n<!-- \/ Yoast SEO plugin. -->","yoast_head_json":{"title":"D\u00eda diecisiete: Lal\u00edn - Santiago de Compostela - Mis retos por la ELA","robots":{"index":"index","follow":"follow","max-snippet":"max-snippet:-1","max-image-preview":"max-image-preview:large","max-video-preview":"max-video-preview:-1"},"canonical":"https:\/\/retoelajorge.es\/index.php\/2015\/09\/12\/dia-diecisiete-lalin-santiago-de-compostela\/","og_locale":"es_ES","og_type":"article","og_title":"D\u00eda diecisiete: Lal\u00edn - Santiago de Compostela - Mis retos por la ELA","og_description":"El desayuno a las 7 de la ma\u00f1ana, la salida lo m\u00e1s r\u00e1pido posible, las maletas preparadas para cargarlas en la furgoneta. Nada puede fallar. All\u00ed est\u00e1bamos todos\/as preparados\/as. Repetimos la grabaci\u00f3n de despedida,...","og_url":"https:\/\/retoelajorge.es\/index.php\/2015\/09\/12\/dia-diecisiete-lalin-santiago-de-compostela\/","og_site_name":"Mis retos por la ELA","article_published_time":"2015-09-12T21:06:00+00:00","article_modified_time":"2020-02-12T10:53:00+00:00","og_image":[{"width":1600,"height":1200,"url":"https:\/\/retoelajorge.es\/wp-content\/uploads\/2020\/02\/45_6.jpg","type":"image\/jpeg"}],"author":"retoelajorge","twitter_card":"summary_large_image","twitter_misc":{"Escrito por":"retoelajorge","Tiempo de lectura":"7 minutos"},"schema":{"@context":"https:\/\/schema.org","@graph":[{"@type":"Article","@id":"https:\/\/retoelajorge.es\/index.php\/2015\/09\/12\/dia-diecisiete-lalin-santiago-de-compostela\/#article","isPartOf":{"@id":"https:\/\/retoelajorge.es\/index.php\/2015\/09\/12\/dia-diecisiete-lalin-santiago-de-compostela\/"},"author":{"name":"retoelajorge","@id":"https:\/\/retoelajorge.es\/#\/schema\/person\/0e209413f2de4fe381eda14e12288b7d"},"headline":"D\u00eda diecisiete: Lal\u00edn &#8211; Santiago de Compostela","datePublished":"2015-09-12T21:06:00+00:00","dateModified":"2020-02-12T10:53:00+00:00","mainEntityOfPage":{"@id":"https:\/\/retoelajorge.es\/index.php\/2015\/09\/12\/dia-diecisiete-lalin-santiago-de-compostela\/"},"wordCount":1474,"commentCount":0,"publisher":{"@id":"https:\/\/retoelajorge.es\/#organization"},"image":{"@id":"https:\/\/retoelajorge.es\/index.php\/2015\/09\/12\/dia-diecisiete-lalin-santiago-de-compostela\/#primaryimage"},"thumbnailUrl":"https:\/\/retoelajorge.es\/wp-content\/uploads\/2020\/02\/45_6.jpg","keywords":["Camino de Santiago","ELA"],"articleSection":["Retos"],"inLanguage":"es","potentialAction":[{"@type":"CommentAction","name":"Comment","target":["https:\/\/retoelajorge.es\/index.php\/2015\/09\/12\/dia-diecisiete-lalin-santiago-de-compostela\/#respond"]}]},{"@type":"WebPage","@id":"https:\/\/retoelajorge.es\/index.php\/2015\/09\/12\/dia-diecisiete-lalin-santiago-de-compostela\/","url":"https:\/\/retoelajorge.es\/index.php\/2015\/09\/12\/dia-diecisiete-lalin-santiago-de-compostela\/","name":"D\u00eda diecisiete: Lal\u00edn - Santiago de Compostela - Mis retos por la ELA","isPartOf":{"@id":"https:\/\/retoelajorge.es\/#website"},"primaryImageOfPage":{"@id":"https:\/\/retoelajorge.es\/index.php\/2015\/09\/12\/dia-diecisiete-lalin-santiago-de-compostela\/#primaryimage"},"image":{"@id":"https:\/\/retoelajorge.es\/index.php\/2015\/09\/12\/dia-diecisiete-lalin-santiago-de-compostela\/#primaryimage"},"thumbnailUrl":"https:\/\/retoelajorge.es\/wp-content\/uploads\/2020\/02\/45_6.jpg","datePublished":"2015-09-12T21:06:00+00:00","dateModified":"2020-02-12T10:53:00+00:00","breadcrumb":{"@id":"https:\/\/retoelajorge.es\/index.php\/2015\/09\/12\/dia-diecisiete-lalin-santiago-de-compostela\/#breadcrumb"},"inLanguage":"es","potentialAction":[{"@type":"ReadAction","target":["https:\/\/retoelajorge.es\/index.php\/2015\/09\/12\/dia-diecisiete-lalin-santiago-de-compostela\/"]}]},{"@type":"ImageObject","inLanguage":"es","@id":"https:\/\/retoelajorge.es\/index.php\/2015\/09\/12\/dia-diecisiete-lalin-santiago-de-compostela\/#primaryimage","url":"https:\/\/retoelajorge.es\/wp-content\/uploads\/2020\/02\/45_6.jpg","contentUrl":"https:\/\/retoelajorge.es\/wp-content\/uploads\/2020\/02\/45_6.jpg","width":1600,"height":1200},{"@type":"BreadcrumbList","@id":"https:\/\/retoelajorge.es\/index.php\/2015\/09\/12\/dia-diecisiete-lalin-santiago-de-compostela\/#breadcrumb","itemListElement":[{"@type":"ListItem","position":1,"name":"Portada","item":"https:\/\/retoelajorge.es\/"},{"@type":"ListItem","position":2,"name":"D\u00eda diecisiete: Lal\u00edn &#8211; Santiago de Compostela"}]},{"@type":"WebSite","@id":"https:\/\/retoelajorge.es\/#website","url":"https:\/\/retoelajorge.es\/","name":"Mis retos por la ELA","description":"Blog de un afectado de ELA","publisher":{"@id":"https:\/\/retoelajorge.es\/#organization"},"potentialAction":[{"@type":"SearchAction","target":{"@type":"EntryPoint","urlTemplate":"https:\/\/retoelajorge.es\/?s={search_term_string}"},"query-input":{"@type":"PropertyValueSpecification","valueRequired":true,"valueName":"search_term_string"}}],"inLanguage":"es"},{"@type":"Organization","@id":"https:\/\/retoelajorge.es\/#organization","name":"Mis retos por la ELA","url":"https:\/\/retoelajorge.es\/","logo":{"@type":"ImageObject","inLanguage":"es","@id":"https:\/\/retoelajorge.es\/#\/schema\/logo\/image\/","url":"https:\/\/retoelajorge.es\/wp-content\/uploads\/2020\/02\/Jorge-scaled-e1583395872979.jpg","contentUrl":"https:\/\/retoelajorge.es\/wp-content\/uploads\/2020\/02\/Jorge-scaled-e1583395872979.jpg","width":1900,"height":1045,"caption":"Mis retos por la ELA"},"image":{"@id":"https:\/\/retoelajorge.es\/#\/schema\/logo\/image\/"}},{"@type":"Person","@id":"https:\/\/retoelajorge.es\/#\/schema\/person\/0e209413f2de4fe381eda14e12288b7d","name":"retoelajorge","image":{"@type":"ImageObject","inLanguage":"es","@id":"https:\/\/retoelajorge.es\/#\/schema\/person\/image\/","url":"https:\/\/secure.gravatar.com\/avatar\/bdd30a868985f69f97d362fc89c201f7860ec568aa2b42cb67e1ab7857b91971?s=96&d=mm&r=g","contentUrl":"https:\/\/secure.gravatar.com\/avatar\/bdd30a868985f69f97d362fc89c201f7860ec568aa2b42cb67e1ab7857b91971?s=96&d=mm&r=g","caption":"retoelajorge"},"url":"https:\/\/retoelajorge.es\/index.php\/author\/admin\/"}]}},"_links":{"self":[{"href":"https:\/\/retoelajorge.es\/index.php\/wp-json\/wp\/v2\/posts\/769","targetHints":{"allow":["GET"]}}],"collection":[{"href":"https:\/\/retoelajorge.es\/index.php\/wp-json\/wp\/v2\/posts"}],"about":[{"href":"https:\/\/retoelajorge.es\/index.php\/wp-json\/wp\/v2\/types\/post"}],"author":[{"embeddable":true,"href":"https:\/\/retoelajorge.es\/index.php\/wp-json\/wp\/v2\/users\/1"}],"replies":[{"embeddable":true,"href":"https:\/\/retoelajorge.es\/index.php\/wp-json\/wp\/v2\/comments?post=769"}],"version-history":[{"count":6,"href":"https:\/\/retoelajorge.es\/index.php\/wp-json\/wp\/v2\/posts\/769\/revisions"}],"predecessor-version":[{"id":790,"href":"https:\/\/retoelajorge.es\/index.php\/wp-json\/wp\/v2\/posts\/769\/revisions\/790"}],"wp:featuredmedia":[{"embeddable":true,"href":"https:\/\/retoelajorge.es\/index.php\/wp-json\/wp\/v2\/media\/770"}],"wp:attachment":[{"href":"https:\/\/retoelajorge.es\/index.php\/wp-json\/wp\/v2\/media?parent=769"}],"wp:term":[{"taxonomy":"category","embeddable":true,"href":"https:\/\/retoelajorge.es\/index.php\/wp-json\/wp\/v2\/categories?post=769"},{"taxonomy":"post_tag","embeddable":true,"href":"https:\/\/retoelajorge.es\/index.php\/wp-json\/wp\/v2\/tags?post=769"}],"curies":[{"name":"wp","href":"https:\/\/api.w.org\/{rel}","templated":true}]}}