{"id":802,"date":"2015-09-30T11:15:00","date_gmt":"2015-09-30T11:15:00","guid":{"rendered":"http:\/\/retoelajorge.es\/?p=802"},"modified":"2020-02-12T11:21:30","modified_gmt":"2020-02-12T11:21:30","slug":"entrevista-en-canal-sur-a-jorge-tras-su-reto","status":"publish","type":"post","link":"https:\/\/retoelajorge.es\/index.php\/2015\/09\/30\/entrevista-en-canal-sur-a-jorge-tras-su-reto\/","title":{"rendered":"Entrevista en Canal Sur a Jorge tras su reto"},"content":{"rendered":"\n<p>Canal Sur, a trav\u00e9s del programa que presenta Fernando de la Guardia, \u00abA diario\u00bb, nos concede una entrevista para comentar el reciente \u00e9xito de nuestro reto \u00abPedaleando contra la ELA: en t\u00e1ndem de Granada a Santiago\u00bb en el que se consigui\u00f3 recaudar un importe de 13.400\u20ac que se han destinado principalmente a la investigaci\u00f3n sobre esta terrible enfermedad -se ha realizado una donaci\u00f3n de 10.000\u20ac para el proyecto <a rel=\"noreferrer noopener\" aria-label=\"MinE (se abre en una nueva pesta\u00f1a)\" href=\"https:\/\/www.projectmine.com\/es\/\" target=\"_blank\">MinE<\/a>, pero tambi\u00e9n para asistencia a pacientes afectados por medio de la asociaci\u00f3n ELA-Andaluc\u00eda.<\/p>\n\n\n\n<figure class=\"wp-block-embed-youtube wp-block-embed is-type-video is-provider-youtube wp-embed-aspect-16-9 wp-has-aspect-ratio\"><div class=\"wp-block-embed__wrapper\">\n<iframe loading=\"lazy\" title=\"retoelajorge en a diario\" width=\"640\" height=\"360\" src=\"https:\/\/www.youtube.com\/embed\/85sqKZ4iQts?feature=oembed\" frameborder=\"0\" allow=\"accelerometer; autoplay; clipboard-write; encrypted-media; gyroscope; picture-in-picture; web-share\" referrerpolicy=\"strict-origin-when-cross-origin\" allowfullscreen><\/iframe>\n<\/div><\/figure>\n","protected":false},"excerpt":{"rendered":"<p>Canal Sur, a trav\u00e9s del programa que presenta Fernando de la Guardia, \u00abA diario\u00bb, nos concede una entrevista para comentar el reciente \u00e9xito de nuestro reto \u00abPedaleando contra la ELA: en t\u00e1ndem de Granada&#8230;<\/p>\n","protected":false},"author":1,"featured_media":0,"comment_status":"open","ping_status":"open","sticky":false,"template":"","format":"standard","meta":{"footnotes":""},"categories":[39],"tags":[],"class_list":["post-802","post","type-post","status-publish","format-standard","hentry","category-retos"],"yoast_head":"<!-- This site is optimized with the Yoast SEO plugin v26.7 - https:\/\/yoast.com\/wordpress\/plugins\/seo\/ -->\n<title>Entrevista en Canal Sur a Jorge tras su reto - Mis retos por la ELA<\/title>\n<meta name=\"robots\" content=\"index, follow, max-snippet:-1, max-image-preview:large, max-video-preview:-1\" \/>\n<link rel=\"canonical\" href=\"https:\/\/retoelajorge.es\/index.php\/2015\/09\/30\/entrevista-en-canal-sur-a-jorge-tras-su-reto\/\" \/>\n<meta property=\"og:locale\" content=\"es_ES\" \/>\n<meta property=\"og:type\" content=\"article\" \/>\n<meta property=\"og:title\" content=\"Entrevista en Canal Sur a Jorge tras su reto - Mis retos por la ELA\" \/>\n<meta property=\"og:description\" content=\"Canal Sur, a trav\u00e9s del programa que presenta Fernando de la Guardia, \u00abA diario\u00bb, nos concede una entrevista para comentar el reciente \u00e9xito de nuestro reto \u00abPedaleando contra la ELA: en t\u00e1ndem de Granada...\" \/>\n<meta property=\"og:url\" content=\"https:\/\/retoelajorge.es\/index.php\/2015\/09\/30\/entrevista-en-canal-sur-a-jorge-tras-su-reto\/\" \/>\n<meta property=\"og:site_name\" content=\"Mis retos por la ELA\" \/>\n<meta property=\"article:published_time\" content=\"2015-09-30T11:15:00+00:00\" \/>\n<meta property=\"article:modified_time\" content=\"2020-02-12T11:21:30+00:00\" \/>\n<meta name=\"author\" content=\"retoelajorge\" \/>\n<meta name=\"twitter:card\" content=\"summary_large_image\" \/>\n<meta name=\"twitter:label1\" content=\"Escrito por\" \/>\n\t<meta name=\"twitter:data1\" content=\"retoelajorge\" \/>\n<script type=\"application\/ld+json\" class=\"yoast-schema-graph\">{\"@context\":\"https:\/\/schema.org\",\"@graph\":[{\"@type\":\"Article\",\"@id\":\"https:\/\/retoelajorge.es\/index.php\/2015\/09\/30\/entrevista-en-canal-sur-a-jorge-tras-su-reto\/#article\",\"isPartOf\":{\"@id\":\"https:\/\/retoelajorge.es\/index.php\/2015\/09\/30\/entrevista-en-canal-sur-a-jorge-tras-su-reto\/\"},\"author\":{\"name\":\"retoelajorge\",\"@id\":\"https:\/\/retoelajorge.es\/#\/schema\/person\/0e209413f2de4fe381eda14e12288b7d\"},\"headline\":\"Entrevista en Canal Sur a Jorge tras su reto\",\"datePublished\":\"2015-09-30T11:15:00+00:00\",\"dateModified\":\"2020-02-12T11:21:30+00:00\",\"mainEntityOfPage\":{\"@id\":\"https:\/\/retoelajorge.es\/index.php\/2015\/09\/30\/entrevista-en-canal-sur-a-jorge-tras-su-reto\/\"},\"wordCount\":101,\"commentCount\":0,\"publisher\":{\"@id\":\"https:\/\/retoelajorge.es\/#organization\"},\"articleSection\":[\"Retos\"],\"inLanguage\":\"es\",\"potentialAction\":[{\"@type\":\"CommentAction\",\"name\":\"Comment\",\"target\":[\"https:\/\/retoelajorge.es\/index.php\/2015\/09\/30\/entrevista-en-canal-sur-a-jorge-tras-su-reto\/#respond\"]}]},{\"@type\":\"WebPage\",\"@id\":\"https:\/\/retoelajorge.es\/index.php\/2015\/09\/30\/entrevista-en-canal-sur-a-jorge-tras-su-reto\/\",\"url\":\"https:\/\/retoelajorge.es\/index.php\/2015\/09\/30\/entrevista-en-canal-sur-a-jorge-tras-su-reto\/\",\"name\":\"Entrevista en Canal Sur a Jorge tras su reto - Mis retos por la ELA\",\"isPartOf\":{\"@id\":\"https:\/\/retoelajorge.es\/#website\"},\"datePublished\":\"2015-09-30T11:15:00+00:00\",\"dateModified\":\"2020-02-12T11:21:30+00:00\",\"breadcrumb\":{\"@id\":\"https:\/\/retoelajorge.es\/index.php\/2015\/09\/30\/entrevista-en-canal-sur-a-jorge-tras-su-reto\/#breadcrumb\"},\"inLanguage\":\"es\",\"potentialAction\":[{\"@type\":\"ReadAction\",\"target\":[\"https:\/\/retoelajorge.es\/index.php\/2015\/09\/30\/entrevista-en-canal-sur-a-jorge-tras-su-reto\/\"]}]},{\"@type\":\"BreadcrumbList\",\"@id\":\"https:\/\/retoelajorge.es\/index.php\/2015\/09\/30\/entrevista-en-canal-sur-a-jorge-tras-su-reto\/#breadcrumb\",\"itemListElement\":[{\"@type\":\"ListItem\",\"position\":1,\"name\":\"Portada\",\"item\":\"https:\/\/retoelajorge.es\/\"},{\"@type\":\"ListItem\",\"position\":2,\"name\":\"Entrevista en Canal Sur a Jorge tras su reto\"}]},{\"@type\":\"WebSite\",\"@id\":\"https:\/\/retoelajorge.es\/#website\",\"url\":\"https:\/\/retoelajorge.es\/\",\"name\":\"Mis retos por la ELA\",\"description\":\"Blog de un afectado de ELA\",\"publisher\":{\"@id\":\"https:\/\/retoelajorge.es\/#organization\"},\"potentialAction\":[{\"@type\":\"SearchAction\",\"target\":{\"@type\":\"EntryPoint\",\"urlTemplate\":\"https:\/\/retoelajorge.es\/?s={search_term_string}\"},\"query-input\":{\"@type\":\"PropertyValueSpecification\",\"valueRequired\":true,\"valueName\":\"search_term_string\"}}],\"inLanguage\":\"es\"},{\"@type\":\"Organization\",\"@id\":\"https:\/\/retoelajorge.es\/#organization\",\"name\":\"Mis retos por la ELA\",\"url\":\"https:\/\/retoelajorge.es\/\",\"logo\":{\"@type\":\"ImageObject\",\"inLanguage\":\"es\",\"@id\":\"https:\/\/retoelajorge.es\/#\/schema\/logo\/image\/\",\"url\":\"https:\/\/retoelajorge.es\/wp-content\/uploads\/2020\/02\/Jorge-scaled-e1583395872979.jpg\",\"contentUrl\":\"https:\/\/retoelajorge.es\/wp-content\/uploads\/2020\/02\/Jorge-scaled-e1583395872979.jpg\",\"width\":1900,\"height\":1045,\"caption\":\"Mis retos por la ELA\"},\"image\":{\"@id\":\"https:\/\/retoelajorge.es\/#\/schema\/logo\/image\/\"}},{\"@type\":\"Person\",\"@id\":\"https:\/\/retoelajorge.es\/#\/schema\/person\/0e209413f2de4fe381eda14e12288b7d\",\"name\":\"retoelajorge\",\"image\":{\"@type\":\"ImageObject\",\"inLanguage\":\"es\",\"@id\":\"https:\/\/retoelajorge.es\/#\/schema\/person\/image\/\",\"url\":\"https:\/\/secure.gravatar.com\/avatar\/bdd30a868985f69f97d362fc89c201f7860ec568aa2b42cb67e1ab7857b91971?s=96&d=mm&r=g\",\"contentUrl\":\"https:\/\/secure.gravatar.com\/avatar\/bdd30a868985f69f97d362fc89c201f7860ec568aa2b42cb67e1ab7857b91971?s=96&d=mm&r=g\",\"caption\":\"retoelajorge\"},\"url\":\"https:\/\/retoelajorge.es\/index.php\/author\/admin\/\"}]}<\/script>\n<!-- \/ Yoast SEO plugin. -->","yoast_head_json":{"title":"Entrevista en Canal Sur a Jorge tras su reto - Mis retos por la ELA","robots":{"index":"index","follow":"follow","max-snippet":"max-snippet:-1","max-image-preview":"max-image-preview:large","max-video-preview":"max-video-preview:-1"},"canonical":"https:\/\/retoelajorge.es\/index.php\/2015\/09\/30\/entrevista-en-canal-sur-a-jorge-tras-su-reto\/","og_locale":"es_ES","og_type":"article","og_title":"Entrevista en Canal Sur a Jorge tras su reto - Mis retos por la ELA","og_description":"Canal Sur, a trav\u00e9s del programa que presenta Fernando de la Guardia, \u00abA diario\u00bb, nos concede una entrevista para comentar el reciente \u00e9xito de nuestro reto \u00abPedaleando contra la ELA: en t\u00e1ndem de Granada...","og_url":"https:\/\/retoelajorge.es\/index.php\/2015\/09\/30\/entrevista-en-canal-sur-a-jorge-tras-su-reto\/","og_site_name":"Mis retos por la ELA","article_published_time":"2015-09-30T11:15:00+00:00","article_modified_time":"2020-02-12T11:21:30+00:00","author":"retoelajorge","twitter_card":"summary_large_image","twitter_misc":{"Escrito por":"retoelajorge"},"schema":{"@context":"https:\/\/schema.org","@graph":[{"@type":"Article","@id":"https:\/\/retoelajorge.es\/index.php\/2015\/09\/30\/entrevista-en-canal-sur-a-jorge-tras-su-reto\/#article","isPartOf":{"@id":"https:\/\/retoelajorge.es\/index.php\/2015\/09\/30\/entrevista-en-canal-sur-a-jorge-tras-su-reto\/"},"author":{"name":"retoelajorge","@id":"https:\/\/retoelajorge.es\/#\/schema\/person\/0e209413f2de4fe381eda14e12288b7d"},"headline":"Entrevista en Canal Sur a Jorge tras su reto","datePublished":"2015-09-30T11:15:00+00:00","dateModified":"2020-02-12T11:21:30+00:00","mainEntityOfPage":{"@id":"https:\/\/retoelajorge.es\/index.php\/2015\/09\/30\/entrevista-en-canal-sur-a-jorge-tras-su-reto\/"},"wordCount":101,"commentCount":0,"publisher":{"@id":"https:\/\/retoelajorge.es\/#organization"},"articleSection":["Retos"],"inLanguage":"es","potentialAction":[{"@type":"CommentAction","name":"Comment","target":["https:\/\/retoelajorge.es\/index.php\/2015\/09\/30\/entrevista-en-canal-sur-a-jorge-tras-su-reto\/#respond"]}]},{"@type":"WebPage","@id":"https:\/\/retoelajorge.es\/index.php\/2015\/09\/30\/entrevista-en-canal-sur-a-jorge-tras-su-reto\/","url":"https:\/\/retoelajorge.es\/index.php\/2015\/09\/30\/entrevista-en-canal-sur-a-jorge-tras-su-reto\/","name":"Entrevista en Canal Sur a Jorge tras su reto - Mis retos por la ELA","isPartOf":{"@id":"https:\/\/retoelajorge.es\/#website"},"datePublished":"2015-09-30T11:15:00+00:00","dateModified":"2020-02-12T11:21:30+00:00","breadcrumb":{"@id":"https:\/\/retoelajorge.es\/index.php\/2015\/09\/30\/entrevista-en-canal-sur-a-jorge-tras-su-reto\/#breadcrumb"},"inLanguage":"es","potentialAction":[{"@type":"ReadAction","target":["https:\/\/retoelajorge.es\/index.php\/2015\/09\/30\/entrevista-en-canal-sur-a-jorge-tras-su-reto\/"]}]},{"@type":"BreadcrumbList","@id":"https:\/\/retoelajorge.es\/index.php\/2015\/09\/30\/entrevista-en-canal-sur-a-jorge-tras-su-reto\/#breadcrumb","itemListElement":[{"@type":"ListItem","position":1,"name":"Portada","item":"https:\/\/retoelajorge.es\/"},{"@type":"ListItem","position":2,"name":"Entrevista en Canal Sur a Jorge tras su reto"}]},{"@type":"WebSite","@id":"https:\/\/retoelajorge.es\/#website","url":"https:\/\/retoelajorge.es\/","name":"Mis retos por la ELA","description":"Blog de un afectado de ELA","publisher":{"@id":"https:\/\/retoelajorge.es\/#organization"},"potentialAction":[{"@type":"SearchAction","target":{"@type":"EntryPoint","urlTemplate":"https:\/\/retoelajorge.es\/?s={search_term_string}"},"query-input":{"@type":"PropertyValueSpecification","valueRequired":true,"valueName":"search_term_string"}}],"inLanguage":"es"},{"@type":"Organization","@id":"https:\/\/retoelajorge.es\/#organization","name":"Mis retos por la ELA","url":"https:\/\/retoelajorge.es\/","logo":{"@type":"ImageObject","inLanguage":"es","@id":"https:\/\/retoelajorge.es\/#\/schema\/logo\/image\/","url":"https:\/\/retoelajorge.es\/wp-content\/uploads\/2020\/02\/Jorge-scaled-e1583395872979.jpg","contentUrl":"https:\/\/retoelajorge.es\/wp-content\/uploads\/2020\/02\/Jorge-scaled-e1583395872979.jpg","width":1900,"height":1045,"caption":"Mis retos por la ELA"},"image":{"@id":"https:\/\/retoelajorge.es\/#\/schema\/logo\/image\/"}},{"@type":"Person","@id":"https:\/\/retoelajorge.es\/#\/schema\/person\/0e209413f2de4fe381eda14e12288b7d","name":"retoelajorge","image":{"@type":"ImageObject","inLanguage":"es","@id":"https:\/\/retoelajorge.es\/#\/schema\/person\/image\/","url":"https:\/\/secure.gravatar.com\/avatar\/bdd30a868985f69f97d362fc89c201f7860ec568aa2b42cb67e1ab7857b91971?s=96&d=mm&r=g","contentUrl":"https:\/\/secure.gravatar.com\/avatar\/bdd30a868985f69f97d362fc89c201f7860ec568aa2b42cb67e1ab7857b91971?s=96&d=mm&r=g","caption":"retoelajorge"},"url":"https:\/\/retoelajorge.es\/index.php\/author\/admin\/"}]}},"_links":{"self":[{"href":"https:\/\/retoelajorge.es\/index.php\/wp-json\/wp\/v2\/posts\/802","targetHints":{"allow":["GET"]}}],"collection":[{"href":"https:\/\/retoelajorge.es\/index.php\/wp-json\/wp\/v2\/posts"}],"about":[{"href":"https:\/\/retoelajorge.es\/index.php\/wp-json\/wp\/v2\/types\/post"}],"author":[{"embeddable":true,"href":"https:\/\/retoelajorge.es\/index.php\/wp-json\/wp\/v2\/users\/1"}],"replies":[{"embeddable":true,"href":"https:\/\/retoelajorge.es\/index.php\/wp-json\/wp\/v2\/comments?post=802"}],"version-history":[{"count":1,"href":"https:\/\/retoelajorge.es\/index.php\/wp-json\/wp\/v2\/posts\/802\/revisions"}],"predecessor-version":[{"id":803,"href":"https:\/\/retoelajorge.es\/index.php\/wp-json\/wp\/v2\/posts\/802\/revisions\/803"}],"wp:attachment":[{"href":"https:\/\/retoelajorge.es\/index.php\/wp-json\/wp\/v2\/media?parent=802"}],"wp:term":[{"taxonomy":"category","embeddable":true,"href":"https:\/\/retoelajorge.es\/index.php\/wp-json\/wp\/v2\/categories?post=802"},{"taxonomy":"post_tag","embeddable":true,"href":"https:\/\/retoelajorge.es\/index.php\/wp-json\/wp\/v2\/tags?post=802"}],"curies":[{"name":"wp","href":"https:\/\/api.w.org\/{rel}","templated":true}]}}