{"id":811,"date":"2016-02-18T10:10:40","date_gmt":"2016-02-18T10:10:40","guid":{"rendered":"http:\/\/retoelajorge.es\/?p=811"},"modified":"2020-02-12T12:21:56","modified_gmt":"2020-02-12T12:21:56","slug":"ii-caminata-contra-la-ela","status":"publish","type":"post","link":"https:\/\/retoelajorge.es\/index.php\/2016\/02\/18\/ii-caminata-contra-la-ela\/","title":{"rendered":"II Caminata contra la ELA"},"content":{"rendered":"\n<p>Pues ya pas\u00f3 la segunda caminata contra la ELA, esta vez en Barcelona y all\u00ed que estuvimos, no tantos como en Madrid, pero bastantes personas reclamando m\u00e1s investigaci\u00f3n.<\/p>\n\n\n\n<blockquote class=\"wp-block-quote has-text-align-center is-style-default is-layout-flow wp-block-quote-is-layout-flow\"><p><strong>INVESTIGACI\u00d3N = SOLUCI\u00d3N<\/strong><\/p><\/blockquote>\n\n\n\n<figure class=\"wp-block-gallery columns-4 is-cropped wp-block-gallery-1 is-layout-flex wp-block-gallery-is-layout-flex\"><ul class=\"blocks-gallery-grid\"><li class=\"blocks-gallery-item\"><figure><img loading=\"lazy\" decoding=\"async\" width=\"960\" height=\"606\" src=\"https:\/\/retoelajorge.es\/wp-content\/uploads\/2020\/02\/53_3.jpg\" alt=\"\" data-id=\"813\" data-full-url=\"https:\/\/retoelajorge.es\/wp-content\/uploads\/2020\/02\/53_3.jpg\" data-link=\"https:\/\/retoelajorge.es\/?attachment_id=813\" class=\"wp-image-813\" srcset=\"https:\/\/retoelajorge.es\/wp-content\/uploads\/2020\/02\/53_3.jpg 960w, https:\/\/retoelajorge.es\/wp-content\/uploads\/2020\/02\/53_3-300x189.jpg 300w, https:\/\/retoelajorge.es\/wp-content\/uploads\/2020\/02\/53_3-768x485.jpg 768w\" sizes=\"auto, (max-width: 960px) 100vw, 960px\" \/><\/figure><\/li><li class=\"blocks-gallery-item\"><figure><img loading=\"lazy\" decoding=\"async\" width=\"960\" height=\"640\" src=\"https:\/\/retoelajorge.es\/wp-content\/uploads\/2020\/02\/53_5.jpg\" alt=\"\" data-id=\"814\" data-full-url=\"https:\/\/retoelajorge.es\/wp-content\/uploads\/2020\/02\/53_5.jpg\" data-link=\"https:\/\/retoelajorge.es\/?attachment_id=814\" class=\"wp-image-814\" srcset=\"https:\/\/retoelajorge.es\/wp-content\/uploads\/2020\/02\/53_5.jpg 960w, https:\/\/retoelajorge.es\/wp-content\/uploads\/2020\/02\/53_5-300x200.jpg 300w, https:\/\/retoelajorge.es\/wp-content\/uploads\/2020\/02\/53_5-768x512.jpg 768w\" sizes=\"auto, (max-width: 960px) 100vw, 960px\" \/><\/figure><\/li><li class=\"blocks-gallery-item\"><figure><img loading=\"lazy\" decoding=\"async\" width=\"765\" height=\"960\" src=\"https:\/\/retoelajorge.es\/wp-content\/uploads\/2020\/02\/53_6.jpg\" alt=\"\" data-id=\"815\" data-full-url=\"https:\/\/retoelajorge.es\/wp-content\/uploads\/2020\/02\/53_6.jpg\" data-link=\"https:\/\/retoelajorge.es\/?attachment_id=815\" class=\"wp-image-815\" srcset=\"https:\/\/retoelajorge.es\/wp-content\/uploads\/2020\/02\/53_6.jpg 765w, https:\/\/retoelajorge.es\/wp-content\/uploads\/2020\/02\/53_6-239x300.jpg 239w\" sizes=\"auto, (max-width: 765px) 100vw, 765px\" \/><\/figure><\/li><li class=\"blocks-gallery-item\"><figure><img loading=\"lazy\" decoding=\"async\" width=\"960\" height=\"539\" src=\"https:\/\/retoelajorge.es\/wp-content\/uploads\/2020\/02\/53_10.jpg\" alt=\"\" data-id=\"818\" data-full-url=\"https:\/\/retoelajorge.es\/wp-content\/uploads\/2020\/02\/53_10.jpg\" data-link=\"https:\/\/retoelajorge.es\/?attachment_id=818\" class=\"wp-image-818\" srcset=\"https:\/\/retoelajorge.es\/wp-content\/uploads\/2020\/02\/53_10.jpg 960w, https:\/\/retoelajorge.es\/wp-content\/uploads\/2020\/02\/53_10-300x168.jpg 300w, https:\/\/retoelajorge.es\/wp-content\/uploads\/2020\/02\/53_10-768x431.jpg 768w, https:\/\/retoelajorge.es\/wp-content\/uploads\/2020\/02\/53_10-800x450.jpg 800w\" sizes=\"auto, (max-width: 960px) 100vw, 960px\" \/><\/figure><\/li><li class=\"blocks-gallery-item\"><figure><img loading=\"lazy\" decoding=\"async\" width=\"540\" height=\"960\" src=\"https:\/\/retoelajorge.es\/wp-content\/uploads\/2020\/02\/53_9.jpg\" alt=\"\" data-id=\"817\" data-full-url=\"https:\/\/retoelajorge.es\/wp-content\/uploads\/2020\/02\/53_9.jpg\" data-link=\"https:\/\/retoelajorge.es\/?attachment_id=817\" class=\"wp-image-817\" srcset=\"https:\/\/retoelajorge.es\/wp-content\/uploads\/2020\/02\/53_9.jpg 540w, https:\/\/retoelajorge.es\/wp-content\/uploads\/2020\/02\/53_9-169x300.jpg 169w\" sizes=\"auto, (max-width: 540px) 100vw, 540px\" \/><\/figure><\/li><li class=\"blocks-gallery-item\"><figure><img loading=\"lazy\" decoding=\"async\" width=\"960\" height=\"566\" src=\"https:\/\/retoelajorge.es\/wp-content\/uploads\/2020\/02\/53_8.jpg\" alt=\"\" data-id=\"816\" data-full-url=\"https:\/\/retoelajorge.es\/wp-content\/uploads\/2020\/02\/53_8.jpg\" data-link=\"https:\/\/retoelajorge.es\/?attachment_id=816\" class=\"wp-image-816\" srcset=\"https:\/\/retoelajorge.es\/wp-content\/uploads\/2020\/02\/53_8.jpg 960w, https:\/\/retoelajorge.es\/wp-content\/uploads\/2020\/02\/53_8-300x177.jpg 300w, https:\/\/retoelajorge.es\/wp-content\/uploads\/2020\/02\/53_8-768x453.jpg 768w\" sizes=\"auto, (max-width: 960px) 100vw, 960px\" \/><\/figure><\/li><\/ul><\/figure>\n","protected":false},"excerpt":{"rendered":"<p>Pues ya pas\u00f3 la segunda caminata contra la ELA, esta vez en Barcelona y all\u00ed que estuvimos, no tantos como en Madrid, pero bastantes personas reclamando m\u00e1s investigaci\u00f3n. INVESTIGACI\u00d3N = SOLUCI\u00d3N<\/p>\n","protected":false},"author":1,"featured_media":812,"comment_status":"open","ping_status":"open","sticky":false,"template":"","format":"standard","meta":{"footnotes":""},"categories":[42,54],"tags":[],"class_list":["post-811","post","type-post","status-publish","format-standard","has-post-thumbnail","hentry","category-eventos","category-investigacion"],"yoast_head":"<!-- This site is optimized with the Yoast SEO plugin v26.7 - https:\/\/yoast.com\/wordpress\/plugins\/seo\/ -->\n<title>II Caminata contra la ELA - Mis retos por la ELA<\/title>\n<meta name=\"robots\" content=\"index, follow, max-snippet:-1, max-image-preview:large, max-video-preview:-1\" \/>\n<link rel=\"canonical\" href=\"https:\/\/retoelajorge.es\/index.php\/2016\/02\/18\/ii-caminata-contra-la-ela\/\" \/>\n<meta property=\"og:locale\" content=\"es_ES\" \/>\n<meta property=\"og:type\" content=\"article\" \/>\n<meta property=\"og:title\" content=\"II Caminata contra la ELA - Mis retos por la ELA\" \/>\n<meta property=\"og:description\" content=\"Pues ya pas\u00f3 la segunda caminata contra la ELA, esta vez en Barcelona y all\u00ed que estuvimos, no tantos como en Madrid, pero bastantes personas reclamando m\u00e1s investigaci\u00f3n. INVESTIGACI\u00d3N = SOLUCI\u00d3N\" \/>\n<meta property=\"og:url\" content=\"https:\/\/retoelajorge.es\/index.php\/2016\/02\/18\/ii-caminata-contra-la-ela\/\" \/>\n<meta property=\"og:site_name\" content=\"Mis retos por la ELA\" \/>\n<meta property=\"article:published_time\" content=\"2016-02-18T10:10:40+00:00\" \/>\n<meta property=\"article:modified_time\" content=\"2020-02-12T12:21:56+00:00\" \/>\n<meta property=\"og:image\" content=\"https:\/\/retoelajorge.es\/wp-content\/uploads\/2020\/02\/53_1.jpg\" \/>\n\t<meta property=\"og:image:width\" content=\"850\" \/>\n\t<meta property=\"og:image:height\" content=\"478\" \/>\n\t<meta property=\"og:image:type\" content=\"image\/jpeg\" \/>\n<meta name=\"author\" content=\"retoelajorge\" \/>\n<meta name=\"twitter:card\" content=\"summary_large_image\" \/>\n<meta name=\"twitter:label1\" content=\"Escrito por\" \/>\n\t<meta name=\"twitter:data1\" content=\"retoelajorge\" \/>\n<script type=\"application\/ld+json\" class=\"yoast-schema-graph\">{\"@context\":\"https:\/\/schema.org\",\"@graph\":[{\"@type\":\"Article\",\"@id\":\"https:\/\/retoelajorge.es\/index.php\/2016\/02\/18\/ii-caminata-contra-la-ela\/#article\",\"isPartOf\":{\"@id\":\"https:\/\/retoelajorge.es\/index.php\/2016\/02\/18\/ii-caminata-contra-la-ela\/\"},\"author\":{\"name\":\"retoelajorge\",\"@id\":\"https:\/\/retoelajorge.es\/#\/schema\/person\/0e209413f2de4fe381eda14e12288b7d\"},\"headline\":\"II Caminata contra la ELA\",\"datePublished\":\"2016-02-18T10:10:40+00:00\",\"dateModified\":\"2020-02-12T12:21:56+00:00\",\"mainEntityOfPage\":{\"@id\":\"https:\/\/retoelajorge.es\/index.php\/2016\/02\/18\/ii-caminata-contra-la-ela\/\"},\"wordCount\":39,\"commentCount\":0,\"publisher\":{\"@id\":\"https:\/\/retoelajorge.es\/#organization\"},\"image\":{\"@id\":\"https:\/\/retoelajorge.es\/index.php\/2016\/02\/18\/ii-caminata-contra-la-ela\/#primaryimage\"},\"thumbnailUrl\":\"https:\/\/retoelajorge.es\/wp-content\/uploads\/2020\/02\/53_1.jpg\",\"articleSection\":[\"Eventos\",\"Investigaci\u00f3n\"],\"inLanguage\":\"es\",\"potentialAction\":[{\"@type\":\"CommentAction\",\"name\":\"Comment\",\"target\":[\"https:\/\/retoelajorge.es\/index.php\/2016\/02\/18\/ii-caminata-contra-la-ela\/#respond\"]}]},{\"@type\":\"WebPage\",\"@id\":\"https:\/\/retoelajorge.es\/index.php\/2016\/02\/18\/ii-caminata-contra-la-ela\/\",\"url\":\"https:\/\/retoelajorge.es\/index.php\/2016\/02\/18\/ii-caminata-contra-la-ela\/\",\"name\":\"II Caminata contra la ELA - Mis retos por la ELA\",\"isPartOf\":{\"@id\":\"https:\/\/retoelajorge.es\/#website\"},\"primaryImageOfPage\":{\"@id\":\"https:\/\/retoelajorge.es\/index.php\/2016\/02\/18\/ii-caminata-contra-la-ela\/#primaryimage\"},\"image\":{\"@id\":\"https:\/\/retoelajorge.es\/index.php\/2016\/02\/18\/ii-caminata-contra-la-ela\/#primaryimage\"},\"thumbnailUrl\":\"https:\/\/retoelajorge.es\/wp-content\/uploads\/2020\/02\/53_1.jpg\",\"datePublished\":\"2016-02-18T10:10:40+00:00\",\"dateModified\":\"2020-02-12T12:21:56+00:00\",\"breadcrumb\":{\"@id\":\"https:\/\/retoelajorge.es\/index.php\/2016\/02\/18\/ii-caminata-contra-la-ela\/#breadcrumb\"},\"inLanguage\":\"es\",\"potentialAction\":[{\"@type\":\"ReadAction\",\"target\":[\"https:\/\/retoelajorge.es\/index.php\/2016\/02\/18\/ii-caminata-contra-la-ela\/\"]}]},{\"@type\":\"ImageObject\",\"inLanguage\":\"es\",\"@id\":\"https:\/\/retoelajorge.es\/index.php\/2016\/02\/18\/ii-caminata-contra-la-ela\/#primaryimage\",\"url\":\"https:\/\/retoelajorge.es\/wp-content\/uploads\/2020\/02\/53_1.jpg\",\"contentUrl\":\"https:\/\/retoelajorge.es\/wp-content\/uploads\/2020\/02\/53_1.jpg\",\"width\":850,\"height\":478},{\"@type\":\"BreadcrumbList\",\"@id\":\"https:\/\/retoelajorge.es\/index.php\/2016\/02\/18\/ii-caminata-contra-la-ela\/#breadcrumb\",\"itemListElement\":[{\"@type\":\"ListItem\",\"position\":1,\"name\":\"Portada\",\"item\":\"https:\/\/retoelajorge.es\/\"},{\"@type\":\"ListItem\",\"position\":2,\"name\":\"II Caminata contra la ELA\"}]},{\"@type\":\"WebSite\",\"@id\":\"https:\/\/retoelajorge.es\/#website\",\"url\":\"https:\/\/retoelajorge.es\/\",\"name\":\"Mis retos por la ELA\",\"description\":\"Blog de un afectado de ELA\",\"publisher\":{\"@id\":\"https:\/\/retoelajorge.es\/#organization\"},\"potentialAction\":[{\"@type\":\"SearchAction\",\"target\":{\"@type\":\"EntryPoint\",\"urlTemplate\":\"https:\/\/retoelajorge.es\/?s={search_term_string}\"},\"query-input\":{\"@type\":\"PropertyValueSpecification\",\"valueRequired\":true,\"valueName\":\"search_term_string\"}}],\"inLanguage\":\"es\"},{\"@type\":\"Organization\",\"@id\":\"https:\/\/retoelajorge.es\/#organization\",\"name\":\"Mis retos por la ELA\",\"url\":\"https:\/\/retoelajorge.es\/\",\"logo\":{\"@type\":\"ImageObject\",\"inLanguage\":\"es\",\"@id\":\"https:\/\/retoelajorge.es\/#\/schema\/logo\/image\/\",\"url\":\"https:\/\/retoelajorge.es\/wp-content\/uploads\/2020\/02\/Jorge-scaled-e1583395872979.jpg\",\"contentUrl\":\"https:\/\/retoelajorge.es\/wp-content\/uploads\/2020\/02\/Jorge-scaled-e1583395872979.jpg\",\"width\":1900,\"height\":1045,\"caption\":\"Mis retos por la ELA\"},\"image\":{\"@id\":\"https:\/\/retoelajorge.es\/#\/schema\/logo\/image\/\"}},{\"@type\":\"Person\",\"@id\":\"https:\/\/retoelajorge.es\/#\/schema\/person\/0e209413f2de4fe381eda14e12288b7d\",\"name\":\"retoelajorge\",\"image\":{\"@type\":\"ImageObject\",\"inLanguage\":\"es\",\"@id\":\"https:\/\/retoelajorge.es\/#\/schema\/person\/image\/\",\"url\":\"https:\/\/secure.gravatar.com\/avatar\/bdd30a868985f69f97d362fc89c201f7860ec568aa2b42cb67e1ab7857b91971?s=96&d=mm&r=g\",\"contentUrl\":\"https:\/\/secure.gravatar.com\/avatar\/bdd30a868985f69f97d362fc89c201f7860ec568aa2b42cb67e1ab7857b91971?s=96&d=mm&r=g\",\"caption\":\"retoelajorge\"},\"url\":\"https:\/\/retoelajorge.es\/index.php\/author\/admin\/\"}]}<\/script>\n<!-- \/ Yoast SEO plugin. -->","yoast_head_json":{"title":"II Caminata contra la ELA - Mis retos por la ELA","robots":{"index":"index","follow":"follow","max-snippet":"max-snippet:-1","max-image-preview":"max-image-preview:large","max-video-preview":"max-video-preview:-1"},"canonical":"https:\/\/retoelajorge.es\/index.php\/2016\/02\/18\/ii-caminata-contra-la-ela\/","og_locale":"es_ES","og_type":"article","og_title":"II Caminata contra la ELA - Mis retos por la ELA","og_description":"Pues ya pas\u00f3 la segunda caminata contra la ELA, esta vez en Barcelona y all\u00ed que estuvimos, no tantos como en Madrid, pero bastantes personas reclamando m\u00e1s investigaci\u00f3n. INVESTIGACI\u00d3N = SOLUCI\u00d3N","og_url":"https:\/\/retoelajorge.es\/index.php\/2016\/02\/18\/ii-caminata-contra-la-ela\/","og_site_name":"Mis retos por la ELA","article_published_time":"2016-02-18T10:10:40+00:00","article_modified_time":"2020-02-12T12:21:56+00:00","og_image":[{"width":850,"height":478,"url":"https:\/\/retoelajorge.es\/wp-content\/uploads\/2020\/02\/53_1.jpg","type":"image\/jpeg"}],"author":"retoelajorge","twitter_card":"summary_large_image","twitter_misc":{"Escrito por":"retoelajorge"},"schema":{"@context":"https:\/\/schema.org","@graph":[{"@type":"Article","@id":"https:\/\/retoelajorge.es\/index.php\/2016\/02\/18\/ii-caminata-contra-la-ela\/#article","isPartOf":{"@id":"https:\/\/retoelajorge.es\/index.php\/2016\/02\/18\/ii-caminata-contra-la-ela\/"},"author":{"name":"retoelajorge","@id":"https:\/\/retoelajorge.es\/#\/schema\/person\/0e209413f2de4fe381eda14e12288b7d"},"headline":"II Caminata contra la ELA","datePublished":"2016-02-18T10:10:40+00:00","dateModified":"2020-02-12T12:21:56+00:00","mainEntityOfPage":{"@id":"https:\/\/retoelajorge.es\/index.php\/2016\/02\/18\/ii-caminata-contra-la-ela\/"},"wordCount":39,"commentCount":0,"publisher":{"@id":"https:\/\/retoelajorge.es\/#organization"},"image":{"@id":"https:\/\/retoelajorge.es\/index.php\/2016\/02\/18\/ii-caminata-contra-la-ela\/#primaryimage"},"thumbnailUrl":"https:\/\/retoelajorge.es\/wp-content\/uploads\/2020\/02\/53_1.jpg","articleSection":["Eventos","Investigaci\u00f3n"],"inLanguage":"es","potentialAction":[{"@type":"CommentAction","name":"Comment","target":["https:\/\/retoelajorge.es\/index.php\/2016\/02\/18\/ii-caminata-contra-la-ela\/#respond"]}]},{"@type":"WebPage","@id":"https:\/\/retoelajorge.es\/index.php\/2016\/02\/18\/ii-caminata-contra-la-ela\/","url":"https:\/\/retoelajorge.es\/index.php\/2016\/02\/18\/ii-caminata-contra-la-ela\/","name":"II Caminata contra la ELA - Mis retos por la ELA","isPartOf":{"@id":"https:\/\/retoelajorge.es\/#website"},"primaryImageOfPage":{"@id":"https:\/\/retoelajorge.es\/index.php\/2016\/02\/18\/ii-caminata-contra-la-ela\/#primaryimage"},"image":{"@id":"https:\/\/retoelajorge.es\/index.php\/2016\/02\/18\/ii-caminata-contra-la-ela\/#primaryimage"},"thumbnailUrl":"https:\/\/retoelajorge.es\/wp-content\/uploads\/2020\/02\/53_1.jpg","datePublished":"2016-02-18T10:10:40+00:00","dateModified":"2020-02-12T12:21:56+00:00","breadcrumb":{"@id":"https:\/\/retoelajorge.es\/index.php\/2016\/02\/18\/ii-caminata-contra-la-ela\/#breadcrumb"},"inLanguage":"es","potentialAction":[{"@type":"ReadAction","target":["https:\/\/retoelajorge.es\/index.php\/2016\/02\/18\/ii-caminata-contra-la-ela\/"]}]},{"@type":"ImageObject","inLanguage":"es","@id":"https:\/\/retoelajorge.es\/index.php\/2016\/02\/18\/ii-caminata-contra-la-ela\/#primaryimage","url":"https:\/\/retoelajorge.es\/wp-content\/uploads\/2020\/02\/53_1.jpg","contentUrl":"https:\/\/retoelajorge.es\/wp-content\/uploads\/2020\/02\/53_1.jpg","width":850,"height":478},{"@type":"BreadcrumbList","@id":"https:\/\/retoelajorge.es\/index.php\/2016\/02\/18\/ii-caminata-contra-la-ela\/#breadcrumb","itemListElement":[{"@type":"ListItem","position":1,"name":"Portada","item":"https:\/\/retoelajorge.es\/"},{"@type":"ListItem","position":2,"name":"II Caminata contra la ELA"}]},{"@type":"WebSite","@id":"https:\/\/retoelajorge.es\/#website","url":"https:\/\/retoelajorge.es\/","name":"Mis retos por la ELA","description":"Blog de un afectado de ELA","publisher":{"@id":"https:\/\/retoelajorge.es\/#organization"},"potentialAction":[{"@type":"SearchAction","target":{"@type":"EntryPoint","urlTemplate":"https:\/\/retoelajorge.es\/?s={search_term_string}"},"query-input":{"@type":"PropertyValueSpecification","valueRequired":true,"valueName":"search_term_string"}}],"inLanguage":"es"},{"@type":"Organization","@id":"https:\/\/retoelajorge.es\/#organization","name":"Mis retos por la ELA","url":"https:\/\/retoelajorge.es\/","logo":{"@type":"ImageObject","inLanguage":"es","@id":"https:\/\/retoelajorge.es\/#\/schema\/logo\/image\/","url":"https:\/\/retoelajorge.es\/wp-content\/uploads\/2020\/02\/Jorge-scaled-e1583395872979.jpg","contentUrl":"https:\/\/retoelajorge.es\/wp-content\/uploads\/2020\/02\/Jorge-scaled-e1583395872979.jpg","width":1900,"height":1045,"caption":"Mis retos por la ELA"},"image":{"@id":"https:\/\/retoelajorge.es\/#\/schema\/logo\/image\/"}},{"@type":"Person","@id":"https:\/\/retoelajorge.es\/#\/schema\/person\/0e209413f2de4fe381eda14e12288b7d","name":"retoelajorge","image":{"@type":"ImageObject","inLanguage":"es","@id":"https:\/\/retoelajorge.es\/#\/schema\/person\/image\/","url":"https:\/\/secure.gravatar.com\/avatar\/bdd30a868985f69f97d362fc89c201f7860ec568aa2b42cb67e1ab7857b91971?s=96&d=mm&r=g","contentUrl":"https:\/\/secure.gravatar.com\/avatar\/bdd30a868985f69f97d362fc89c201f7860ec568aa2b42cb67e1ab7857b91971?s=96&d=mm&r=g","caption":"retoelajorge"},"url":"https:\/\/retoelajorge.es\/index.php\/author\/admin\/"}]}},"_links":{"self":[{"href":"https:\/\/retoelajorge.es\/index.php\/wp-json\/wp\/v2\/posts\/811","targetHints":{"allow":["GET"]}}],"collection":[{"href":"https:\/\/retoelajorge.es\/index.php\/wp-json\/wp\/v2\/posts"}],"about":[{"href":"https:\/\/retoelajorge.es\/index.php\/wp-json\/wp\/v2\/types\/post"}],"author":[{"embeddable":true,"href":"https:\/\/retoelajorge.es\/index.php\/wp-json\/wp\/v2\/users\/1"}],"replies":[{"embeddable":true,"href":"https:\/\/retoelajorge.es\/index.php\/wp-json\/wp\/v2\/comments?post=811"}],"version-history":[{"count":1,"href":"https:\/\/retoelajorge.es\/index.php\/wp-json\/wp\/v2\/posts\/811\/revisions"}],"predecessor-version":[{"id":819,"href":"https:\/\/retoelajorge.es\/index.php\/wp-json\/wp\/v2\/posts\/811\/revisions\/819"}],"wp:featuredmedia":[{"embeddable":true,"href":"https:\/\/retoelajorge.es\/index.php\/wp-json\/wp\/v2\/media\/812"}],"wp:attachment":[{"href":"https:\/\/retoelajorge.es\/index.php\/wp-json\/wp\/v2\/media?parent=811"}],"wp:term":[{"taxonomy":"category","embeddable":true,"href":"https:\/\/retoelajorge.es\/index.php\/wp-json\/wp\/v2\/categories?post=811"},{"taxonomy":"post_tag","embeddable":true,"href":"https:\/\/retoelajorge.es\/index.php\/wp-json\/wp\/v2\/tags?post=811"}],"curies":[{"name":"wp","href":"https:\/\/api.w.org\/{rel}","templated":true}]}}