{"id":820,"date":"2016-02-29T12:22:44","date_gmt":"2016-02-29T12:22:44","guid":{"rendered":"http:\/\/retoelajorge.es\/?p=820"},"modified":"2020-02-12T12:27:16","modified_gmt":"2020-02-12T12:27:16","slug":"por-un-mundo-sin-enfermedades-raras","status":"publish","type":"post","link":"https:\/\/retoelajorge.es\/index.php\/2016\/02\/29\/por-un-mundo-sin-enfermedades-raras\/","title":{"rendered":"Por un mundo sin Enfermedades Raras"},"content":{"rendered":"\n<p>Pues s\u00ed, en C\u00f3rdoba que estuvimos para reivindicar la necesidad de invertir en investigaci\u00f3n para las m\u00e1s de siete mil enfermedades raras que se conocen hasta la fecha. Tres millones de espa\u00f1oles sufren alguna de ellas y todos ellos se encuentran con barreras infranqueables, unos por no tener acceso a medios y medicamentos que pudieran paliar algo su enfermedad, otros, simplemente por no existir una cura, como el caso que nos conscierne de la ELA.<\/p>\n\n\n\n<figure class=\"wp-block-gallery columns-2 is-cropped wp-block-gallery-1 is-layout-flex wp-block-gallery-is-layout-flex\"><ul class=\"blocks-gallery-grid\"><li class=\"blocks-gallery-item\"><figure><img loading=\"lazy\" decoding=\"async\" width=\"889\" height=\"593\" src=\"https:\/\/retoelajorge.es\/wp-content\/uploads\/2020\/02\/55_2.jpg\" alt=\"\" data-id=\"822\" data-full-url=\"https:\/\/retoelajorge.es\/wp-content\/uploads\/2020\/02\/55_2.jpg\" data-link=\"https:\/\/retoelajorge.es\/?attachment_id=822\" class=\"wp-image-822\" srcset=\"https:\/\/retoelajorge.es\/wp-content\/uploads\/2020\/02\/55_2.jpg 889w, https:\/\/retoelajorge.es\/wp-content\/uploads\/2020\/02\/55_2-300x200.jpg 300w, https:\/\/retoelajorge.es\/wp-content\/uploads\/2020\/02\/55_2-768x512.jpg 768w\" sizes=\"auto, (max-width: 889px) 100vw, 889px\" \/><\/figure><\/li><li class=\"blocks-gallery-item\"><figure><img loading=\"lazy\" decoding=\"async\" width=\"1024\" height=\"986\" src=\"https:\/\/retoelajorge.es\/wp-content\/uploads\/2020\/02\/55_3-1024x986.jpg\" alt=\"\" data-id=\"823\" data-full-url=\"https:\/\/retoelajorge.es\/wp-content\/uploads\/2020\/02\/55_3.jpg\" data-link=\"https:\/\/retoelajorge.es\/?attachment_id=823\" class=\"wp-image-823\" srcset=\"https:\/\/retoelajorge.es\/wp-content\/uploads\/2020\/02\/55_3-1024x986.jpg 1024w, https:\/\/retoelajorge.es\/wp-content\/uploads\/2020\/02\/55_3-300x289.jpg 300w, https:\/\/retoelajorge.es\/wp-content\/uploads\/2020\/02\/55_3-768x739.jpg 768w, https:\/\/retoelajorge.es\/wp-content\/uploads\/2020\/02\/55_3.jpg 1280w\" sizes=\"auto, (max-width: 1024px) 100vw, 1024px\" \/><\/figure><\/li><\/ul><\/figure>\n\n\n\n<figure class=\"wp-block-embed-youtube wp-block-embed is-type-video is-provider-youtube wp-embed-aspect-4-3 wp-has-aspect-ratio\"><div class=\"wp-block-embed__wrapper\">\n<iframe loading=\"lazy\" title=\"As\u00ed Empez\u00f3 Todo...\" width=\"640\" height=\"360\" src=\"https:\/\/www.youtube.com\/embed\/dZF4qQyJjCU?feature=oembed\" frameborder=\"0\" allow=\"accelerometer; autoplay; clipboard-write; encrypted-media; gyroscope; picture-in-picture; web-share\" referrerpolicy=\"strict-origin-when-cross-origin\" allowfullscreen><\/iframe>\n<\/div><\/figure>\n","protected":false},"excerpt":{"rendered":"<p>Pues s\u00ed, en C\u00f3rdoba que estuvimos para reivindicar la necesidad de invertir en investigaci\u00f3n para las m\u00e1s de siete mil enfermedades raras que se conocen hasta la fecha. Tres millones de espa\u00f1oles sufren alguna&#8230;<\/p>\n","protected":false},"author":1,"featured_media":821,"comment_status":"open","ping_status":"open","sticky":false,"template":"","format":"standard","meta":{"footnotes":""},"categories":[42],"tags":[55],"class_list":["post-820","post","type-post","status-publish","format-standard","has-post-thumbnail","hentry","category-eventos","tag-enfermedades-raras"],"yoast_head":"<!-- This site is optimized with the Yoast SEO plugin v26.7 - https:\/\/yoast.com\/wordpress\/plugins\/seo\/ -->\n<title>Por un mundo sin Enfermedades Raras - Mis retos por la ELA<\/title>\n<meta name=\"robots\" content=\"index, follow, max-snippet:-1, max-image-preview:large, max-video-preview:-1\" \/>\n<link rel=\"canonical\" href=\"https:\/\/retoelajorge.es\/index.php\/2016\/02\/29\/por-un-mundo-sin-enfermedades-raras\/\" \/>\n<meta property=\"og:locale\" content=\"es_ES\" \/>\n<meta property=\"og:type\" content=\"article\" \/>\n<meta property=\"og:title\" content=\"Por un mundo sin Enfermedades Raras - Mis retos por la ELA\" \/>\n<meta property=\"og:description\" content=\"Pues s\u00ed, en C\u00f3rdoba que estuvimos para reivindicar la necesidad de invertir en investigaci\u00f3n para las m\u00e1s de siete mil enfermedades raras que se conocen hasta la fecha. Tres millones de espa\u00f1oles sufren alguna...\" \/>\n<meta property=\"og:url\" content=\"https:\/\/retoelajorge.es\/index.php\/2016\/02\/29\/por-un-mundo-sin-enfermedades-raras\/\" \/>\n<meta property=\"og:site_name\" content=\"Mis retos por la ELA\" \/>\n<meta property=\"article:published_time\" content=\"2016-02-29T12:22:44+00:00\" \/>\n<meta property=\"article:modified_time\" content=\"2020-02-12T12:27:16+00:00\" \/>\n<meta property=\"og:image\" content=\"https:\/\/retoelajorge.es\/wp-content\/uploads\/2020\/02\/55_1.jpg\" \/>\n\t<meta property=\"og:image:width\" content=\"889\" \/>\n\t<meta property=\"og:image:height\" content=\"593\" \/>\n\t<meta property=\"og:image:type\" content=\"image\/jpeg\" \/>\n<meta name=\"author\" content=\"retoelajorge\" \/>\n<meta name=\"twitter:card\" content=\"summary_large_image\" \/>\n<meta name=\"twitter:label1\" content=\"Escrito por\" \/>\n\t<meta name=\"twitter:data1\" content=\"retoelajorge\" \/>\n<script type=\"application\/ld+json\" class=\"yoast-schema-graph\">{\"@context\":\"https:\/\/schema.org\",\"@graph\":[{\"@type\":\"Article\",\"@id\":\"https:\/\/retoelajorge.es\/index.php\/2016\/02\/29\/por-un-mundo-sin-enfermedades-raras\/#article\",\"isPartOf\":{\"@id\":\"https:\/\/retoelajorge.es\/index.php\/2016\/02\/29\/por-un-mundo-sin-enfermedades-raras\/\"},\"author\":{\"name\":\"retoelajorge\",\"@id\":\"https:\/\/retoelajorge.es\/#\/schema\/person\/0e209413f2de4fe381eda14e12288b7d\"},\"headline\":\"Por un mundo sin Enfermedades Raras\",\"datePublished\":\"2016-02-29T12:22:44+00:00\",\"dateModified\":\"2020-02-12T12:27:16+00:00\",\"mainEntityOfPage\":{\"@id\":\"https:\/\/retoelajorge.es\/index.php\/2016\/02\/29\/por-un-mundo-sin-enfermedades-raras\/\"},\"wordCount\":90,\"commentCount\":0,\"publisher\":{\"@id\":\"https:\/\/retoelajorge.es\/#organization\"},\"image\":{\"@id\":\"https:\/\/retoelajorge.es\/index.php\/2016\/02\/29\/por-un-mundo-sin-enfermedades-raras\/#primaryimage\"},\"thumbnailUrl\":\"https:\/\/retoelajorge.es\/wp-content\/uploads\/2020\/02\/55_1.jpg\",\"keywords\":[\"Enfermedades raras\"],\"articleSection\":[\"Eventos\"],\"inLanguage\":\"es\",\"potentialAction\":[{\"@type\":\"CommentAction\",\"name\":\"Comment\",\"target\":[\"https:\/\/retoelajorge.es\/index.php\/2016\/02\/29\/por-un-mundo-sin-enfermedades-raras\/#respond\"]}]},{\"@type\":\"WebPage\",\"@id\":\"https:\/\/retoelajorge.es\/index.php\/2016\/02\/29\/por-un-mundo-sin-enfermedades-raras\/\",\"url\":\"https:\/\/retoelajorge.es\/index.php\/2016\/02\/29\/por-un-mundo-sin-enfermedades-raras\/\",\"name\":\"Por un mundo sin Enfermedades Raras - Mis retos por la ELA\",\"isPartOf\":{\"@id\":\"https:\/\/retoelajorge.es\/#website\"},\"primaryImageOfPage\":{\"@id\":\"https:\/\/retoelajorge.es\/index.php\/2016\/02\/29\/por-un-mundo-sin-enfermedades-raras\/#primaryimage\"},\"image\":{\"@id\":\"https:\/\/retoelajorge.es\/index.php\/2016\/02\/29\/por-un-mundo-sin-enfermedades-raras\/#primaryimage\"},\"thumbnailUrl\":\"https:\/\/retoelajorge.es\/wp-content\/uploads\/2020\/02\/55_1.jpg\",\"datePublished\":\"2016-02-29T12:22:44+00:00\",\"dateModified\":\"2020-02-12T12:27:16+00:00\",\"breadcrumb\":{\"@id\":\"https:\/\/retoelajorge.es\/index.php\/2016\/02\/29\/por-un-mundo-sin-enfermedades-raras\/#breadcrumb\"},\"inLanguage\":\"es\",\"potentialAction\":[{\"@type\":\"ReadAction\",\"target\":[\"https:\/\/retoelajorge.es\/index.php\/2016\/02\/29\/por-un-mundo-sin-enfermedades-raras\/\"]}]},{\"@type\":\"ImageObject\",\"inLanguage\":\"es\",\"@id\":\"https:\/\/retoelajorge.es\/index.php\/2016\/02\/29\/por-un-mundo-sin-enfermedades-raras\/#primaryimage\",\"url\":\"https:\/\/retoelajorge.es\/wp-content\/uploads\/2020\/02\/55_1.jpg\",\"contentUrl\":\"https:\/\/retoelajorge.es\/wp-content\/uploads\/2020\/02\/55_1.jpg\",\"width\":889,\"height\":593},{\"@type\":\"BreadcrumbList\",\"@id\":\"https:\/\/retoelajorge.es\/index.php\/2016\/02\/29\/por-un-mundo-sin-enfermedades-raras\/#breadcrumb\",\"itemListElement\":[{\"@type\":\"ListItem\",\"position\":1,\"name\":\"Portada\",\"item\":\"https:\/\/retoelajorge.es\/\"},{\"@type\":\"ListItem\",\"position\":2,\"name\":\"Por un mundo sin Enfermedades Raras\"}]},{\"@type\":\"WebSite\",\"@id\":\"https:\/\/retoelajorge.es\/#website\",\"url\":\"https:\/\/retoelajorge.es\/\",\"name\":\"Mis retos por la ELA\",\"description\":\"Blog de un afectado de ELA\",\"publisher\":{\"@id\":\"https:\/\/retoelajorge.es\/#organization\"},\"potentialAction\":[{\"@type\":\"SearchAction\",\"target\":{\"@type\":\"EntryPoint\",\"urlTemplate\":\"https:\/\/retoelajorge.es\/?s={search_term_string}\"},\"query-input\":{\"@type\":\"PropertyValueSpecification\",\"valueRequired\":true,\"valueName\":\"search_term_string\"}}],\"inLanguage\":\"es\"},{\"@type\":\"Organization\",\"@id\":\"https:\/\/retoelajorge.es\/#organization\",\"name\":\"Mis retos por la ELA\",\"url\":\"https:\/\/retoelajorge.es\/\",\"logo\":{\"@type\":\"ImageObject\",\"inLanguage\":\"es\",\"@id\":\"https:\/\/retoelajorge.es\/#\/schema\/logo\/image\/\",\"url\":\"https:\/\/retoelajorge.es\/wp-content\/uploads\/2020\/02\/Jorge-scaled-e1583395872979.jpg\",\"contentUrl\":\"https:\/\/retoelajorge.es\/wp-content\/uploads\/2020\/02\/Jorge-scaled-e1583395872979.jpg\",\"width\":1900,\"height\":1045,\"caption\":\"Mis retos por la ELA\"},\"image\":{\"@id\":\"https:\/\/retoelajorge.es\/#\/schema\/logo\/image\/\"}},{\"@type\":\"Person\",\"@id\":\"https:\/\/retoelajorge.es\/#\/schema\/person\/0e209413f2de4fe381eda14e12288b7d\",\"name\":\"retoelajorge\",\"image\":{\"@type\":\"ImageObject\",\"inLanguage\":\"es\",\"@id\":\"https:\/\/retoelajorge.es\/#\/schema\/person\/image\/\",\"url\":\"https:\/\/secure.gravatar.com\/avatar\/bdd30a868985f69f97d362fc89c201f7860ec568aa2b42cb67e1ab7857b91971?s=96&d=mm&r=g\",\"contentUrl\":\"https:\/\/secure.gravatar.com\/avatar\/bdd30a868985f69f97d362fc89c201f7860ec568aa2b42cb67e1ab7857b91971?s=96&d=mm&r=g\",\"caption\":\"retoelajorge\"},\"url\":\"https:\/\/retoelajorge.es\/index.php\/author\/admin\/\"}]}<\/script>\n<!-- \/ Yoast SEO plugin. -->","yoast_head_json":{"title":"Por un mundo sin Enfermedades Raras - Mis retos por la ELA","robots":{"index":"index","follow":"follow","max-snippet":"max-snippet:-1","max-image-preview":"max-image-preview:large","max-video-preview":"max-video-preview:-1"},"canonical":"https:\/\/retoelajorge.es\/index.php\/2016\/02\/29\/por-un-mundo-sin-enfermedades-raras\/","og_locale":"es_ES","og_type":"article","og_title":"Por un mundo sin Enfermedades Raras - Mis retos por la ELA","og_description":"Pues s\u00ed, en C\u00f3rdoba que estuvimos para reivindicar la necesidad de invertir en investigaci\u00f3n para las m\u00e1s de siete mil enfermedades raras que se conocen hasta la fecha. Tres millones de espa\u00f1oles sufren alguna...","og_url":"https:\/\/retoelajorge.es\/index.php\/2016\/02\/29\/por-un-mundo-sin-enfermedades-raras\/","og_site_name":"Mis retos por la ELA","article_published_time":"2016-02-29T12:22:44+00:00","article_modified_time":"2020-02-12T12:27:16+00:00","og_image":[{"width":889,"height":593,"url":"https:\/\/retoelajorge.es\/wp-content\/uploads\/2020\/02\/55_1.jpg","type":"image\/jpeg"}],"author":"retoelajorge","twitter_card":"summary_large_image","twitter_misc":{"Escrito por":"retoelajorge"},"schema":{"@context":"https:\/\/schema.org","@graph":[{"@type":"Article","@id":"https:\/\/retoelajorge.es\/index.php\/2016\/02\/29\/por-un-mundo-sin-enfermedades-raras\/#article","isPartOf":{"@id":"https:\/\/retoelajorge.es\/index.php\/2016\/02\/29\/por-un-mundo-sin-enfermedades-raras\/"},"author":{"name":"retoelajorge","@id":"https:\/\/retoelajorge.es\/#\/schema\/person\/0e209413f2de4fe381eda14e12288b7d"},"headline":"Por un mundo sin Enfermedades Raras","datePublished":"2016-02-29T12:22:44+00:00","dateModified":"2020-02-12T12:27:16+00:00","mainEntityOfPage":{"@id":"https:\/\/retoelajorge.es\/index.php\/2016\/02\/29\/por-un-mundo-sin-enfermedades-raras\/"},"wordCount":90,"commentCount":0,"publisher":{"@id":"https:\/\/retoelajorge.es\/#organization"},"image":{"@id":"https:\/\/retoelajorge.es\/index.php\/2016\/02\/29\/por-un-mundo-sin-enfermedades-raras\/#primaryimage"},"thumbnailUrl":"https:\/\/retoelajorge.es\/wp-content\/uploads\/2020\/02\/55_1.jpg","keywords":["Enfermedades raras"],"articleSection":["Eventos"],"inLanguage":"es","potentialAction":[{"@type":"CommentAction","name":"Comment","target":["https:\/\/retoelajorge.es\/index.php\/2016\/02\/29\/por-un-mundo-sin-enfermedades-raras\/#respond"]}]},{"@type":"WebPage","@id":"https:\/\/retoelajorge.es\/index.php\/2016\/02\/29\/por-un-mundo-sin-enfermedades-raras\/","url":"https:\/\/retoelajorge.es\/index.php\/2016\/02\/29\/por-un-mundo-sin-enfermedades-raras\/","name":"Por un mundo sin Enfermedades Raras - Mis retos por la ELA","isPartOf":{"@id":"https:\/\/retoelajorge.es\/#website"},"primaryImageOfPage":{"@id":"https:\/\/retoelajorge.es\/index.php\/2016\/02\/29\/por-un-mundo-sin-enfermedades-raras\/#primaryimage"},"image":{"@id":"https:\/\/retoelajorge.es\/index.php\/2016\/02\/29\/por-un-mundo-sin-enfermedades-raras\/#primaryimage"},"thumbnailUrl":"https:\/\/retoelajorge.es\/wp-content\/uploads\/2020\/02\/55_1.jpg","datePublished":"2016-02-29T12:22:44+00:00","dateModified":"2020-02-12T12:27:16+00:00","breadcrumb":{"@id":"https:\/\/retoelajorge.es\/index.php\/2016\/02\/29\/por-un-mundo-sin-enfermedades-raras\/#breadcrumb"},"inLanguage":"es","potentialAction":[{"@type":"ReadAction","target":["https:\/\/retoelajorge.es\/index.php\/2016\/02\/29\/por-un-mundo-sin-enfermedades-raras\/"]}]},{"@type":"ImageObject","inLanguage":"es","@id":"https:\/\/retoelajorge.es\/index.php\/2016\/02\/29\/por-un-mundo-sin-enfermedades-raras\/#primaryimage","url":"https:\/\/retoelajorge.es\/wp-content\/uploads\/2020\/02\/55_1.jpg","contentUrl":"https:\/\/retoelajorge.es\/wp-content\/uploads\/2020\/02\/55_1.jpg","width":889,"height":593},{"@type":"BreadcrumbList","@id":"https:\/\/retoelajorge.es\/index.php\/2016\/02\/29\/por-un-mundo-sin-enfermedades-raras\/#breadcrumb","itemListElement":[{"@type":"ListItem","position":1,"name":"Portada","item":"https:\/\/retoelajorge.es\/"},{"@type":"ListItem","position":2,"name":"Por un mundo sin Enfermedades Raras"}]},{"@type":"WebSite","@id":"https:\/\/retoelajorge.es\/#website","url":"https:\/\/retoelajorge.es\/","name":"Mis retos por la ELA","description":"Blog de un afectado de ELA","publisher":{"@id":"https:\/\/retoelajorge.es\/#organization"},"potentialAction":[{"@type":"SearchAction","target":{"@type":"EntryPoint","urlTemplate":"https:\/\/retoelajorge.es\/?s={search_term_string}"},"query-input":{"@type":"PropertyValueSpecification","valueRequired":true,"valueName":"search_term_string"}}],"inLanguage":"es"},{"@type":"Organization","@id":"https:\/\/retoelajorge.es\/#organization","name":"Mis retos por la ELA","url":"https:\/\/retoelajorge.es\/","logo":{"@type":"ImageObject","inLanguage":"es","@id":"https:\/\/retoelajorge.es\/#\/schema\/logo\/image\/","url":"https:\/\/retoelajorge.es\/wp-content\/uploads\/2020\/02\/Jorge-scaled-e1583395872979.jpg","contentUrl":"https:\/\/retoelajorge.es\/wp-content\/uploads\/2020\/02\/Jorge-scaled-e1583395872979.jpg","width":1900,"height":1045,"caption":"Mis retos por la ELA"},"image":{"@id":"https:\/\/retoelajorge.es\/#\/schema\/logo\/image\/"}},{"@type":"Person","@id":"https:\/\/retoelajorge.es\/#\/schema\/person\/0e209413f2de4fe381eda14e12288b7d","name":"retoelajorge","image":{"@type":"ImageObject","inLanguage":"es","@id":"https:\/\/retoelajorge.es\/#\/schema\/person\/image\/","url":"https:\/\/secure.gravatar.com\/avatar\/bdd30a868985f69f97d362fc89c201f7860ec568aa2b42cb67e1ab7857b91971?s=96&d=mm&r=g","contentUrl":"https:\/\/secure.gravatar.com\/avatar\/bdd30a868985f69f97d362fc89c201f7860ec568aa2b42cb67e1ab7857b91971?s=96&d=mm&r=g","caption":"retoelajorge"},"url":"https:\/\/retoelajorge.es\/index.php\/author\/admin\/"}]}},"_links":{"self":[{"href":"https:\/\/retoelajorge.es\/index.php\/wp-json\/wp\/v2\/posts\/820","targetHints":{"allow":["GET"]}}],"collection":[{"href":"https:\/\/retoelajorge.es\/index.php\/wp-json\/wp\/v2\/posts"}],"about":[{"href":"https:\/\/retoelajorge.es\/index.php\/wp-json\/wp\/v2\/types\/post"}],"author":[{"embeddable":true,"href":"https:\/\/retoelajorge.es\/index.php\/wp-json\/wp\/v2\/users\/1"}],"replies":[{"embeddable":true,"href":"https:\/\/retoelajorge.es\/index.php\/wp-json\/wp\/v2\/comments?post=820"}],"version-history":[{"count":1,"href":"https:\/\/retoelajorge.es\/index.php\/wp-json\/wp\/v2\/posts\/820\/revisions"}],"predecessor-version":[{"id":824,"href":"https:\/\/retoelajorge.es\/index.php\/wp-json\/wp\/v2\/posts\/820\/revisions\/824"}],"wp:featuredmedia":[{"embeddable":true,"href":"https:\/\/retoelajorge.es\/index.php\/wp-json\/wp\/v2\/media\/821"}],"wp:attachment":[{"href":"https:\/\/retoelajorge.es\/index.php\/wp-json\/wp\/v2\/media?parent=820"}],"wp:term":[{"taxonomy":"category","embeddable":true,"href":"https:\/\/retoelajorge.es\/index.php\/wp-json\/wp\/v2\/categories?post=820"},{"taxonomy":"post_tag","embeddable":true,"href":"https:\/\/retoelajorge.es\/index.php\/wp-json\/wp\/v2\/tags?post=820"}],"curies":[{"name":"wp","href":"https:\/\/api.w.org\/{rel}","templated":true}]}}