{"id":865,"date":"2016-05-26T12:24:00","date_gmt":"2016-05-26T12:24:00","guid":{"rendered":"http:\/\/retoelajorge.es\/?p=865"},"modified":"2020-02-19T09:54:36","modified_gmt":"2020-02-19T09:54:36","slug":"partido4ela","status":"publish","type":"post","link":"https:\/\/retoelajorge.es\/index.php\/2016\/05\/26\/partido4ela\/","title":{"rendered":"Partido4ELA"},"content":{"rendered":"\n<p>Nuevo evento a favor de la lucha contra la ELA. Gracias a Granada Club de F\u00fatbol TV y al magn\u00edfico futbolista y mejor persona, Guilherme Siqueira, por la organizaci\u00f3n de un partido de f\u00fatbol para seguir recaudando fondos para la investigaci\u00f3n de esta enfermedad y  continuar dando visibilidad a la misma.<\/p>\n\n\n\n<blockquote class=\"wp-block-quote is-style-default is-layout-flow wp-block-quote-is-layout-flow\"><p><strong>Partido en favor de la Lucha contra la ELA<\/strong><br>Jorge Abarca tiene 43 a\u00f1os y sufre desde 2013 Esclerosis Lateral Amiotr\u00f3fica (ELA). Desde muy joven se interes\u00f3 y practic\u00f3 de manera activa deporte. Se form\u00f3 en la cantera del Granada CF, donde milit\u00f3 hasta juveniles de primer a\u00f1o, jug\u00f3 en Regional Preferente y Primera Andaluza. Amante del deporte, dio el salto al p\u00e1del y le pic\u00f3 el gusanillo de las carreras de monta\u00f1a, participando incluso en varias Copas de Andaluc\u00eda de p\u00e1del, siendo federado hasta que la enfermedad irrumpi\u00f3 en su vida.<br> Los m\u00e9dicos le recomiendan que guarde reposo, pero hasta el momento el caso a los expertos de la medicina ha sido escaso: el pasado verano 2015 realiz\u00f3 el Camino de Santiago desde Granada a lomos de un t\u00e1ndem acompa\u00f1ado de su hermano, y en marzo de 2016 se plant\u00f3 en Sanl\u00facar de Barrameda (C\u00e1diz) tambi\u00e9n en bicicleta, cuatro d\u00edas y m\u00e1s de 400km en las piernas.<br> Todo el deporte que le permite su dolencia lo est\u00e1 practicando y todo con un \u00fanico objetivo: recaudar fondos para la investigaci\u00f3n para poder luchar contra esta cruel enfermedad.<br> Ahora, que empezamos a vislumbrar el verano 2016, la pr\u00f3xima aventura de Abarca es volver a jugar al f\u00fatbol. Pero no de una manera cualquiera, sino rodeado de los mejores. En su mente organizar un partido de f\u00fatbol ben\u00e9fico el pr\u00f3ximo 24 de mayo en Granada, su ciudad natal. Un partido para el que necesitamos su ayuda y que se disputar\u00e1 en el Campo Municipal de Maracena.<br> Dicho encuentro est\u00e1 apadrinado por el actual jugador del Valencia CF (ex de Granada CF, Benfica y Atl\u00e9tico de Madrid) Guilherme Siqueira, que ser\u00e1 uno de los capitanes de los dos equipos. La eterna sonrisa del brasile\u00f1o ser\u00e1 el punto de partida para el nuevo reto de Jorge.<br><\/p><cite>Granada C.F. TV<\/cite><\/blockquote>\n\n\n\n<div class=\"wp-block-image\"><figure class=\"aligncenter size-large\"><img loading=\"lazy\" decoding=\"async\" width=\"1024\" height=\"686\" src=\"https:\/\/retoelajorge.es\/wp-content\/uploads\/2020\/02\/IMG_1041-1024x686.jpg\" alt=\"\" class=\"wp-image-869\" srcset=\"https:\/\/retoelajorge.es\/wp-content\/uploads\/2020\/02\/IMG_1041-1024x686.jpg 1024w, https:\/\/retoelajorge.es\/wp-content\/uploads\/2020\/02\/IMG_1041-300x201.jpg 300w, https:\/\/retoelajorge.es\/wp-content\/uploads\/2020\/02\/IMG_1041-768x515.jpg 768w, https:\/\/retoelajorge.es\/wp-content\/uploads\/2020\/02\/IMG_1041-1536x1029.jpg 1536w, https:\/\/retoelajorge.es\/wp-content\/uploads\/2020\/02\/IMG_1041-2048x1373.jpg 2048w\" sizes=\"auto, (max-width: 1024px) 100vw, 1024px\" \/><figcaption>Jorge con Siqueira y Javier Jim\u00e9nez, vicepresidente del Granada CF<\/figcaption><\/figure><\/div>\n\n\n\n<p>El evento fue todo un \u00e9xito de p\u00fablico y de participaci\u00f3n, algunos de los protagonistas no eran precisamente futbolistas profesionales, como el peque\u00f1o Nicol\u00e1s o algunos familiares y amigos de Jorge.<\/p>\n\n\n\n<figure class=\"wp-block-gallery columns-3 is-cropped wp-block-gallery-1 is-layout-flex wp-block-gallery-is-layout-flex\"><ul class=\"blocks-gallery-grid\"><li class=\"blocks-gallery-item\"><figure><img loading=\"lazy\" decoding=\"async\" width=\"849\" height=\"1024\" src=\"https:\/\/retoelajorge.es\/wp-content\/uploads\/2020\/02\/IMG_0975-849x1024.jpg\" alt=\"\" data-id=\"871\" data-full-url=\"https:\/\/retoelajorge.es\/wp-content\/uploads\/2020\/02\/IMG_0975-scaled.jpg\" data-link=\"https:\/\/retoelajorge.es\/?attachment_id=871\" class=\"wp-image-871\" srcset=\"https:\/\/retoelajorge.es\/wp-content\/uploads\/2020\/02\/IMG_0975-849x1024.jpg 849w, https:\/\/retoelajorge.es\/wp-content\/uploads\/2020\/02\/IMG_0975-249x300.jpg 249w, https:\/\/retoelajorge.es\/wp-content\/uploads\/2020\/02\/IMG_0975-768x927.jpg 768w, https:\/\/retoelajorge.es\/wp-content\/uploads\/2020\/02\/IMG_0975-1273x1536.jpg 1273w, https:\/\/retoelajorge.es\/wp-content\/uploads\/2020\/02\/IMG_0975-1697x2048.jpg 1697w\" sizes=\"auto, (max-width: 849px) 100vw, 849px\" \/><figcaption class=\"blocks-gallery-item__caption\">El gran Javi con su familia<\/figcaption><\/figure><\/li><li class=\"blocks-gallery-item\"><figure><img loading=\"lazy\" decoding=\"async\" width=\"1024\" height=\"694\" src=\"https:\/\/retoelajorge.es\/wp-content\/uploads\/2020\/02\/IMG_0976-1024x694.jpg\" alt=\"\" data-id=\"872\" data-full-url=\"https:\/\/retoelajorge.es\/wp-content\/uploads\/2020\/02\/IMG_0976-scaled.jpg\" data-link=\"https:\/\/retoelajorge.es\/?attachment_id=872\" class=\"wp-image-872\" srcset=\"https:\/\/retoelajorge.es\/wp-content\/uploads\/2020\/02\/IMG_0976-1024x694.jpg 1024w, https:\/\/retoelajorge.es\/wp-content\/uploads\/2020\/02\/IMG_0976-300x203.jpg 300w, https:\/\/retoelajorge.es\/wp-content\/uploads\/2020\/02\/IMG_0976-768x521.jpg 768w, https:\/\/retoelajorge.es\/wp-content\/uploads\/2020\/02\/IMG_0976-1536x1042.jpg 1536w, https:\/\/retoelajorge.es\/wp-content\/uploads\/2020\/02\/IMG_0976-2048x1389.jpg 2048w\" sizes=\"auto, (max-width: 1024px) 100vw, 1024px\" \/><figcaption class=\"blocks-gallery-item__caption\">Familiares de Jorge<\/figcaption><\/figure><\/li><li class=\"blocks-gallery-item\"><figure><img loading=\"lazy\" decoding=\"async\" width=\"1024\" height=\"683\" src=\"https:\/\/retoelajorge.es\/wp-content\/uploads\/2020\/02\/IMG_0981-1024x683.jpg\" alt=\"\" data-id=\"874\" data-full-url=\"https:\/\/retoelajorge.es\/wp-content\/uploads\/2020\/02\/IMG_0981-scaled.jpg\" data-link=\"https:\/\/retoelajorge.es\/?attachment_id=874\" class=\"wp-image-874\" srcset=\"https:\/\/retoelajorge.es\/wp-content\/uploads\/2020\/02\/IMG_0981-1024x683.jpg 1024w, https:\/\/retoelajorge.es\/wp-content\/uploads\/2020\/02\/IMG_0981-300x200.jpg 300w, https:\/\/retoelajorge.es\/wp-content\/uploads\/2020\/02\/IMG_0981-768x512.jpg 768w, https:\/\/retoelajorge.es\/wp-content\/uploads\/2020\/02\/IMG_0981-1536x1024.jpg 1536w, https:\/\/retoelajorge.es\/wp-content\/uploads\/2020\/02\/IMG_0981-2048x1365.jpg 2048w\" sizes=\"auto, (max-width: 1024px) 100vw, 1024px\" \/><figcaption class=\"blocks-gallery-item__caption\">Saludando a Siqueira<\/figcaption><\/figure><\/li><li class=\"blocks-gallery-item\"><figure><img loading=\"lazy\" decoding=\"async\" width=\"1024\" height=\"683\" src=\"https:\/\/retoelajorge.es\/wp-content\/uploads\/2020\/02\/IMG_0993-1024x683.jpg\" alt=\"\" data-id=\"875\" data-full-url=\"https:\/\/retoelajorge.es\/wp-content\/uploads\/2020\/02\/IMG_0993-scaled.jpg\" data-link=\"https:\/\/retoelajorge.es\/?attachment_id=875\" class=\"wp-image-875\" srcset=\"https:\/\/retoelajorge.es\/wp-content\/uploads\/2020\/02\/IMG_0993-1024x683.jpg 1024w, https:\/\/retoelajorge.es\/wp-content\/uploads\/2020\/02\/IMG_0993-300x200.jpg 300w, https:\/\/retoelajorge.es\/wp-content\/uploads\/2020\/02\/IMG_0993-768x512.jpg 768w, https:\/\/retoelajorge.es\/wp-content\/uploads\/2020\/02\/IMG_0993-1536x1024.jpg 1536w, https:\/\/retoelajorge.es\/wp-content\/uploads\/2020\/02\/IMG_0993-2048x1365.jpg 2048w\" sizes=\"auto, (max-width: 1024px) 100vw, 1024px\" \/><figcaption class=\"blocks-gallery-item__caption\">Peque\u00f1o Nicol\u00e1s<\/figcaption><\/figure><\/li><li class=\"blocks-gallery-item\"><figure><img loading=\"lazy\" decoding=\"async\" width=\"1024\" height=\"683\" src=\"https:\/\/retoelajorge.es\/wp-content\/uploads\/2020\/02\/IMG_0995-1024x683.jpg\" alt=\"\" data-id=\"876\" data-full-url=\"https:\/\/retoelajorge.es\/wp-content\/uploads\/2020\/02\/IMG_0995-scaled.jpg\" data-link=\"https:\/\/retoelajorge.es\/?attachment_id=876\" class=\"wp-image-876\" srcset=\"https:\/\/retoelajorge.es\/wp-content\/uploads\/2020\/02\/IMG_0995-1024x683.jpg 1024w, https:\/\/retoelajorge.es\/wp-content\/uploads\/2020\/02\/IMG_0995-300x200.jpg 300w, https:\/\/retoelajorge.es\/wp-content\/uploads\/2020\/02\/IMG_0995-768x512.jpg 768w, https:\/\/retoelajorge.es\/wp-content\/uploads\/2020\/02\/IMG_0995-1536x1024.jpg 1536w, https:\/\/retoelajorge.es\/wp-content\/uploads\/2020\/02\/IMG_0995-2048x1365.jpg 2048w\" sizes=\"auto, (max-width: 1024px) 100vw, 1024px\" \/><figcaption class=\"blocks-gallery-item__caption\">Jorge y Javier Jim\u00e9nez<\/figcaption><\/figure><\/li><li class=\"blocks-gallery-item\"><figure><img loading=\"lazy\" decoding=\"async\" width=\"1024\" height=\"680\" src=\"https:\/\/retoelajorge.es\/wp-content\/uploads\/2020\/02\/IMG_0996-1024x680.jpg\" alt=\"\" data-id=\"877\" data-full-url=\"https:\/\/retoelajorge.es\/wp-content\/uploads\/2020\/02\/IMG_0996-scaled.jpg\" data-link=\"https:\/\/retoelajorge.es\/?attachment_id=877\" class=\"wp-image-877\" srcset=\"https:\/\/retoelajorge.es\/wp-content\/uploads\/2020\/02\/IMG_0996-1024x680.jpg 1024w, https:\/\/retoelajorge.es\/wp-content\/uploads\/2020\/02\/IMG_0996-300x199.jpg 300w, https:\/\/retoelajorge.es\/wp-content\/uploads\/2020\/02\/IMG_0996-768x510.jpg 768w, https:\/\/retoelajorge.es\/wp-content\/uploads\/2020\/02\/IMG_0996-1536x1020.jpg 1536w, https:\/\/retoelajorge.es\/wp-content\/uploads\/2020\/02\/IMG_0996-2048x1360.jpg 2048w\" sizes=\"auto, (max-width: 1024px) 100vw, 1024px\" \/><figcaption class=\"blocks-gallery-item__caption\">Famoso fan del Granada<\/figcaption><\/figure><\/li><li class=\"blocks-gallery-item\"><figure><img loading=\"lazy\" decoding=\"async\" width=\"1024\" height=\"638\" src=\"https:\/\/retoelajorge.es\/wp-content\/uploads\/2020\/02\/IMG_0978-1024x638.jpg\" alt=\"\" data-id=\"873\" data-full-url=\"https:\/\/retoelajorge.es\/wp-content\/uploads\/2020\/02\/IMG_0978-scaled.jpg\" data-link=\"https:\/\/retoelajorge.es\/?attachment_id=873\" class=\"wp-image-873\" srcset=\"https:\/\/retoelajorge.es\/wp-content\/uploads\/2020\/02\/IMG_0978-1024x638.jpg 1024w, https:\/\/retoelajorge.es\/wp-content\/uploads\/2020\/02\/IMG_0978-300x187.jpg 300w, https:\/\/retoelajorge.es\/wp-content\/uploads\/2020\/02\/IMG_0978-768x478.jpg 768w, https:\/\/retoelajorge.es\/wp-content\/uploads\/2020\/02\/IMG_0978-1536x957.jpg 1536w, https:\/\/retoelajorge.es\/wp-content\/uploads\/2020\/02\/IMG_0978-2048x1276.jpg 2048w\" sizes=\"auto, (max-width: 1024px) 100vw, 1024px\" \/><figcaption class=\"blocks-gallery-item__caption\">Jorge con Lucena y el despistado David Barral<\/figcaption><\/figure><\/li><\/ul><\/figure>\n\n\n\n<p>El encuentro transcurri\u00f3 sin incidencias, no hubo que sacar ninguna tarjeta y el resultado no lo recuerdo, puede que al final fuera de empate, pero la victoria se la llev\u00f3 la lucha contra la ELA.<\/p>\n\n\n\n<figure class=\"wp-block-gallery columns-3 is-cropped wp-block-gallery-2 is-layout-flex wp-block-gallery-is-layout-flex\"><ul class=\"blocks-gallery-grid\"><li class=\"blocks-gallery-item\"><figure><img loading=\"lazy\" decoding=\"async\" width=\"1024\" height=\"683\" src=\"https:\/\/retoelajorge.es\/wp-content\/uploads\/2020\/02\/IMG_1024-1024x683.jpg\" alt=\"\" data-id=\"882\" data-full-url=\"https:\/\/retoelajorge.es\/wp-content\/uploads\/2020\/02\/IMG_1024-scaled.jpg\" data-link=\"https:\/\/retoelajorge.es\/?attachment_id=882\" class=\"wp-image-882\" srcset=\"https:\/\/retoelajorge.es\/wp-content\/uploads\/2020\/02\/IMG_1024-1024x683.jpg 1024w, https:\/\/retoelajorge.es\/wp-content\/uploads\/2020\/02\/IMG_1024-300x200.jpg 300w, https:\/\/retoelajorge.es\/wp-content\/uploads\/2020\/02\/IMG_1024-768x512.jpg 768w, https:\/\/retoelajorge.es\/wp-content\/uploads\/2020\/02\/IMG_1024-1536x1024.jpg 1536w, https:\/\/retoelajorge.es\/wp-content\/uploads\/2020\/02\/IMG_1024-2048x1365.jpg 2048w\" sizes=\"auto, (max-width: 1024px) 100vw, 1024px\" \/><\/figure><\/li><li class=\"blocks-gallery-item\"><figure><img loading=\"lazy\" decoding=\"async\" width=\"1024\" height=\"683\" src=\"https:\/\/retoelajorge.es\/wp-content\/uploads\/2020\/02\/IMG_1033-1024x683.jpg\" alt=\"\" data-id=\"884\" data-full-url=\"https:\/\/retoelajorge.es\/wp-content\/uploads\/2020\/02\/IMG_1033-scaled.jpg\" data-link=\"https:\/\/retoelajorge.es\/?attachment_id=884\" class=\"wp-image-884\" srcset=\"https:\/\/retoelajorge.es\/wp-content\/uploads\/2020\/02\/IMG_1033-1024x683.jpg 1024w, https:\/\/retoelajorge.es\/wp-content\/uploads\/2020\/02\/IMG_1033-300x200.jpg 300w, https:\/\/retoelajorge.es\/wp-content\/uploads\/2020\/02\/IMG_1033-768x512.jpg 768w, https:\/\/retoelajorge.es\/wp-content\/uploads\/2020\/02\/IMG_1033-1536x1024.jpg 1536w, https:\/\/retoelajorge.es\/wp-content\/uploads\/2020\/02\/IMG_1033-2048x1365.jpg 2048w\" sizes=\"auto, (max-width: 1024px) 100vw, 1024px\" \/><\/figure><\/li><li class=\"blocks-gallery-item\"><figure><img loading=\"lazy\" decoding=\"async\" width=\"1024\" height=\"633\" src=\"https:\/\/retoelajorge.es\/wp-content\/uploads\/2020\/02\/IMG_1038-1024x633.jpg\" alt=\"\" data-id=\"886\" data-full-url=\"https:\/\/retoelajorge.es\/wp-content\/uploads\/2020\/02\/IMG_1038-scaled.jpg\" data-link=\"https:\/\/retoelajorge.es\/?attachment_id=886\" class=\"wp-image-886\" srcset=\"https:\/\/retoelajorge.es\/wp-content\/uploads\/2020\/02\/IMG_1038-1024x633.jpg 1024w, https:\/\/retoelajorge.es\/wp-content\/uploads\/2020\/02\/IMG_1038-300x185.jpg 300w, https:\/\/retoelajorge.es\/wp-content\/uploads\/2020\/02\/IMG_1038-768x475.jpg 768w, https:\/\/retoelajorge.es\/wp-content\/uploads\/2020\/02\/IMG_1038-1536x950.jpg 1536w, https:\/\/retoelajorge.es\/wp-content\/uploads\/2020\/02\/IMG_1038-2048x1266.jpg 2048w\" sizes=\"auto, (max-width: 1024px) 100vw, 1024px\" \/><\/figure><\/li><li class=\"blocks-gallery-item\"><figure><img loading=\"lazy\" decoding=\"async\" width=\"1024\" height=\"683\" src=\"https:\/\/retoelajorge.es\/wp-content\/uploads\/2020\/02\/IMG_1035-1024x683.jpg\" alt=\"\" data-id=\"885\" data-full-url=\"https:\/\/retoelajorge.es\/wp-content\/uploads\/2020\/02\/IMG_1035-scaled.jpg\" data-link=\"https:\/\/retoelajorge.es\/?attachment_id=885\" class=\"wp-image-885\" srcset=\"https:\/\/retoelajorge.es\/wp-content\/uploads\/2020\/02\/IMG_1035-1024x683.jpg 1024w, https:\/\/retoelajorge.es\/wp-content\/uploads\/2020\/02\/IMG_1035-300x200.jpg 300w, https:\/\/retoelajorge.es\/wp-content\/uploads\/2020\/02\/IMG_1035-768x512.jpg 768w, https:\/\/retoelajorge.es\/wp-content\/uploads\/2020\/02\/IMG_1035-1536x1024.jpg 1536w, https:\/\/retoelajorge.es\/wp-content\/uploads\/2020\/02\/IMG_1035-2048x1365.jpg 2048w\" sizes=\"auto, (max-width: 1024px) 100vw, 1024px\" \/><\/figure><\/li><li class=\"blocks-gallery-item\"><figure><img loading=\"lazy\" decoding=\"async\" width=\"1024\" height=\"683\" src=\"https:\/\/retoelajorge.es\/wp-content\/uploads\/2020\/02\/IMG_1047-1024x683.jpg\" alt=\"\" data-id=\"888\" data-full-url=\"https:\/\/retoelajorge.es\/wp-content\/uploads\/2020\/02\/IMG_1047-scaled.jpg\" data-link=\"https:\/\/retoelajorge.es\/?attachment_id=888\" class=\"wp-image-888\" srcset=\"https:\/\/retoelajorge.es\/wp-content\/uploads\/2020\/02\/IMG_1047-1024x683.jpg 1024w, https:\/\/retoelajorge.es\/wp-content\/uploads\/2020\/02\/IMG_1047-300x200.jpg 300w, https:\/\/retoelajorge.es\/wp-content\/uploads\/2020\/02\/IMG_1047-768x512.jpg 768w, https:\/\/retoelajorge.es\/wp-content\/uploads\/2020\/02\/IMG_1047-1536x1024.jpg 1536w, https:\/\/retoelajorge.es\/wp-content\/uploads\/2020\/02\/IMG_1047-2048x1365.jpg 2048w\" sizes=\"auto, (max-width: 1024px) 100vw, 1024px\" \/><\/figure><\/li><li class=\"blocks-gallery-item\"><figure><img loading=\"lazy\" decoding=\"async\" width=\"1024\" height=\"683\" src=\"https:\/\/retoelajorge.es\/wp-content\/uploads\/2020\/02\/IMG_1044-1024x683.jpg\" alt=\"\" data-id=\"887\" data-full-url=\"https:\/\/retoelajorge.es\/wp-content\/uploads\/2020\/02\/IMG_1044-scaled.jpg\" data-link=\"https:\/\/retoelajorge.es\/?attachment_id=887\" class=\"wp-image-887\" srcset=\"https:\/\/retoelajorge.es\/wp-content\/uploads\/2020\/02\/IMG_1044-1024x683.jpg 1024w, https:\/\/retoelajorge.es\/wp-content\/uploads\/2020\/02\/IMG_1044-300x200.jpg 300w, https:\/\/retoelajorge.es\/wp-content\/uploads\/2020\/02\/IMG_1044-768x512.jpg 768w, https:\/\/retoelajorge.es\/wp-content\/uploads\/2020\/02\/IMG_1044-1536x1024.jpg 1536w, https:\/\/retoelajorge.es\/wp-content\/uploads\/2020\/02\/IMG_1044-2048x1365.jpg 2048w\" sizes=\"auto, (max-width: 1024px) 100vw, 1024px\" \/><\/figure><\/li><li class=\"blocks-gallery-item\"><figure><img loading=\"lazy\" decoding=\"async\" width=\"1024\" height=\"683\" src=\"https:\/\/retoelajorge.es\/wp-content\/uploads\/2020\/02\/IMG_0999-1024x683.jpg\" alt=\"\" data-id=\"879\" data-full-url=\"https:\/\/retoelajorge.es\/wp-content\/uploads\/2020\/02\/IMG_0999-scaled.jpg\" data-link=\"https:\/\/retoelajorge.es\/?attachment_id=879\" class=\"wp-image-879\" srcset=\"https:\/\/retoelajorge.es\/wp-content\/uploads\/2020\/02\/IMG_0999-1024x683.jpg 1024w, https:\/\/retoelajorge.es\/wp-content\/uploads\/2020\/02\/IMG_0999-300x200.jpg 300w, https:\/\/retoelajorge.es\/wp-content\/uploads\/2020\/02\/IMG_0999-768x512.jpg 768w, https:\/\/retoelajorge.es\/wp-content\/uploads\/2020\/02\/IMG_0999-1536x1024.jpg 1536w, https:\/\/retoelajorge.es\/wp-content\/uploads\/2020\/02\/IMG_0999-2048x1365.jpg 2048w\" sizes=\"auto, (max-width: 1024px) 100vw, 1024px\" \/><\/figure><\/li><li class=\"blocks-gallery-item\"><figure><img loading=\"lazy\" decoding=\"async\" width=\"1024\" height=\"682\" src=\"https:\/\/retoelajorge.es\/wp-content\/uploads\/2020\/02\/IMG_1008-1024x682.jpg\" alt=\"\" data-id=\"880\" data-full-url=\"https:\/\/retoelajorge.es\/wp-content\/uploads\/2020\/02\/IMG_1008-scaled.jpg\" data-link=\"https:\/\/retoelajorge.es\/?attachment_id=880\" class=\"wp-image-880\" srcset=\"https:\/\/retoelajorge.es\/wp-content\/uploads\/2020\/02\/IMG_1008-1024x682.jpg 1024w, https:\/\/retoelajorge.es\/wp-content\/uploads\/2020\/02\/IMG_1008-300x200.jpg 300w, https:\/\/retoelajorge.es\/wp-content\/uploads\/2020\/02\/IMG_1008-768x512.jpg 768w, https:\/\/retoelajorge.es\/wp-content\/uploads\/2020\/02\/IMG_1008-1536x1023.jpg 1536w, https:\/\/retoelajorge.es\/wp-content\/uploads\/2020\/02\/IMG_1008-2048x1365.jpg 2048w\" sizes=\"auto, (max-width: 1024px) 100vw, 1024px\" \/><\/figure><\/li><li class=\"blocks-gallery-item\"><figure><img loading=\"lazy\" decoding=\"async\" width=\"1024\" height=\"695\" src=\"https:\/\/retoelajorge.es\/wp-content\/uploads\/2020\/02\/IMG_1027-1024x695.jpg\" alt=\"\" data-id=\"883\" data-full-url=\"https:\/\/retoelajorge.es\/wp-content\/uploads\/2020\/02\/IMG_1027-scaled.jpg\" data-link=\"https:\/\/retoelajorge.es\/?attachment_id=883\" class=\"wp-image-883\" srcset=\"https:\/\/retoelajorge.es\/wp-content\/uploads\/2020\/02\/IMG_1027-1024x695.jpg 1024w, https:\/\/retoelajorge.es\/wp-content\/uploads\/2020\/02\/IMG_1027-300x204.jpg 300w, https:\/\/retoelajorge.es\/wp-content\/uploads\/2020\/02\/IMG_1027-768x521.jpg 768w, https:\/\/retoelajorge.es\/wp-content\/uploads\/2020\/02\/IMG_1027-1536x1043.jpg 1536w, https:\/\/retoelajorge.es\/wp-content\/uploads\/2020\/02\/IMG_1027-2048x1390.jpg 2048w\" sizes=\"auto, (max-width: 1024px) 100vw, 1024px\" \/><\/figure><\/li><li class=\"blocks-gallery-item\"><figure><img loading=\"lazy\" decoding=\"async\" width=\"1024\" height=\"683\" src=\"https:\/\/retoelajorge.es\/wp-content\/uploads\/2020\/02\/IMG_1017-1024x683.jpg\" alt=\"\" data-id=\"881\" data-full-url=\"https:\/\/retoelajorge.es\/wp-content\/uploads\/2020\/02\/IMG_1017-scaled.jpg\" data-link=\"https:\/\/retoelajorge.es\/?attachment_id=881\" class=\"wp-image-881\" srcset=\"https:\/\/retoelajorge.es\/wp-content\/uploads\/2020\/02\/IMG_1017-1024x683.jpg 1024w, https:\/\/retoelajorge.es\/wp-content\/uploads\/2020\/02\/IMG_1017-300x200.jpg 300w, https:\/\/retoelajorge.es\/wp-content\/uploads\/2020\/02\/IMG_1017-768x512.jpg 768w, https:\/\/retoelajorge.es\/wp-content\/uploads\/2020\/02\/IMG_1017-1536x1024.jpg 1536w, https:\/\/retoelajorge.es\/wp-content\/uploads\/2020\/02\/IMG_1017-2048x1365.jpg 2048w\" sizes=\"auto, (max-width: 1024px) 100vw, 1024px\" \/><\/figure><\/li><\/ul><\/figure>\n","protected":false},"excerpt":{"rendered":"<p>Nuevo evento a favor de la lucha contra la ELA. Gracias a Granada Club de F\u00fatbol TV y al magn\u00edfico futbolista y mejor persona, Guilherme Siqueira, por la organizaci\u00f3n de un partido de f\u00fatbol&#8230;<\/p>\n","protected":false},"author":1,"featured_media":866,"comment_status":"open","ping_status":"open","sticky":false,"template":"","format":"standard","meta":{"footnotes":""},"categories":[42,41],"tags":[43,52],"class_list":["post-865","post","type-post","status-publish","format-standard","has-post-thumbnail","hentry","category-eventos","category-solidaridad","tag-ela","tag-futbol"],"yoast_head":"<!-- This site is optimized with the Yoast SEO plugin v26.7 - https:\/\/yoast.com\/wordpress\/plugins\/seo\/ -->\n<title>Partido4ELA - Mis retos por la ELA<\/title>\n<meta name=\"robots\" content=\"index, follow, max-snippet:-1, max-image-preview:large, max-video-preview:-1\" \/>\n<link rel=\"canonical\" href=\"https:\/\/retoelajorge.es\/index.php\/2016\/05\/26\/partido4ela\/\" \/>\n<meta property=\"og:locale\" content=\"es_ES\" \/>\n<meta property=\"og:type\" content=\"article\" \/>\n<meta property=\"og:title\" content=\"Partido4ELA - Mis retos por la ELA\" \/>\n<meta property=\"og:description\" content=\"Nuevo evento a favor de la lucha contra la ELA. Gracias a Granada Club de F\u00fatbol TV y al magn\u00edfico futbolista y mejor persona, Guilherme Siqueira, por la organizaci\u00f3n de un partido de f\u00fatbol...\" \/>\n<meta property=\"og:url\" content=\"https:\/\/retoelajorge.es\/index.php\/2016\/05\/26\/partido4ela\/\" \/>\n<meta property=\"og:site_name\" content=\"Mis retos por la ELA\" \/>\n<meta property=\"article:published_time\" content=\"2016-05-26T12:24:00+00:00\" \/>\n<meta property=\"article:modified_time\" content=\"2020-02-19T09:54:36+00:00\" \/>\n<meta property=\"og:image\" content=\"https:\/\/retoelajorge.es\/wp-content\/uploads\/2020\/02\/59_1.png\" \/>\n\t<meta property=\"og:image:width\" content=\"1246\" \/>\n\t<meta property=\"og:image:height\" content=\"436\" \/>\n\t<meta property=\"og:image:type\" content=\"image\/png\" \/>\n<meta name=\"author\" content=\"retoelajorge\" \/>\n<meta name=\"twitter:card\" content=\"summary_large_image\" \/>\n<meta name=\"twitter:label1\" content=\"Escrito por\" \/>\n\t<meta name=\"twitter:data1\" content=\"retoelajorge\" \/>\n\t<meta name=\"twitter:label2\" content=\"Tiempo de lectura\" \/>\n\t<meta name=\"twitter:data2\" content=\"2 minutos\" \/>\n<script type=\"application\/ld+json\" class=\"yoast-schema-graph\">{\"@context\":\"https:\/\/schema.org\",\"@graph\":[{\"@type\":\"Article\",\"@id\":\"https:\/\/retoelajorge.es\/index.php\/2016\/05\/26\/partido4ela\/#article\",\"isPartOf\":{\"@id\":\"https:\/\/retoelajorge.es\/index.php\/2016\/05\/26\/partido4ela\/\"},\"author\":{\"name\":\"retoelajorge\",\"@id\":\"https:\/\/retoelajorge.es\/#\/schema\/person\/0e209413f2de4fe381eda14e12288b7d\"},\"headline\":\"Partido4ELA\",\"datePublished\":\"2016-05-26T12:24:00+00:00\",\"dateModified\":\"2020-02-19T09:54:36+00:00\",\"mainEntityOfPage\":{\"@id\":\"https:\/\/retoelajorge.es\/index.php\/2016\/05\/26\/partido4ela\/\"},\"wordCount\":495,\"commentCount\":0,\"publisher\":{\"@id\":\"https:\/\/retoelajorge.es\/#organization\"},\"image\":{\"@id\":\"https:\/\/retoelajorge.es\/index.php\/2016\/05\/26\/partido4ela\/#primaryimage\"},\"thumbnailUrl\":\"https:\/\/retoelajorge.es\/wp-content\/uploads\/2020\/02\/59_1.png\",\"keywords\":[\"ELA\",\"F\u00fatbol\"],\"articleSection\":[\"Eventos\",\"Solidaridad\"],\"inLanguage\":\"es\",\"potentialAction\":[{\"@type\":\"CommentAction\",\"name\":\"Comment\",\"target\":[\"https:\/\/retoelajorge.es\/index.php\/2016\/05\/26\/partido4ela\/#respond\"]}]},{\"@type\":\"WebPage\",\"@id\":\"https:\/\/retoelajorge.es\/index.php\/2016\/05\/26\/partido4ela\/\",\"url\":\"https:\/\/retoelajorge.es\/index.php\/2016\/05\/26\/partido4ela\/\",\"name\":\"Partido4ELA - Mis retos por la ELA\",\"isPartOf\":{\"@id\":\"https:\/\/retoelajorge.es\/#website\"},\"primaryImageOfPage\":{\"@id\":\"https:\/\/retoelajorge.es\/index.php\/2016\/05\/26\/partido4ela\/#primaryimage\"},\"image\":{\"@id\":\"https:\/\/retoelajorge.es\/index.php\/2016\/05\/26\/partido4ela\/#primaryimage\"},\"thumbnailUrl\":\"https:\/\/retoelajorge.es\/wp-content\/uploads\/2020\/02\/59_1.png\",\"datePublished\":\"2016-05-26T12:24:00+00:00\",\"dateModified\":\"2020-02-19T09:54:36+00:00\",\"breadcrumb\":{\"@id\":\"https:\/\/retoelajorge.es\/index.php\/2016\/05\/26\/partido4ela\/#breadcrumb\"},\"inLanguage\":\"es\",\"potentialAction\":[{\"@type\":\"ReadAction\",\"target\":[\"https:\/\/retoelajorge.es\/index.php\/2016\/05\/26\/partido4ela\/\"]}]},{\"@type\":\"ImageObject\",\"inLanguage\":\"es\",\"@id\":\"https:\/\/retoelajorge.es\/index.php\/2016\/05\/26\/partido4ela\/#primaryimage\",\"url\":\"https:\/\/retoelajorge.es\/wp-content\/uploads\/2020\/02\/59_1.png\",\"contentUrl\":\"https:\/\/retoelajorge.es\/wp-content\/uploads\/2020\/02\/59_1.png\",\"width\":1246,\"height\":436},{\"@type\":\"BreadcrumbList\",\"@id\":\"https:\/\/retoelajorge.es\/index.php\/2016\/05\/26\/partido4ela\/#breadcrumb\",\"itemListElement\":[{\"@type\":\"ListItem\",\"position\":1,\"name\":\"Portada\",\"item\":\"https:\/\/retoelajorge.es\/\"},{\"@type\":\"ListItem\",\"position\":2,\"name\":\"Partido4ELA\"}]},{\"@type\":\"WebSite\",\"@id\":\"https:\/\/retoelajorge.es\/#website\",\"url\":\"https:\/\/retoelajorge.es\/\",\"name\":\"Mis retos por la ELA\",\"description\":\"Blog de un afectado de ELA\",\"publisher\":{\"@id\":\"https:\/\/retoelajorge.es\/#organization\"},\"potentialAction\":[{\"@type\":\"SearchAction\",\"target\":{\"@type\":\"EntryPoint\",\"urlTemplate\":\"https:\/\/retoelajorge.es\/?s={search_term_string}\"},\"query-input\":{\"@type\":\"PropertyValueSpecification\",\"valueRequired\":true,\"valueName\":\"search_term_string\"}}],\"inLanguage\":\"es\"},{\"@type\":\"Organization\",\"@id\":\"https:\/\/retoelajorge.es\/#organization\",\"name\":\"Mis retos por la ELA\",\"url\":\"https:\/\/retoelajorge.es\/\",\"logo\":{\"@type\":\"ImageObject\",\"inLanguage\":\"es\",\"@id\":\"https:\/\/retoelajorge.es\/#\/schema\/logo\/image\/\",\"url\":\"https:\/\/retoelajorge.es\/wp-content\/uploads\/2020\/02\/Jorge-scaled-e1583395872979.jpg\",\"contentUrl\":\"https:\/\/retoelajorge.es\/wp-content\/uploads\/2020\/02\/Jorge-scaled-e1583395872979.jpg\",\"width\":1900,\"height\":1045,\"caption\":\"Mis retos por la ELA\"},\"image\":{\"@id\":\"https:\/\/retoelajorge.es\/#\/schema\/logo\/image\/\"}},{\"@type\":\"Person\",\"@id\":\"https:\/\/retoelajorge.es\/#\/schema\/person\/0e209413f2de4fe381eda14e12288b7d\",\"name\":\"retoelajorge\",\"image\":{\"@type\":\"ImageObject\",\"inLanguage\":\"es\",\"@id\":\"https:\/\/retoelajorge.es\/#\/schema\/person\/image\/\",\"url\":\"https:\/\/secure.gravatar.com\/avatar\/bdd30a868985f69f97d362fc89c201f7860ec568aa2b42cb67e1ab7857b91971?s=96&d=mm&r=g\",\"contentUrl\":\"https:\/\/secure.gravatar.com\/avatar\/bdd30a868985f69f97d362fc89c201f7860ec568aa2b42cb67e1ab7857b91971?s=96&d=mm&r=g\",\"caption\":\"retoelajorge\"},\"url\":\"https:\/\/retoelajorge.es\/index.php\/author\/admin\/\"}]}<\/script>\n<!-- \/ Yoast SEO plugin. -->","yoast_head_json":{"title":"Partido4ELA - Mis retos por la ELA","robots":{"index":"index","follow":"follow","max-snippet":"max-snippet:-1","max-image-preview":"max-image-preview:large","max-video-preview":"max-video-preview:-1"},"canonical":"https:\/\/retoelajorge.es\/index.php\/2016\/05\/26\/partido4ela\/","og_locale":"es_ES","og_type":"article","og_title":"Partido4ELA - Mis retos por la ELA","og_description":"Nuevo evento a favor de la lucha contra la ELA. Gracias a Granada Club de F\u00fatbol TV y al magn\u00edfico futbolista y mejor persona, Guilherme Siqueira, por la organizaci\u00f3n de un partido de f\u00fatbol...","og_url":"https:\/\/retoelajorge.es\/index.php\/2016\/05\/26\/partido4ela\/","og_site_name":"Mis retos por la ELA","article_published_time":"2016-05-26T12:24:00+00:00","article_modified_time":"2020-02-19T09:54:36+00:00","og_image":[{"width":1246,"height":436,"url":"https:\/\/retoelajorge.es\/wp-content\/uploads\/2020\/02\/59_1.png","type":"image\/png"}],"author":"retoelajorge","twitter_card":"summary_large_image","twitter_misc":{"Escrito por":"retoelajorge","Tiempo de lectura":"2 minutos"},"schema":{"@context":"https:\/\/schema.org","@graph":[{"@type":"Article","@id":"https:\/\/retoelajorge.es\/index.php\/2016\/05\/26\/partido4ela\/#article","isPartOf":{"@id":"https:\/\/retoelajorge.es\/index.php\/2016\/05\/26\/partido4ela\/"},"author":{"name":"retoelajorge","@id":"https:\/\/retoelajorge.es\/#\/schema\/person\/0e209413f2de4fe381eda14e12288b7d"},"headline":"Partido4ELA","datePublished":"2016-05-26T12:24:00+00:00","dateModified":"2020-02-19T09:54:36+00:00","mainEntityOfPage":{"@id":"https:\/\/retoelajorge.es\/index.php\/2016\/05\/26\/partido4ela\/"},"wordCount":495,"commentCount":0,"publisher":{"@id":"https:\/\/retoelajorge.es\/#organization"},"image":{"@id":"https:\/\/retoelajorge.es\/index.php\/2016\/05\/26\/partido4ela\/#primaryimage"},"thumbnailUrl":"https:\/\/retoelajorge.es\/wp-content\/uploads\/2020\/02\/59_1.png","keywords":["ELA","F\u00fatbol"],"articleSection":["Eventos","Solidaridad"],"inLanguage":"es","potentialAction":[{"@type":"CommentAction","name":"Comment","target":["https:\/\/retoelajorge.es\/index.php\/2016\/05\/26\/partido4ela\/#respond"]}]},{"@type":"WebPage","@id":"https:\/\/retoelajorge.es\/index.php\/2016\/05\/26\/partido4ela\/","url":"https:\/\/retoelajorge.es\/index.php\/2016\/05\/26\/partido4ela\/","name":"Partido4ELA - Mis retos por la ELA","isPartOf":{"@id":"https:\/\/retoelajorge.es\/#website"},"primaryImageOfPage":{"@id":"https:\/\/retoelajorge.es\/index.php\/2016\/05\/26\/partido4ela\/#primaryimage"},"image":{"@id":"https:\/\/retoelajorge.es\/index.php\/2016\/05\/26\/partido4ela\/#primaryimage"},"thumbnailUrl":"https:\/\/retoelajorge.es\/wp-content\/uploads\/2020\/02\/59_1.png","datePublished":"2016-05-26T12:24:00+00:00","dateModified":"2020-02-19T09:54:36+00:00","breadcrumb":{"@id":"https:\/\/retoelajorge.es\/index.php\/2016\/05\/26\/partido4ela\/#breadcrumb"},"inLanguage":"es","potentialAction":[{"@type":"ReadAction","target":["https:\/\/retoelajorge.es\/index.php\/2016\/05\/26\/partido4ela\/"]}]},{"@type":"ImageObject","inLanguage":"es","@id":"https:\/\/retoelajorge.es\/index.php\/2016\/05\/26\/partido4ela\/#primaryimage","url":"https:\/\/retoelajorge.es\/wp-content\/uploads\/2020\/02\/59_1.png","contentUrl":"https:\/\/retoelajorge.es\/wp-content\/uploads\/2020\/02\/59_1.png","width":1246,"height":436},{"@type":"BreadcrumbList","@id":"https:\/\/retoelajorge.es\/index.php\/2016\/05\/26\/partido4ela\/#breadcrumb","itemListElement":[{"@type":"ListItem","position":1,"name":"Portada","item":"https:\/\/retoelajorge.es\/"},{"@type":"ListItem","position":2,"name":"Partido4ELA"}]},{"@type":"WebSite","@id":"https:\/\/retoelajorge.es\/#website","url":"https:\/\/retoelajorge.es\/","name":"Mis retos por la ELA","description":"Blog de un afectado de ELA","publisher":{"@id":"https:\/\/retoelajorge.es\/#organization"},"potentialAction":[{"@type":"SearchAction","target":{"@type":"EntryPoint","urlTemplate":"https:\/\/retoelajorge.es\/?s={search_term_string}"},"query-input":{"@type":"PropertyValueSpecification","valueRequired":true,"valueName":"search_term_string"}}],"inLanguage":"es"},{"@type":"Organization","@id":"https:\/\/retoelajorge.es\/#organization","name":"Mis retos por la ELA","url":"https:\/\/retoelajorge.es\/","logo":{"@type":"ImageObject","inLanguage":"es","@id":"https:\/\/retoelajorge.es\/#\/schema\/logo\/image\/","url":"https:\/\/retoelajorge.es\/wp-content\/uploads\/2020\/02\/Jorge-scaled-e1583395872979.jpg","contentUrl":"https:\/\/retoelajorge.es\/wp-content\/uploads\/2020\/02\/Jorge-scaled-e1583395872979.jpg","width":1900,"height":1045,"caption":"Mis retos por la ELA"},"image":{"@id":"https:\/\/retoelajorge.es\/#\/schema\/logo\/image\/"}},{"@type":"Person","@id":"https:\/\/retoelajorge.es\/#\/schema\/person\/0e209413f2de4fe381eda14e12288b7d","name":"retoelajorge","image":{"@type":"ImageObject","inLanguage":"es","@id":"https:\/\/retoelajorge.es\/#\/schema\/person\/image\/","url":"https:\/\/secure.gravatar.com\/avatar\/bdd30a868985f69f97d362fc89c201f7860ec568aa2b42cb67e1ab7857b91971?s=96&d=mm&r=g","contentUrl":"https:\/\/secure.gravatar.com\/avatar\/bdd30a868985f69f97d362fc89c201f7860ec568aa2b42cb67e1ab7857b91971?s=96&d=mm&r=g","caption":"retoelajorge"},"url":"https:\/\/retoelajorge.es\/index.php\/author\/admin\/"}]}},"_links":{"self":[{"href":"https:\/\/retoelajorge.es\/index.php\/wp-json\/wp\/v2\/posts\/865","targetHints":{"allow":["GET"]}}],"collection":[{"href":"https:\/\/retoelajorge.es\/index.php\/wp-json\/wp\/v2\/posts"}],"about":[{"href":"https:\/\/retoelajorge.es\/index.php\/wp-json\/wp\/v2\/types\/post"}],"author":[{"embeddable":true,"href":"https:\/\/retoelajorge.es\/index.php\/wp-json\/wp\/v2\/users\/1"}],"replies":[{"embeddable":true,"href":"https:\/\/retoelajorge.es\/index.php\/wp-json\/wp\/v2\/comments?post=865"}],"version-history":[{"count":5,"href":"https:\/\/retoelajorge.es\/index.php\/wp-json\/wp\/v2\/posts\/865\/revisions"}],"predecessor-version":[{"id":889,"href":"https:\/\/retoelajorge.es\/index.php\/wp-json\/wp\/v2\/posts\/865\/revisions\/889"}],"wp:featuredmedia":[{"embeddable":true,"href":"https:\/\/retoelajorge.es\/index.php\/wp-json\/wp\/v2\/media\/866"}],"wp:attachment":[{"href":"https:\/\/retoelajorge.es\/index.php\/wp-json\/wp\/v2\/media?parent=865"}],"wp:term":[{"taxonomy":"category","embeddable":true,"href":"https:\/\/retoelajorge.es\/index.php\/wp-json\/wp\/v2\/categories?post=865"},{"taxonomy":"post_tag","embeddable":true,"href":"https:\/\/retoelajorge.es\/index.php\/wp-json\/wp\/v2\/tags?post=865"}],"curies":[{"name":"wp","href":"https:\/\/api.w.org\/{rel}","templated":true}]}}